{"id":24365,"date":"2021-07-13T01:56:50","date_gmt":"2021-07-13T01:56:50","guid":{"rendered":"http:\/\/elterritorialweb.com.ar\/web\/?p=24365"},"modified":"2021-07-13T02:02:35","modified_gmt":"2021-07-13T02:02:35","slug":"continuan-con-los-operativos-para-prevenir-el-dengue-en-la-ciudad-capital","status":"publish","type":"post","link":"https:\/\/elterritorialweb.com.ar\/web\/continuan-con-los-operativos-para-prevenir-el-dengue-en-la-ciudad-capital\/","title":{"rendered":"CONTINU\u00c1N CON LOS OPERATIVOS PARA PREVENIR EL DENGUE EN LA CIUDAD CAPITAL"},"content":{"rendered":"\n<p>En este sentido en diferentes barrios de Capital se concretar\u00e1n operativos de sensibilizaci\u00f3n y de eliminaci\u00f3n de inservibles.<\/p>\n\n\n\n<p>Asimismo se solicita a la poblaci\u00f3n involucrada de los siguientes barrios, colaborar con los agentes municipales y trabajadores de la salud, retirando de sus domicilios aquellos elementos innecesarios para evitar la reproducci\u00f3n de larvas del mosquito Aedes Aegypti.<\/p>\n\n\n\n<p>Tal como se viene trabajando hasta el momento, las visitas se realizan en dos oportunidades por sector, en la primera, se sensibiliza y orienta a la comunidad en relaci\u00f3n a la prevenci\u00f3n de la lucha contra el Dengue. Mientras que en la segunda visita, se realiza el descacharreo, que consiste en el control de criaderos y recolecci\u00f3n de muestras de larvas.<\/p>\n\n\n\n<p>Cabe destacar que el cronograma puede verse modificado por cuestiones clim\u00e1ticas.<\/p>\n\n\n\n<p><strong>CRONOGRAMA<\/strong><\/p>\n\n\n\n<p><strong>B\u00b0 Santa Rosa de Lima:<\/strong><\/p>\n\n\n\n<p>12\/07:&nbsp;Sensibilizaci\u00f3n (Calle Andres Rojas, Beatriz Russo e&nbsp;&nbsp;Ing. Santiago Maradona)<\/p>\n\n\n\n<p>13\/07:&nbsp;Descacharreo (Cementerio La Piedad)<\/p>\n\n\n\n<p>14\/07:&nbsp;Sensibilizaci\u00f3n (Calle Romualdo Gauna, Beatriz Russo e&nbsp;&nbsp;Ing. Santiago Maradona)<\/p>\n\n\n\n<p>15\/07 Y 16\/07:&nbsp;Descacharreo (Cementerio La Piedad)<\/p>\n\n\n\n<p>19\/07:&nbsp;Sensibilizaci\u00f3n (Calle Romualdo Gauna, Jos\u00e9 Santill\u00e1n, Beatriz Russo&nbsp;&nbsp;e&nbsp;&nbsp;Ing. Santiago Maradona)<\/p>\n\n\n\n<p>20\/07:&nbsp;-Descacharreo (Cementerio La Piedad)<\/p>\n\n\n\n<p>21\/07:&nbsp;Sensibilizaci\u00f3n (Jos\u00e9 Santill\u00e1n, Beatriz&nbsp;&nbsp;Russo y&nbsp;&nbsp;Julia Luna)<\/p>\n\n\n\n<p>22\/07 Y 223\/07:&nbsp;Descacharreo (Cementerio La Piedad)<\/p>\n\n\n\n<p>26\/07:&nbsp;Sensibilizaci\u00f3n (Ruta 9,&nbsp;&nbsp;Beatriz Russo y&nbsp;&nbsp;Ing. Santiago Maradona)<\/p>\n\n\n\n<p>27\/07:&nbsp;-Descacharreo (Cementerio La Piedad)<\/p>\n\n\n\n<p><strong>B\u00b0 San&nbsp;&nbsp;Jos\u00e9 de Flores<\/strong><\/p>\n\n\n\n<p>28\/07:&nbsp;Sensibilizaci\u00f3n (Calle Guasayan, Figueroa y&nbsp;&nbsp;Robles)<\/p>\n\n\n\n<p>29\/07 y&nbsp;&nbsp;30\/07:&nbsp;-Descacharreo (Cementerio La Piedad)<\/p>\n\n\n\n<p><strong>B\u00b0 Villa del Carmen&nbsp;&nbsp;(Viejo)<\/strong><\/p>\n\n\n\n<p>02\/08:&nbsp;Sensibilizaci\u00f3n (Calle Guasayan, Figueroa, Robles hasta circunvalaci\u00f3n)<\/p>\n\n\n\n<p>03\/08:&nbsp;Descacharreo<\/p>\n\n\n\n<p>04\/08:&nbsp;Sensibilizaci\u00f3n (Delicias, La&nbsp;&nbsp;Capital, Sil\u00edpica y&nbsp;&nbsp;Robles)<\/p>\n\n\n\n<p>05\/08:&nbsp;Descacharreo<\/p>\n\n\n\n<p>&nbsp;09\/08:&nbsp;Sensibilizaci\u00f3n (Sil\u00edpica, La Capital, calle p\u00fablica)<\/p>\n\n\n\n<p>10\/08:&nbsp;Descacharreo<\/p>\n\n\n\n<p>11\/08:&nbsp;Sensibilizaci\u00f3n (Sil\u00edpica, La Capital, Calle p\u00fablica)<\/p>\n\n\n\n<p>12\/08:&nbsp;Descacharreo<\/p>\n","protected":false},"excerpt":{"rendered":"<p>El Ministerio de Salud de la Provincia, a trav\u00e9s de la Direcci\u00f3n de Enfermedades Transmisibles por Vectores y en articulaci\u00f3n con la Direcci\u00f3n de Atenci\u00f3n Primaria para la Salud y la Municipalidad de la Capital, contin\u00faa con las estrategias de trabajo de Saneamiento ambiental, dise\u00f1adas para la prevenci\u00f3n y el control del dengue en la provincia. <\/p>\n","protected":false},"author":2,"featured_media":13546,"comment_status":"open","ping_status":"open","sticky":false,"template":"","format":"standard","meta":{"om_disable_all_campaigns":false,"_monsterinsights_skip_tracking":false,"_monsterinsights_sitenote_active":false,"_monsterinsights_sitenote_note":"","_monsterinsights_sitenote_category":0,"_uf_show_specific_survey":0,"_uf_disable_surveys":false,"jetpack_post_was_ever_published":false,"_jetpack_newsletter_access":"","_jetpack_dont_email_post_to_subs":false,"_jetpack_newsletter_tier_id":0,"_jetpack_memberships_contains_paywalled_content":false,"_jetpack_memberships_contains_paid_content":false,"footnotes":"","jetpack_publicize_message":"","jetpack_publicize_feature_enabled":true,"jetpack_social_post_already_shared":false,"jetpack_social_options":{"image_generator_settings":{"template":"highway","default_image_id":0,"font":"","enabled":false},"version":2}},"categories":[3],"tags":[],"class_list":["post-24365","post","type-post","status-publish","format-standard","has-post-thumbnail","hentry","category-salud"],"aioseo_notices":[],"views":5,"jetpack_publicize_connections":[],"jetpack_featured_media_url":"https:\/\/i0.wp.com\/elterritorialweb.com.ar\/web\/wp-content\/uploads\/2020\/11\/DENGUE.jpg?fit=1032%2C774&ssl=1","jetpack_sharing_enabled":true,"_links":{"self":[{"href":"https:\/\/elterritorialweb.com.ar\/web\/wp-json\/wp\/v2\/posts\/24365","targetHints":{"allow":["GET"]}}],"collection":[{"href":"https:\/\/elterritorialweb.com.ar\/web\/wp-json\/wp\/v2\/posts"}],"about":[{"href":"https:\/\/elterritorialweb.com.ar\/web\/wp-json\/wp\/v2\/types\/post"}],"author":[{"embeddable":true,"href":"https:\/\/elterritorialweb.com.ar\/web\/wp-json\/wp\/v2\/users\/2"}],"replies":[{"embeddable":true,"href":"https:\/\/elterritorialweb.com.ar\/web\/wp-json\/wp\/v2\/comments?post=24365"}],"version-history":[{"count":1,"href":"https:\/\/elterritorialweb.com.ar\/web\/wp-json\/wp\/v2\/posts\/24365\/revisions"}],"predecessor-version":[{"id":24366,"href":"https:\/\/elterritorialweb.com.ar\/web\/wp-json\/wp\/v2\/posts\/24365\/revisions\/24366"}],"wp:featuredmedia":[{"embeddable":true,"href":"https:\/\/elterritorialweb.com.ar\/web\/wp-json\/wp\/v2\/media\/13546"}],"wp:attachment":[{"href":"https:\/\/elterritorialweb.com.ar\/web\/wp-json\/wp\/v2\/media?parent=24365"}],"wp:term":[{"taxonomy":"category","embeddable":true,"href":"https:\/\/elterritorialweb.com.ar\/web\/wp-json\/wp\/v2\/categories?post=24365"},{"taxonomy":"post_tag","embeddable":true,"href":"https:\/\/elterritorialweb.com.ar\/web\/wp-json\/wp\/v2\/tags?post=24365"}],"curies":[{"name":"wp","href":"https:\/\/api.w.org\/{rel}","templated":true}]}}