{"id":24367,"date":"2021-07-13T02:06:19","date_gmt":"2021-07-13T02:06:19","guid":{"rendered":"http:\/\/elterritorialweb.com.ar\/web\/?p=24367"},"modified":"2021-07-13T02:06:20","modified_gmt":"2021-07-13T02:06:20","slug":"coronavirus-importante-operativo-para-cortar-la-cadena-de-contagios-en-la-ciudad-de-frias","status":"publish","type":"post","link":"https:\/\/elterritorialweb.com.ar\/web\/coronavirus-importante-operativo-para-cortar-la-cadena-de-contagios-en-la-ciudad-de-frias\/","title":{"rendered":"CORONAVIRUS: IMPORTANTE OPERATIVO PARA CORTAR LA CADENA DE  CONTAGIOS EN LA CIUDAD DE FR\u00cdAS"},"content":{"rendered":"\n<p>Se trata de una intervenci\u00f3n territorial dispuesta&nbsp; por el Ministerio de Salud en coordinaci\u00f3n con el Municipio de la ciudad de Fr\u00edas, en el que participan los equipos de salud del Hospital Zonal, de la direcci\u00f3n de salud y de distintas \u00e1reas de la cartera sanitaria y de las fuerzas de seguridad. El objetivo es cortar la cadena de contagios en la ciudad.<\/p>\n\n\n\n<p>Con la presencia del subsecretario de Salud, Dr. C\u00e9sar Monti, la directora de Atenci\u00f3n Primaria de la Salud, Dra. Martha Tarchini; el director de Salud Comunitaria, Lic. Ramiro Banco, el director de las USM, Jos\u00e9 Alzogaray, se despliega desde esta ma\u00f1ana un importante operativo que continuar\u00e1 durante esta semana. Tambi\u00e9n estuvieron en la jornada, los equipos t\u00e9cnicos de la direcci\u00f3n del Interior, la referente de la secretar\u00eda de Epidemiolog\u00eda, Dra. Florencia Coronel y la coordinadora de Enfermer\u00eda, Lic Agustina G\u00f3mez.<\/p>\n\n\n\n<p>\u201cEn este momento estamos abocados a buscar,&nbsp; testear y hacer el seguimiento para frenar el incremento de casos en la ciudad\u201d, afirmaron las autoridades.<\/p>\n\n\n\n<figure class=\"wp-block-image size-large\"><a href=\"https:\/\/i0.wp.com\/elterritorialweb.com.ar\/web\/wp-content\/uploads\/2021\/07\/frias-1.jpeg\"><img data-recalc-dims=\"1\" decoding=\"async\" width=\"640\" height=\"311\" data-src=\"https:\/\/i0.wp.com\/elterritorialweb.com.ar\/web\/wp-content\/uploads\/2021\/07\/frias-1.jpeg?resize=640%2C311\" alt=\"\" class=\"wp-image-24369 lazyload\" data-srcset=\"https:\/\/i0.wp.com\/elterritorialweb.com.ar\/web\/wp-content\/uploads\/2021\/07\/frias-1.jpeg?resize=1024%2C498&amp;ssl=1 1024w, https:\/\/i0.wp.com\/elterritorialweb.com.ar\/web\/wp-content\/uploads\/2021\/07\/frias-1.jpeg?resize=300%2C146&amp;ssl=1 300w, https:\/\/i0.wp.com\/elterritorialweb.com.ar\/web\/wp-content\/uploads\/2021\/07\/frias-1.jpeg?resize=768%2C373&amp;ssl=1 768w, https:\/\/i0.wp.com\/elterritorialweb.com.ar\/web\/wp-content\/uploads\/2021\/07\/frias-1.jpeg?w=1152&amp;ssl=1 1152w\" data-sizes=\"(max-width: 640px) 100vw, 640px\" src=\"data:image\/svg+xml;base64,PHN2ZyB3aWR0aD0iMSIgaGVpZ2h0PSIxIiB4bWxucz0iaHR0cDovL3d3dy53My5vcmcvMjAwMC9zdmciPjwvc3ZnPg==\" style=\"--smush-placeholder-width: 640px; --smush-placeholder-aspect-ratio: 640\/311;\" \/><\/a><\/figure>\n\n\n\n<p>Dado el registro sostenido de casos de COVID positivo en los \u00faltimos d\u00edas, se dise\u00f1\u00f3 este operativo sanitario en el que los equipos est\u00e1n recorriendo casa por casa para detectar personas con s\u00edntomas compatible con Covid-19, realizar el diagn\u00f3stico y efectuar seguimiento en caso de resultar positivos.<\/p>\n\n\n\n<p>Adem\u00e1s, para reforzar las tareas de hisopado, se colocaron diversos puntos de diagn\u00f3stico donde se realiza la prueba para la detecci\u00f3n temprana de la enfermedad y se trabaja en la concientizaci\u00f3n de la comunidad sobre las medidas de prevenci\u00f3n.<\/p>\n\n\n\n<p>El trabajo se desarrolla con la colaboraci\u00f3n del equipo de guardavidas; las Unidades Sanitarias M\u00f3viles y la polic\u00eda comunitaria.<\/p>\n\n\n\n<p>Las autoridades del Ministerio de Salud destacaron la importancia del trabajo intersectorial y del compromiso de la comunidad para cortar la cadena de contagios.<\/p>\n","protected":false},"excerpt":{"rendered":"<p>En la ciudad de Fr\u00ecas, departamento Choya, se desarrolla un importante operativo contra el Covid \u2013 19. <\/p>\n","protected":false},"author":2,"featured_media":24368,"comment_status":"open","ping_status":"open","sticky":false,"template":"","format":"standard","meta":{"om_disable_all_campaigns":false,"_monsterinsights_skip_tracking":false,"_monsterinsights_sitenote_active":false,"_monsterinsights_sitenote_note":"","_monsterinsights_sitenote_category":0,"_uf_show_specific_survey":0,"_uf_disable_surveys":false,"jetpack_post_was_ever_published":false,"_jetpack_newsletter_access":"","_jetpack_dont_email_post_to_subs":false,"_jetpack_newsletter_tier_id":0,"_jetpack_memberships_contains_paywalled_content":false,"_jetpack_memberships_contains_paid_content":false,"footnotes":"","jetpack_publicize_message":"","jetpack_publicize_feature_enabled":true,"jetpack_social_post_already_shared":false,"jetpack_social_options":{"image_generator_settings":{"template":"highway","default_image_id":0,"font":"","enabled":false},"version":2}},"categories":[3],"tags":[],"class_list":["post-24367","post","type-post","status-publish","format-standard","has-post-thumbnail","hentry","category-salud"],"aioseo_notices":[],"views":5,"jetpack_publicize_connections":[],"jetpack_featured_media_url":"https:\/\/i0.wp.com\/elterritorialweb.com.ar\/web\/wp-content\/uploads\/2021\/07\/frias-.jpeg?fit=1280%2C960&ssl=1","jetpack_sharing_enabled":true,"_links":{"self":[{"href":"https:\/\/elterritorialweb.com.ar\/web\/wp-json\/wp\/v2\/posts\/24367","targetHints":{"allow":["GET"]}}],"collection":[{"href":"https:\/\/elterritorialweb.com.ar\/web\/wp-json\/wp\/v2\/posts"}],"about":[{"href":"https:\/\/elterritorialweb.com.ar\/web\/wp-json\/wp\/v2\/types\/post"}],"author":[{"embeddable":true,"href":"https:\/\/elterritorialweb.com.ar\/web\/wp-json\/wp\/v2\/users\/2"}],"replies":[{"embeddable":true,"href":"https:\/\/elterritorialweb.com.ar\/web\/wp-json\/wp\/v2\/comments?post=24367"}],"version-history":[{"count":1,"href":"https:\/\/elterritorialweb.com.ar\/web\/wp-json\/wp\/v2\/posts\/24367\/revisions"}],"predecessor-version":[{"id":24370,"href":"https:\/\/elterritorialweb.com.ar\/web\/wp-json\/wp\/v2\/posts\/24367\/revisions\/24370"}],"wp:featuredmedia":[{"embeddable":true,"href":"https:\/\/elterritorialweb.com.ar\/web\/wp-json\/wp\/v2\/media\/24368"}],"wp:attachment":[{"href":"https:\/\/elterritorialweb.com.ar\/web\/wp-json\/wp\/v2\/media?parent=24367"}],"wp:term":[{"taxonomy":"category","embeddable":true,"href":"https:\/\/elterritorialweb.com.ar\/web\/wp-json\/wp\/v2\/categories?post=24367"},{"taxonomy":"post_tag","embeddable":true,"href":"https:\/\/elterritorialweb.com.ar\/web\/wp-json\/wp\/v2\/tags?post=24367"}],"curies":[{"name":"wp","href":"https:\/\/api.w.org\/{rel}","templated":true}]}}