{"id":24371,"date":"2021-07-13T03:00:51","date_gmt":"2021-07-13T03:00:51","guid":{"rendered":"http:\/\/elterritorialweb.com.ar\/web\/?p=24371"},"modified":"2021-07-13T03:11:59","modified_gmt":"2021-07-13T03:11:59","slug":"vuelve-el-transporte-publico-a-santiago-y-la-banda","status":"publish","type":"post","link":"https:\/\/elterritorialweb.com.ar\/web\/vuelve-el-transporte-publico-a-santiago-y-la-banda\/","title":{"rendered":"VUELVE EL TRANSPORTE P\u00daBLICO A SANTIAGO Y LA BANDA"},"content":{"rendered":"\n<p><strong>COMUNICADO COMPLETO<\/strong><\/p>\n\n\n\n<p>1) A partir de este <strong>viernes 16\/07 se habilitar\u00e1 el transporte publico de colectivos<\/strong> en la ciudades de <strong>Santiago y La Banda<\/strong>, incluyendo el interurbano entre ambas ciudades. Es decir las <strong>l\u00edneas urbanas 110,112,114,118,119, 115, 116 y 120<\/strong>; como tambi\u00e9n las l\u00edneas suburbanas (Santiago-Banda) <strong>25, 17 y 21<\/strong>. Todas ellas funcionar\u00e1n todos los d\u00edas (de lunes a Domingo) en el <strong>horario de 6 a 22,30 hs.<\/strong><\/p>\n\n\n\n<p>2) En cuanto al <strong>Transporte Interurbano de pasajeros<\/strong> para el resto de la provincia: <strong>comenzar\u00e1 a funcionar<\/strong> a partir del pr\u00f3ximo <strong>lunes 19\/07<\/strong>, en sus servicios habituales.<\/p>\n\n\n\n<p><strong>Medidas de prevenci\u00f3n:<\/strong> el transporte de pasajeros en todos los casos, s\u00f3lo permite (hasta nueva disposici\u00f3n) pasajeros sentados y cumpliendo todas las medidas de prevenci\u00f3n que establecen los protocolos aprobados por el Ministerio de Salud de la Provincia, c\u00f3mo son el uso correcto del tapaboca o barbijo, y la ventanillas abiertas para el cumplimiento de una correcta aireaci\u00f3n.<\/p>\n\n\n\n<p>Firman: Elias Suarez, Jefe de Gabinete de Ministros &#8211; Natividad Nassif, Ministra de Salud<\/p>\n","protected":false},"excerpt":{"rendered":"<p>Mediante un comunicado de prensa, el Comit\u00e9 de Emergencia inform\u00f3 sobre la habilitaci\u00f3n del transporte p\u00fablico de pasajeros.<\/p>\n","protected":false},"author":2,"featured_media":6313,"comment_status":"open","ping_status":"open","sticky":false,"template":"","format":"standard","meta":{"om_disable_all_campaigns":false,"_monsterinsights_skip_tracking":false,"_monsterinsights_sitenote_active":false,"_monsterinsights_sitenote_note":"","_monsterinsights_sitenote_category":0,"_uf_show_specific_survey":0,"_uf_disable_surveys":false,"jetpack_post_was_ever_published":false,"_jetpack_newsletter_access":"","_jetpack_dont_email_post_to_subs":false,"_jetpack_newsletter_tier_id":0,"_jetpack_memberships_contains_paywalled_content":false,"_jetpack_memberships_contains_paid_content":false,"footnotes":"","jetpack_publicize_message":"","jetpack_publicize_feature_enabled":true,"jetpack_social_post_already_shared":false,"jetpack_social_options":{"image_generator_settings":{"template":"highway","default_image_id":0,"font":"","enabled":false},"version":2}},"categories":[21],"tags":[],"class_list":["post-24371","post","type-post","status-publish","format-standard","has-post-thumbnail","hentry","category-locales"],"aioseo_notices":[],"views":17,"jetpack_publicize_connections":[],"jetpack_featured_media_url":"https:\/\/i0.wp.com\/elterritorialweb.com.ar\/web\/wp-content\/uploads\/2020\/06\/TOMAR-TEPERATURA-EN-COLECTIVO.jpg?fit=960%2C594&ssl=1","jetpack_sharing_enabled":true,"_links":{"self":[{"href":"https:\/\/elterritorialweb.com.ar\/web\/wp-json\/wp\/v2\/posts\/24371","targetHints":{"allow":["GET"]}}],"collection":[{"href":"https:\/\/elterritorialweb.com.ar\/web\/wp-json\/wp\/v2\/posts"}],"about":[{"href":"https:\/\/elterritorialweb.com.ar\/web\/wp-json\/wp\/v2\/types\/post"}],"author":[{"embeddable":true,"href":"https:\/\/elterritorialweb.com.ar\/web\/wp-json\/wp\/v2\/users\/2"}],"replies":[{"embeddable":true,"href":"https:\/\/elterritorialweb.com.ar\/web\/wp-json\/wp\/v2\/comments?post=24371"}],"version-history":[{"count":2,"href":"https:\/\/elterritorialweb.com.ar\/web\/wp-json\/wp\/v2\/posts\/24371\/revisions"}],"predecessor-version":[{"id":24373,"href":"https:\/\/elterritorialweb.com.ar\/web\/wp-json\/wp\/v2\/posts\/24371\/revisions\/24373"}],"wp:featuredmedia":[{"embeddable":true,"href":"https:\/\/elterritorialweb.com.ar\/web\/wp-json\/wp\/v2\/media\/6313"}],"wp:attachment":[{"href":"https:\/\/elterritorialweb.com.ar\/web\/wp-json\/wp\/v2\/media?parent=24371"}],"wp:term":[{"taxonomy":"category","embeddable":true,"href":"https:\/\/elterritorialweb.com.ar\/web\/wp-json\/wp\/v2\/categories?post=24371"},{"taxonomy":"post_tag","embeddable":true,"href":"https:\/\/elterritorialweb.com.ar\/web\/wp-json\/wp\/v2\/tags?post=24371"}],"curies":[{"name":"wp","href":"https:\/\/api.w.org\/{rel}","templated":true}]}}