{"id":24378,"date":"2021-07-13T19:18:55","date_gmt":"2021-07-13T19:18:55","guid":{"rendered":"http:\/\/elterritorialweb.com.ar\/web\/?p=24378"},"modified":"2021-07-13T19:19:04","modified_gmt":"2021-07-13T19:19:04","slug":"santiago-cafiero-presento-el-programa-federal-de-preinversion-para-obras-publicas","status":"publish","type":"post","link":"https:\/\/elterritorialweb.com.ar\/web\/santiago-cafiero-presento-el-programa-federal-de-preinversion-para-obras-publicas\/","title":{"rendered":"SANTIAGO CAFIERO PRESENT\u00d3 EL PROGRAMA FEDERAL DE PREINVERSION PARA OBRAS P\u00daBLICAS"},"content":{"rendered":"\n<p>El jefe de Gabinete, Santiago Cafiero, encabez\u00f3 la presentaci\u00f3n del denominado&nbsp;<strong>Programa Federal de Preinversi\u00f3n<\/strong>, escenario donde destac\u00f3 la recuperaci\u00f3n de la obra p\u00fablica que se realiz\u00f3 durante la gesti\u00f3n de la pandemia y despu\u00e9s de los<strong>&nbsp;\u201cproblemas estructurales\u00bb<\/strong>&nbsp;que dej\u00f3 el Gobierno de Mauricio Macri.<\/p>\n\n\n\n<p>Junto al ministro del Interior, Eduardo &#8216;Wado&#8217; de Pedro, y de Obras P\u00fablicas, Gabriel Katopodis, Cafiero anunci\u00f3 en Casa Rosada la iniciativa por la que Naci\u00f3n destinar\u00e1 1.730 millones de pesos a la realizaci\u00f3n de los llamados \u201cproyectos ejecutivos\u201d que consisten en el dise\u00f1o previo que anteceden a la licitaci\u00f3n de cualquier emprendimiento de envergadura.<\/p>\n\n\n\n<p>Al hacer uso de la palabra, el ministro coordinador destac\u00f3 la\u00a0<strong>\u00edntima relaci\u00f3n que existe entre pol\u00edtica financiera y desarrollo productivo,<\/strong>\u00a0y contrast\u00f3 los altos niveles de endeudamiento y la baja cantidad obra p\u00fablica del macrismo con la estrategia de renegociaci\u00f3n de deudas y crecimiento de los presupuestos que se viene soste ien do en la Presidencia de Alberto Fern\u00e1ndez.<\/p>\n\n\n\n<figure class=\"wp-block-image size-large\"><a href=\"https:\/\/i0.wp.com\/elterritorialweb.com.ar\/web\/wp-content\/uploads\/2021\/07\/cafiero.jpg\"><img data-recalc-dims=\"1\" decoding=\"async\" width=\"640\" height=\"640\" data-src=\"https:\/\/i0.wp.com\/elterritorialweb.com.ar\/web\/wp-content\/uploads\/2021\/07\/cafiero.jpg?resize=640%2C640\" alt=\"\" class=\"wp-image-24380 lazyload\" data-srcset=\"https:\/\/i0.wp.com\/elterritorialweb.com.ar\/web\/wp-content\/uploads\/2021\/07\/cafiero.jpg?resize=1024%2C1024&amp;ssl=1 1024w, https:\/\/i0.wp.com\/elterritorialweb.com.ar\/web\/wp-content\/uploads\/2021\/07\/cafiero.jpg?resize=300%2C300&amp;ssl=1 300w, https:\/\/i0.wp.com\/elterritorialweb.com.ar\/web\/wp-content\/uploads\/2021\/07\/cafiero.jpg?resize=150%2C150&amp;ssl=1 150w, https:\/\/i0.wp.com\/elterritorialweb.com.ar\/web\/wp-content\/uploads\/2021\/07\/cafiero.jpg?resize=768%2C768&amp;ssl=1 768w, https:\/\/i0.wp.com\/elterritorialweb.com.ar\/web\/wp-content\/uploads\/2021\/07\/cafiero.jpg?resize=1536%2C1536&amp;ssl=1 1536w, https:\/\/i0.wp.com\/elterritorialweb.com.ar\/web\/wp-content\/uploads\/2021\/07\/cafiero.jpg?w=1920&amp;ssl=1 1920w, https:\/\/i0.wp.com\/elterritorialweb.com.ar\/web\/wp-content\/uploads\/2021\/07\/cafiero.jpg?w=1280 1280w\" data-sizes=\"(max-width: 640px) 100vw, 640px\" src=\"data:image\/svg+xml;base64,PHN2ZyB3aWR0aD0iMSIgaGVpZ2h0PSIxIiB4bWxucz0iaHR0cDovL3d3dy53My5vcmcvMjAwMC9zdmciPjwvc3ZnPg==\" style=\"--smush-placeholder-width: 640px; --smush-placeholder-aspect-ratio: 640\/640;\" \/><\/a><\/figure>\n\n\n\n<p>\u201cEn 2015 era del 2,7% el presupuesto y pas\u00f3 al 1,1% en 2019. Esto que parece aritm\u00e9tico, no lo es; son las obras que dejaron de hacer, los sue\u00f1os que se postergaron. La Argentina no vive del marketing pol\u00edtico; necesita obras, trabajo y generar producci\u00f3n\u201d, dijo.<\/p>\n\n\n\n<p>Cafiero destac\u00f3 que la renegociaci\u00f3n con los acreedores privados permiti\u00f3 a la Casa Rosada llevar el presupuesto del ministerio que hoy conduce Katopodis al doble del ejercicio anterior y escalar las obras activas de 270 a 1600.<\/p>\n\n\n\n<p>\u201cFuimos resolviendo problemas estructurales que nos dej\u00f3 el gobierno anterior; no es excusa, es una descripci\u00f3n de la realidad. Vencimientos de deuda con acreedores privados que eran el verdadero cepo al desarrollo nacional y de las provincias\u201d, se\u00f1al\u00f3 el ministro coordinador.<\/p>\n\n\n\n<p>En ese mismo sentido, dijo que&nbsp;<strong>ahora est\u00e1 \u201cpor delante\u201d c\u00f3mo resolver la deuda con el FMI&nbsp;<\/strong>y, repitiendo lo que minutos antes hab\u00eda se\u00f1alado De Pedro, subray\u00f3 que el empr\u00e9stito adquirido por la gesti\u00f3n macrista con el organismo multilateral de cr\u00e9dito \u201cno est\u00e1 en puentes ni en viviendas, no fue a parar al desarrollo argentino\u00bb sino que \u00abfue a parar a otro lado, gran parte a la fuga y eso se est\u00e1 investigando\u201d.<\/p>\n\n\n\n<figure class=\"wp-block-image size-large\"><a href=\"https:\/\/i0.wp.com\/elterritorialweb.com.ar\/web\/wp-content\/uploads\/2021\/07\/cafiero-1.jpg\"><img data-recalc-dims=\"1\" decoding=\"async\" width=\"640\" height=\"427\" data-src=\"https:\/\/i0.wp.com\/elterritorialweb.com.ar\/web\/wp-content\/uploads\/2021\/07\/cafiero-1.jpg?resize=640%2C427\" alt=\"\" class=\"wp-image-24381 lazyload\" data-srcset=\"https:\/\/i0.wp.com\/elterritorialweb.com.ar\/web\/wp-content\/uploads\/2021\/07\/cafiero-1.jpg?resize=1024%2C683&amp;ssl=1 1024w, https:\/\/i0.wp.com\/elterritorialweb.com.ar\/web\/wp-content\/uploads\/2021\/07\/cafiero-1.jpg?resize=300%2C200&amp;ssl=1 300w, https:\/\/i0.wp.com\/elterritorialweb.com.ar\/web\/wp-content\/uploads\/2021\/07\/cafiero-1.jpg?resize=768%2C512&amp;ssl=1 768w, https:\/\/i0.wp.com\/elterritorialweb.com.ar\/web\/wp-content\/uploads\/2021\/07\/cafiero-1.jpg?resize=1536%2C1024&amp;ssl=1 1536w, https:\/\/i0.wp.com\/elterritorialweb.com.ar\/web\/wp-content\/uploads\/2021\/07\/cafiero-1.jpg?w=2048&amp;ssl=1 2048w, https:\/\/i0.wp.com\/elterritorialweb.com.ar\/web\/wp-content\/uploads\/2021\/07\/cafiero-1.jpg?w=1280 1280w, https:\/\/i0.wp.com\/elterritorialweb.com.ar\/web\/wp-content\/uploads\/2021\/07\/cafiero-1.jpg?w=1920 1920w\" data-sizes=\"(max-width: 640px) 100vw, 640px\" src=\"data:image\/svg+xml;base64,PHN2ZyB3aWR0aD0iMSIgaGVpZ2h0PSIxIiB4bWxucz0iaHR0cDovL3d3dy53My5vcmcvMjAwMC9zdmciPjwvc3ZnPg==\" style=\"--smush-placeholder-width: 640px; --smush-placeholder-aspect-ratio: 640\/427;\" \/><\/a><\/figure>\n\n\n\n<p><strong>\u201cEl problema no es de este Gobierno; \u00e9ste es un problema de los argentinos; ah\u00ed se juega el destino de los argentinos\u201d<\/strong>, complet\u00f3.<\/p>\n\n\n\n<p>Cafiero destac\u00f3 que el nuevo programa destinar\u00e1 sus fondos apuntando a la \u201cequidad territorial\u201d tal como se hizo con la vacunaci\u00f3n contra el coronavirus para \u201cque haya posibilidades en todo el territorio de desarrollo de inversi\u00f3n\u201d.<\/p>\n\n\n\n<p>\u201cDurante el a\u00f1o pasado gestionamos la pandemia. Ahora estamos gestionando la vacunaci\u00f3n y, mientras hicimos todo eso, recuperamos la obra p\u00fablica. Ahora viene el tiempo de pensar, so\u00f1ar y escribir los proyectos necesarios para poner a la Argentina de pie definitivamente y desarrollar el interior de nuestra patria\u201d, dijo para cerrar su intervenci\u00f3n.<\/p>\n\n\n\n<p>Previamente, el ministro del Interior, celebr\u00f3 la coordinaci\u00f3n en el trabajo realizado y por realizar junto a la cartera que conduce Gabriel Katopodis para as\u00ed cumplir con lo que el Presidente dijo&nbsp;<strong>\u201cdesde el primer d\u00eda\u201d<\/strong>&nbsp;de su gesti\u00f3n sobre la necesidad de \u201ccontinuar con todas las obras que se fueron frenando entre 2015 y 2019\u201d, durante la gesti\u00f3n de Cambiemos, hoy Juntos por el Cambio.<\/p>\n\n\n\n<p>&#8216;Wado&#8217; De Pedro subray\u00f3 entonces la importancia de la distribuci\u00f3n federal \u201cde los presupuestos\u201d para reconstruir el sistema productivo del interior de la Argentina luego de la gesti\u00f3n \u201ccentralista\u201d que mantuvo el macrismo.<\/p>\n\n\n\n<p>Acompa\u00f1ado en el estrado por la secretaria de Provincias, Silvina Batakis, el ministro realz\u00f3 lo realizado durante la pandemia para relevar junto a gobernadores y actores productivos \u201ccu\u00e1les eran las principales obras estrat\u00e9gicas para potenciar la matr\u00edz estrat\u00e9gicas y para diversificarla\u201d.<\/p>\n\n\n\n<figure class=\"wp-block-image size-large\"><a href=\"https:\/\/i0.wp.com\/elterritorialweb.com.ar\/web\/wp-content\/uploads\/2021\/07\/cafiero-2.jpg\"><img data-recalc-dims=\"1\" decoding=\"async\" width=\"640\" height=\"427\" data-src=\"https:\/\/i0.wp.com\/elterritorialweb.com.ar\/web\/wp-content\/uploads\/2021\/07\/cafiero-2.jpg?resize=640%2C427\" alt=\"\" class=\"wp-image-24382 lazyload\" data-srcset=\"https:\/\/i0.wp.com\/elterritorialweb.com.ar\/web\/wp-content\/uploads\/2021\/07\/cafiero-2.jpg?resize=1024%2C683&amp;ssl=1 1024w, https:\/\/i0.wp.com\/elterritorialweb.com.ar\/web\/wp-content\/uploads\/2021\/07\/cafiero-2.jpg?resize=300%2C200&amp;ssl=1 300w, https:\/\/i0.wp.com\/elterritorialweb.com.ar\/web\/wp-content\/uploads\/2021\/07\/cafiero-2.jpg?resize=768%2C512&amp;ssl=1 768w, https:\/\/i0.wp.com\/elterritorialweb.com.ar\/web\/wp-content\/uploads\/2021\/07\/cafiero-2.jpg?resize=1536%2C1024&amp;ssl=1 1536w, https:\/\/i0.wp.com\/elterritorialweb.com.ar\/web\/wp-content\/uploads\/2021\/07\/cafiero-2.jpg?w=2048&amp;ssl=1 2048w, https:\/\/i0.wp.com\/elterritorialweb.com.ar\/web\/wp-content\/uploads\/2021\/07\/cafiero-2.jpg?w=1280 1280w, https:\/\/i0.wp.com\/elterritorialweb.com.ar\/web\/wp-content\/uploads\/2021\/07\/cafiero-2.jpg?w=1920 1920w\" data-sizes=\"(max-width: 640px) 100vw, 640px\" src=\"data:image\/svg+xml;base64,PHN2ZyB3aWR0aD0iMSIgaGVpZ2h0PSIxIiB4bWxucz0iaHR0cDovL3d3dy53My5vcmcvMjAwMC9zdmciPjwvc3ZnPg==\" style=\"--smush-placeholder-width: 640px; --smush-placeholder-aspect-ratio: 640\/427;\" \/><\/a><\/figure>\n\n\n\n<p><strong>\u201cEncontramos 1100 obras estrat\u00e9gicas para potenciar la matriz productiva de la naci\u00f3n.<\/strong>&nbsp;En esa recopilaci\u00f3n de obras, notamos que dos de cada tres obras necesarias no cuenta con proyectos con proyectos ejecutivos\u201d, coment\u00f3 De Pedro y dijo que, \u201cmientras gobern\u00f3 el mejor equipo de los \u00faltimos 50 a\u00f1os, no s\u00f3lo frenaron las obras sino que no hicieron los proyectos\u201d de planificaci\u00f3n.<\/p>\n\n\n\n<p>\u201cEstas 1100 obras, tienen un valor de 40.000 millones de d\u00f3lares, es un monto similar a los que el Gobierno de Cambiemos tom\u00f3 con el FMI. Esos 44 mil millones que todos los argentinos debemos, no est\u00e1n en estas o en otras obras\u201d, aclar\u00f3.<\/p>\n\n\n\n<p>Por su parte, Katopodis se\u00f1al\u00f3 que se est\u00e1 \u201dcreando un fondo para concretar la cartera de proyectos que necesita la Argentina\u201d.<\/p>\n\n\n\n<p>\u201cEn todos los indicadores, en la realidad concreta, hay se\u00f1ales muy claras de que hay un crecimiento econ\u00f3mico por primera vez en tres a\u00f1os. Hay que garantizar que ese crecimiento, y que esos indicadores de crecimiento puedan desarrollarse y distribuirse de manera integral en todo el pa\u00eds\u201d, postul\u00f3.<\/p>\n\n\n\n<figure class=\"wp-block-embed is-type-video is-provider-youtube wp-block-embed-youtube wp-embed-aspect-16-9 wp-has-aspect-ratio\"><div class=\"wp-block-embed__wrapper\">\n<iframe title=\"El jefe de Gabinete present\u00f3 el Programa Federal de Pre-Inversi\u00f3n para obras p\u00fablicas\" width=\"640\" height=\"360\" data-src=\"https:\/\/www.youtube.com\/embed\/guITyJn1OgU?feature=oembed\" frameborder=\"0\" allow=\"accelerometer; autoplay; clipboard-write; encrypted-media; gyroscope; picture-in-picture; web-share\" referrerpolicy=\"strict-origin-when-cross-origin\" allowfullscreen src=\"data:image\/svg+xml;base64,PHN2ZyB3aWR0aD0iMSIgaGVpZ2h0PSIxIiB4bWxucz0iaHR0cDovL3d3dy53My5vcmcvMjAwMC9zdmciPjwvc3ZnPg==\" class=\"lazyload\" data-load-mode=\"1\"><\/iframe>\n<\/div><\/figure>\n","protected":false},"excerpt":{"rendered":"<p>El Jefe de Gabinete anunci\u00f3 en la Casa Rosada la iniciativa por la que Naci\u00f3n destinar\u00e1 1.730 millones de pesos a la realizaci\u00f3n de los llamados \u201cproyectos ejecutivos\u201d que consisten en el dise\u00f1o previo que anteceden a la licitaci\u00f3n de cualquier emprendimiento de envergadura.<\/p>\n","protected":false},"author":2,"featured_media":24379,"comment_status":"open","ping_status":"open","sticky":false,"template":"","format":"standard","meta":{"om_disable_all_campaigns":false,"_monsterinsights_skip_tracking":false,"_monsterinsights_sitenote_active":false,"_monsterinsights_sitenote_note":"","_monsterinsights_sitenote_category":0,"_uf_show_specific_survey":0,"_uf_disable_surveys":false,"jetpack_post_was_ever_published":false,"_jetpack_newsletter_access":"","_jetpack_dont_email_post_to_subs":false,"_jetpack_newsletter_tier_id":0,"_jetpack_memberships_contains_paywalled_content":false,"_jetpack_memberships_contains_paid_content":false,"footnotes":"","jetpack_publicize_message":"","jetpack_publicize_feature_enabled":true,"jetpack_social_post_already_shared":false,"jetpack_social_options":{"image_generator_settings":{"template":"highway","default_image_id":0,"font":"","enabled":false},"version":2}},"categories":[18],"tags":[],"class_list":["post-24378","post","type-post","status-publish","format-standard","has-post-thumbnail","hentry","category-politica"],"aioseo_notices":[],"views":4,"jetpack_publicize_connections":[],"jetpack_featured_media_url":"https:\/\/i0.wp.com\/elterritorialweb.com.ar\/web\/wp-content\/uploads\/2021\/07\/cafiero-3.jpg?fit=2048%2C1365&ssl=1","jetpack_sharing_enabled":true,"_links":{"self":[{"href":"https:\/\/elterritorialweb.com.ar\/web\/wp-json\/wp\/v2\/posts\/24378","targetHints":{"allow":["GET"]}}],"collection":[{"href":"https:\/\/elterritorialweb.com.ar\/web\/wp-json\/wp\/v2\/posts"}],"about":[{"href":"https:\/\/elterritorialweb.com.ar\/web\/wp-json\/wp\/v2\/types\/post"}],"author":[{"embeddable":true,"href":"https:\/\/elterritorialweb.com.ar\/web\/wp-json\/wp\/v2\/users\/2"}],"replies":[{"embeddable":true,"href":"https:\/\/elterritorialweb.com.ar\/web\/wp-json\/wp\/v2\/comments?post=24378"}],"version-history":[{"count":1,"href":"https:\/\/elterritorialweb.com.ar\/web\/wp-json\/wp\/v2\/posts\/24378\/revisions"}],"predecessor-version":[{"id":24383,"href":"https:\/\/elterritorialweb.com.ar\/web\/wp-json\/wp\/v2\/posts\/24378\/revisions\/24383"}],"wp:featuredmedia":[{"embeddable":true,"href":"https:\/\/elterritorialweb.com.ar\/web\/wp-json\/wp\/v2\/media\/24379"}],"wp:attachment":[{"href":"https:\/\/elterritorialweb.com.ar\/web\/wp-json\/wp\/v2\/media?parent=24378"}],"wp:term":[{"taxonomy":"category","embeddable":true,"href":"https:\/\/elterritorialweb.com.ar\/web\/wp-json\/wp\/v2\/categories?post=24378"},{"taxonomy":"post_tag","embeddable":true,"href":"https:\/\/elterritorialweb.com.ar\/web\/wp-json\/wp\/v2\/tags?post=24378"}],"curies":[{"name":"wp","href":"https:\/\/api.w.org\/{rel}","templated":true}]}}