{"id":24390,"date":"2021-07-14T01:43:43","date_gmt":"2021-07-14T01:43:43","guid":{"rendered":"http:\/\/elterritorialweb.com.ar\/web\/?p=24390"},"modified":"2021-07-14T01:43:44","modified_gmt":"2021-07-14T01:43:44","slug":"centros-de-salud-del-interior-provincial-tendran-su-poblacion-georreferenciada","status":"publish","type":"post","link":"https:\/\/elterritorialweb.com.ar\/web\/centros-de-salud-del-interior-provincial-tendran-su-poblacion-georreferenciada\/","title":{"rendered":"CENTROS DE SALUD DEL INTERIOR PROVINCIAL TENDR\u00c1N SU POBLACI\u00d3N GEORREFERENCIADA"},"content":{"rendered":"\n<p>Este encuentro se realiz\u00f3 en el Centro de Convenciones FORUM con la presencia de la Coordinadora del Programa Sumar, Dra. Luc\u00eda Abdulajad; directora del Interior, Dra. Graciela Alsogaray, secretario de Ciencia y Tecnolog\u00eda, Ing. Adri\u00e1n Su\u00e1rez y director de Gesti\u00f3n P\u00fablica, Ricardo Montenegro. Acompa\u00f1aron, la Dra. Guadalupe Araujo, responsable del Programa Proteger; Dr. Luis Orellana, en representaci\u00f3n del programa Redes y el Lic. Gonzalo Teran en representaci\u00f3n de la Direcci\u00f3n de APS.<\/p>\n\n\n\n<p>La jornada de trabajo estuvo destinada a directores\/as y supervisores\/as de los hospitales de Nueva Esperanza, El Bobadal, Pozo Hondo, El Moj\u00f3n, San Jos\u00e9 del Boquer\u00f3n, Monte Quemado, Pampa de los Guanacos, Los Pirpintos, Campo Gallo y Santos Lugares y tuvo como objetivo fortalecer los trabajos de georreferenciaci\u00f3n de la poblaci\u00f3n que se viene llevando adelante desde cada centro de salud hacia todo el territorio provincial.<\/p>\n\n\n\n<p>La coordinadora del Programa Sumar, expres\u00f3 que desde el Ministerio Provincial y como estrategia de la regi\u00f3n, se viene llevando adelante \u201cun trabajo muy arduo en lo que respecta a la georreferenciaci\u00f3n de la poblaci\u00f3n que tiene a su cargo cada centro de salud\u201d y agreg\u00f3 en este sentido, que se trata de una \u201cherramienta que viene a mejorar lo que siempre se ha hecho desde los centros de salud que es la cartograf\u00eda anal\u00f3gica en papel\u201d, ahora en formato digital. Con esto, se obtendr\u00e1 \u201cuna mayor informaci\u00f3n en tiempo oportuno\u201d, dijo Abdulajad y se\u00f1al\u00f3 que \u201ces el resultado de un trabajo de a\u00f1os coordinado entre t\u00e9cnicos de los programas, supervisores y agentes sanitarios, incluso articulando con otros ministerios\u201d.<\/p>\n\n\n\n<p>&nbsp;Con respecto a c\u00f3mo ser\u00e1 el trabajo de la georreferenciaci\u00f3n, Abdulajad explic\u00f3 que \u201cEl programa Sumar, implement\u00f3 una aplicaci\u00f3n para digitalizar el \u00e1rea que los agentes sanitarios tienen bajo su responsabilidad, all\u00ed se puede geolocalizar a las personas que est\u00e1n a su cargo\u201d y agreg\u00f3 \u201cla funci\u00f3n principal es poner la mirada de lo que podemos trabajar en terreno. Trabajar en APS es trabajar en promoci\u00f3n y prevenci\u00f3n de la salud y tratar de evacuar problemas&nbsp; de baja complejidad y ser referencia para poder derivar a otro centro de salud de mayor envergadura\u201d.<\/p>\n\n\n\n<p>Por su parte, Ricardo Montenegro de la Secretar\u00eda de Desarrollo, Ciencia, Tecnolog\u00eda y Gesti\u00f3n P\u00fablica, se refiri\u00f3 a la importancia del trabajo articulado y subray\u00f3 que se trabaja desde una \u201cconcepci\u00f3n de gobierno abierto, sobre todo de democratizaci\u00f3n de la informaci\u00f3n y de acceso donde los datos son esenciales en todos los hospitales\u201d. Se trata de \u201cacceder al conocimiento del territorio, como una construcci\u00f3n social, multisectorial y con otras instituciones, definiendo estrategias para que llegue la salud y el desarrollo sobre todo a los que menos tienen\u201d, afirm\u00f3.<\/p>\n\n\n\n<p>Para finalizar, Dra. Graciela Alzogaray, directora del Interior del Ministerio de Salud, expres\u00f3 que \u201cAPS es la estrategia que nos atraviesa en todos los sentidos y poder llevar esto al interior es poder sumar lo que significa un dato, tanto en el Interior como en el Ministerio\u201d, resalt\u00f3 y destac\u00f3 que \u201cesto es un proyecto de estructura, de hacer las cosas sin pensar tanto en la emergencia. Es desarrollo\u201d.<\/p>\n\n\n\n<p>Para cerrar la jornada, se explic\u00f3 que la provincia est\u00e1 dividida en 4 grandes \u00e1reas de salud y desde el Ministerio se plantea la necesidad de poder llegar a que cada centro de salud, posta sanitaria, hospital, o upa. &nbsp;<\/p>\n","protected":false},"excerpt":{"rendered":"<p>El Ministerio de Salud de la Provincia, a trav\u00e9s de la Direcci\u00f3n del Interior, la Direcci\u00f3n de Atenci\u00f3n Primaria de la Salud y en articulaci\u00f3n con los programas nacionales Sumar, Redes y Proteger, concret\u00f3 la Jornada de Trabajo para la Digitalizaci\u00f3n de las \u00c1reas de Responsabilidad Sanitaria de los Centros de Salud, de la que tambi\u00e9n participaron integrantes de la Secretaria de Desarrollo, Ciencia, Tecnolog\u00eda y Gesti\u00f3n P\u00fablica.<\/p>\n","protected":false},"author":2,"featured_media":24391,"comment_status":"open","ping_status":"open","sticky":false,"template":"","format":"standard","meta":{"om_disable_all_campaigns":false,"_monsterinsights_skip_tracking":false,"_monsterinsights_sitenote_active":false,"_monsterinsights_sitenote_note":"","_monsterinsights_sitenote_category":0,"_uf_show_specific_survey":0,"_uf_disable_surveys":false,"jetpack_post_was_ever_published":false,"_jetpack_newsletter_access":"","_jetpack_dont_email_post_to_subs":false,"_jetpack_newsletter_tier_id":0,"_jetpack_memberships_contains_paywalled_content":false,"_jetpack_memberships_contains_paid_content":false,"footnotes":"","jetpack_publicize_message":"","jetpack_publicize_feature_enabled":true,"jetpack_social_post_already_shared":false,"jetpack_social_options":{"image_generator_settings":{"template":"highway","default_image_id":0,"font":"","enabled":false},"version":2}},"categories":[3],"tags":[],"class_list":["post-24390","post","type-post","status-publish","format-standard","has-post-thumbnail","hentry","category-salud"],"aioseo_notices":[],"views":3,"jetpack_publicize_connections":[],"jetpack_featured_media_url":"https:\/\/i0.wp.com\/elterritorialweb.com.ar\/web\/wp-content\/uploads\/2021\/07\/centros-de-salud-.jpg?fit=960%2C720&ssl=1","jetpack_sharing_enabled":true,"_links":{"self":[{"href":"https:\/\/elterritorialweb.com.ar\/web\/wp-json\/wp\/v2\/posts\/24390","targetHints":{"allow":["GET"]}}],"collection":[{"href":"https:\/\/elterritorialweb.com.ar\/web\/wp-json\/wp\/v2\/posts"}],"about":[{"href":"https:\/\/elterritorialweb.com.ar\/web\/wp-json\/wp\/v2\/types\/post"}],"author":[{"embeddable":true,"href":"https:\/\/elterritorialweb.com.ar\/web\/wp-json\/wp\/v2\/users\/2"}],"replies":[{"embeddable":true,"href":"https:\/\/elterritorialweb.com.ar\/web\/wp-json\/wp\/v2\/comments?post=24390"}],"version-history":[{"count":1,"href":"https:\/\/elterritorialweb.com.ar\/web\/wp-json\/wp\/v2\/posts\/24390\/revisions"}],"predecessor-version":[{"id":24392,"href":"https:\/\/elterritorialweb.com.ar\/web\/wp-json\/wp\/v2\/posts\/24390\/revisions\/24392"}],"wp:featuredmedia":[{"embeddable":true,"href":"https:\/\/elterritorialweb.com.ar\/web\/wp-json\/wp\/v2\/media\/24391"}],"wp:attachment":[{"href":"https:\/\/elterritorialweb.com.ar\/web\/wp-json\/wp\/v2\/media?parent=24390"}],"wp:term":[{"taxonomy":"category","embeddable":true,"href":"https:\/\/elterritorialweb.com.ar\/web\/wp-json\/wp\/v2\/categories?post=24390"},{"taxonomy":"post_tag","embeddable":true,"href":"https:\/\/elterritorialweb.com.ar\/web\/wp-json\/wp\/v2\/tags?post=24390"}],"curies":[{"name":"wp","href":"https:\/\/api.w.org\/{rel}","templated":true}]}}