{"id":24400,"date":"2021-07-14T02:12:14","date_gmt":"2021-07-14T02:12:14","guid":{"rendered":"http:\/\/elterritorialweb.com.ar\/web\/?p=24400"},"modified":"2021-07-14T02:12:14","modified_gmt":"2021-07-14T02:12:14","slug":"nuevos-turnos-de-vacunacion-covid-en-capital-y-banda","status":"publish","type":"post","link":"https:\/\/elterritorialweb.com.ar\/web\/nuevos-turnos-de-vacunacion-covid-en-capital-y-banda\/","title":{"rendered":"NUEVOS TURNOS DE VACUNACI\u00d3N COVID EN CAPITAL Y BANDA"},"content":{"rendered":"\n<p>El Ministerio de Salud informa nuevas jornadas de vacunaci\u00f3n para esta semana con segundas y primeras dosis, avanzando as\u00ed en el Plan de Vacunaci\u00f3n que ya lleva m\u00e1s de 516.000 dosis colocadas.<\/p>\n\n\n\n<p>Este jueves 15 y viernes 16 de julio se vacunar\u00e1 con segunda dosis de AstraZeneca\/Covishield a las personas de todas las edades que recibieron la primera dosis hasta el 15 de Mayo. Los lugares de vacunaci\u00f3n ser\u00e1n:<\/p>\n\n\n\n<p>-Club de Veteranos de 9 a 15 hs (Ciudad Capital)<\/p>\n\n\n\n<p>\u00b7-Club Ol\u00edmpico de 9 a 13.30 hs (La Banda)<\/p>\n\n\n\n<p>Tambi\u00e9n se vacunar\u00e1n las personas de todas las edades que recibieron primera dosis de Sinopharm hasta el 15 de junio. Los lugares de vacunaci\u00f3n ser\u00e1n:<\/p>\n\n\n\n<p>-Club Independiente de 9 a 15 hs (Ciudad Capital)<\/p>\n\n\n\n<p>\u00b7-Club Ol\u00edmpico de 9 a 13.30 hs (Ciudad de La Banda)<\/p>\n\n\n\n<p>Los turnos ya se encuentran disponibles en&nbsp;<a href=\"https:\/\/vacunarse.sde.gob.ar\/\" target=\"_blank\" rel=\"noreferrer noopener\">https:\/\/vacunarse.sde.gob.ar<\/a><\/p>\n\n\n\n<p>Los j\u00f3venes de 20, 21 y&nbsp;&nbsp;22 a\u00f1os recibir\u00e1n su primera dosis entre los d\u00edas jueves 15 y viernes 16 de julio de 9 a 15 hs.&nbsp;en los siguiente clubes:<\/p>\n\n\n\n<p><strong>Capital<\/strong><\/p>\n\n\n\n<p>Club Coronel Borges<\/p>\n\n\n\n<p class=\"has-text-align-left\">Club Sportivo Col\u00f3n<\/p>\n\n\n\n<p class=\"has-text-align-left\">Club Nicol\u00e1s Avellaneda<\/p>\n\n\n\n<p class=\"has-text-align-left\">Club Juventud<\/p>\n\n\n\n<p class=\"has-text-align-left\">Club Belgrano<\/p>\n\n\n\n<p class=\"has-text-align-left\">Club Dorrego<\/p>\n\n\n\n<p class=\"has-text-align-left\">Club Almirante Browm<\/p>\n\n\n\n<p class=\"has-text-align-left\">Club Villa Hortencia<\/p>\n\n\n\n<p class=\"has-text-align-left\">CIC Campo Contreras<\/p>\n\n\n\n<p><strong>La Banda<\/strong><\/p>\n\n\n\n<p>Sindicato de Aceiteros y desmontadores<\/p>\n\n\n\n<p>Club Tiro Federal<\/p>\n\n\n\n<p>SUM Escuela Normal<\/p>\n\n\n\n<p>Los turnos estar\u00e1n disponibles en&nbsp;<a href=\"https:\/\/vacunarse.sde.gob.ar\/\" target=\"_blank\" rel=\"noreferrer noopener\">https:\/\/vacunarse.sde.gob.ar<\/a>&nbsp;a partir del 14 de julio<\/p>\n","protected":false},"excerpt":{"rendered":"<p>Se anuncian nuevos turnos de vacunaci\u00f3n para j\u00f3venes de 20 a 22 a\u00f1os y segunda dosis de Sinopharm y Astraz\u00e9neca en Capital y La Banda.<\/p>\n","protected":false},"author":2,"featured_media":19693,"comment_status":"open","ping_status":"open","sticky":false,"template":"","format":"standard","meta":{"om_disable_all_campaigns":false,"_monsterinsights_skip_tracking":false,"_monsterinsights_sitenote_active":false,"_monsterinsights_sitenote_note":"","_monsterinsights_sitenote_category":0,"_uf_show_specific_survey":0,"_uf_disable_surveys":false,"jetpack_post_was_ever_published":false,"_jetpack_newsletter_access":"","_jetpack_dont_email_post_to_subs":false,"_jetpack_newsletter_tier_id":0,"_jetpack_memberships_contains_paywalled_content":false,"_jetpack_memberships_contains_paid_content":false,"footnotes":"","jetpack_publicize_message":"","jetpack_publicize_feature_enabled":true,"jetpack_social_post_already_shared":false,"jetpack_social_options":{"image_generator_settings":{"template":"highway","default_image_id":0,"font":"","enabled":false},"version":2}},"categories":[3],"tags":[],"class_list":["post-24400","post","type-post","status-publish","format-standard","has-post-thumbnail","hentry","category-salud"],"aioseo_notices":[],"views":5,"jetpack_publicize_connections":[],"jetpack_featured_media_url":"https:\/\/i0.wp.com\/elterritorialweb.com.ar\/web\/wp-content\/uploads\/2021\/04\/REPORTE-DIARIO-4-DE-ABRIL.jpg?fit=780%2C1040&ssl=1","jetpack_sharing_enabled":true,"_links":{"self":[{"href":"https:\/\/elterritorialweb.com.ar\/web\/wp-json\/wp\/v2\/posts\/24400","targetHints":{"allow":["GET"]}}],"collection":[{"href":"https:\/\/elterritorialweb.com.ar\/web\/wp-json\/wp\/v2\/posts"}],"about":[{"href":"https:\/\/elterritorialweb.com.ar\/web\/wp-json\/wp\/v2\/types\/post"}],"author":[{"embeddable":true,"href":"https:\/\/elterritorialweb.com.ar\/web\/wp-json\/wp\/v2\/users\/2"}],"replies":[{"embeddable":true,"href":"https:\/\/elterritorialweb.com.ar\/web\/wp-json\/wp\/v2\/comments?post=24400"}],"version-history":[{"count":1,"href":"https:\/\/elterritorialweb.com.ar\/web\/wp-json\/wp\/v2\/posts\/24400\/revisions"}],"predecessor-version":[{"id":24401,"href":"https:\/\/elterritorialweb.com.ar\/web\/wp-json\/wp\/v2\/posts\/24400\/revisions\/24401"}],"wp:featuredmedia":[{"embeddable":true,"href":"https:\/\/elterritorialweb.com.ar\/web\/wp-json\/wp\/v2\/media\/19693"}],"wp:attachment":[{"href":"https:\/\/elterritorialweb.com.ar\/web\/wp-json\/wp\/v2\/media?parent=24400"}],"wp:term":[{"taxonomy":"category","embeddable":true,"href":"https:\/\/elterritorialweb.com.ar\/web\/wp-json\/wp\/v2\/categories?post=24400"},{"taxonomy":"post_tag","embeddable":true,"href":"https:\/\/elterritorialweb.com.ar\/web\/wp-json\/wp\/v2\/tags?post=24400"}],"curies":[{"name":"wp","href":"https:\/\/api.w.org\/{rel}","templated":true}]}}