{"id":24402,"date":"2021-07-14T02:37:26","date_gmt":"2021-07-14T02:37:26","guid":{"rendered":"http:\/\/elterritorialweb.com.ar\/web\/?p=24402"},"modified":"2021-07-14T02:37:27","modified_gmt":"2021-07-14T02:37:27","slug":"fernandez-anuncio-un-bono-de-5-000-para-jubilados","status":"publish","type":"post","link":"https:\/\/elterritorialweb.com.ar\/web\/fernandez-anuncio-un-bono-de-5-000-para-jubilados\/","title":{"rendered":"FERN\u00c1NDEZ ANUNCI\u00d3 UN BONO DE $ 5.000 PARA JUBILADOS"},"content":{"rendered":"\n<p>\u201cTenemos que trabajar mucho para frenar a los que especulan con los precios y nos preocupa particularmente la situaci\u00f3n de los jubilados y de las jubiladas porque no queremos que sean la variable de ajuste\u201d, se\u00f1al\u00f3 el Presidente.<\/p>\n\n\n\n<p>Y, ante representantes de m\u00e1s de 30 centros de jubilados y jubiladas, prometi\u00f3: \u201cHasta el \u00faltimo d\u00eda de mi gobierno trabajar\u00e9 para que ustedes tengan la protecci\u00f3n que se merecen. Y s\u00e9 que lo vamos a hacer, estoy seguro\u201d.<\/p>\n\n\n\n<p>En ese sentido, destac\u00f3 que \u201clas primeras vacunas fueron para los adultos mayores porque eran los que estaban en riesgo y los cuidamos, del mismo modo como cuando al comienzo de la pandemia les dijimos que por favor se quedaran en sus casas porque corr\u00edan riesgo de contagiarse\u201d.<\/p>\n\n\n\n<p>\u201cNosotros somos el gobierno de todos y de todas, de cada uno de nosotros, y todos hacemos falta en la gesti\u00f3n de levantar la Argentina, aqu\u00ed nadie sobra, todos necesitamos del otro y de la otra, todos y todas unidos\u201d, remarc\u00f3 el mandatario.<\/p>\n\n\n\n<figure class=\"wp-block-image size-large\"><a href=\"https:\/\/i0.wp.com\/elterritorialweb.com.ar\/web\/wp-content\/uploads\/2021\/07\/ECO_8134.jpg\"><img data-recalc-dims=\"1\" decoding=\"async\" width=\"640\" height=\"426\" data-src=\"https:\/\/i0.wp.com\/elterritorialweb.com.ar\/web\/wp-content\/uploads\/2021\/07\/ECO_8134.jpg?resize=640%2C426\" alt=\"\" class=\"wp-image-24404 lazyload\" data-srcset=\"https:\/\/i0.wp.com\/elterritorialweb.com.ar\/web\/wp-content\/uploads\/2021\/07\/ECO_8134.jpg?resize=1024%2C682&amp;ssl=1 1024w, https:\/\/i0.wp.com\/elterritorialweb.com.ar\/web\/wp-content\/uploads\/2021\/07\/ECO_8134.jpg?resize=300%2C200&amp;ssl=1 300w, https:\/\/i0.wp.com\/elterritorialweb.com.ar\/web\/wp-content\/uploads\/2021\/07\/ECO_8134.jpg?resize=768%2C512&amp;ssl=1 768w, https:\/\/i0.wp.com\/elterritorialweb.com.ar\/web\/wp-content\/uploads\/2021\/07\/ECO_8134.jpg?resize=1536%2C1024&amp;ssl=1 1536w, https:\/\/i0.wp.com\/elterritorialweb.com.ar\/web\/wp-content\/uploads\/2021\/07\/ECO_8134.jpg?w=2000&amp;ssl=1 2000w, https:\/\/i0.wp.com\/elterritorialweb.com.ar\/web\/wp-content\/uploads\/2021\/07\/ECO_8134.jpg?w=1280 1280w, https:\/\/i0.wp.com\/elterritorialweb.com.ar\/web\/wp-content\/uploads\/2021\/07\/ECO_8134.jpg?w=1920 1920w\" data-sizes=\"(max-width: 640px) 100vw, 640px\" src=\"data:image\/svg+xml;base64,PHN2ZyB3aWR0aD0iMSIgaGVpZ2h0PSIxIiB4bWxucz0iaHR0cDovL3d3dy53My5vcmcvMjAwMC9zdmciPjwvc3ZnPg==\" style=\"--smush-placeholder-width: 640px; --smush-placeholder-aspect-ratio: 640\/426;\" \/><\/a><\/figure>\n\n\n\n<p>El anuncio lo realiz\u00f3 al encabezar un acto en el Club Social y Deportivo Ituzaing\u00f3 de la localidad de Temperley, donde estuvo acompa\u00f1ado por el gobernador bonaerense Axel Kicillof; las directoras ejecutivas de la Administraci\u00f3n Nacional de la Seguridad Social (ANSES), Fernanda Raverta, y del Instituto Nacional de Servicios Sociales para Jubilados y Pensionados (PAMI), Luana Volnovich; el intendente local, Mart\u00edn Insaurralde, y otras autoridades. &nbsp;<\/p>\n\n\n\n<p>Con el bono, quienes perciben una jubilaci\u00f3n m\u00ednima en agosto cobrar\u00e1 28.065 pesos, mientras que quienes tengan ingresos de dos haberes m\u00ednimos cobrar\u00e1n 51.130 pesos. De este modo, las personas que cobran el haber m\u00ednimo tendr\u00e1n en agosto un ingreso 47 por ciento superior al que ten\u00edan en diciembre de 2020.<\/p>\n\n\n\n<p>De acuerdo a los datos de la ANSeS, el nuevo refuerzo a los ingresos alcanzar\u00e1 al 83 por ciento de los jubilados, las jubiladas, los pensionados y las pensionadas. Este bono se suma a los otorgados en diciembre de 2019 y enero de 2020, tambi\u00e9n de 5.000 pesos para quienes cobraban el haber m\u00ednimo; en abril de 2020, de 3.000 pesos para los haberes m\u00e1s bajos, y en abril y mayo pasados, de 1.500 pesos para quienes percib\u00edan hasta 1,5 jubilaciones m\u00ednimas.<\/p>\n\n\n\n<p>Adem\u00e1s, en septiembre se otorgar\u00e1 un nuevo aumento por movilidad que actualizar\u00e1 al conjunto de las jubilaciones, pensiones y asignaciones familiares, seg\u00fan la evoluci\u00f3n de la recaudaci\u00f3n y los salarios.<\/p>\n\n\n\n<figure class=\"wp-block-image size-large\"><a href=\"https:\/\/i0.wp.com\/elterritorialweb.com.ar\/web\/wp-content\/uploads\/2021\/07\/ECO_8477.jpg\"><img data-recalc-dims=\"1\" decoding=\"async\" width=\"640\" height=\"426\" data-src=\"https:\/\/i0.wp.com\/elterritorialweb.com.ar\/web\/wp-content\/uploads\/2021\/07\/ECO_8477.jpg?resize=640%2C426\" alt=\"\" class=\"wp-image-24405 lazyload\" data-srcset=\"https:\/\/i0.wp.com\/elterritorialweb.com.ar\/web\/wp-content\/uploads\/2021\/07\/ECO_8477.jpg?resize=1024%2C682&amp;ssl=1 1024w, https:\/\/i0.wp.com\/elterritorialweb.com.ar\/web\/wp-content\/uploads\/2021\/07\/ECO_8477.jpg?resize=300%2C200&amp;ssl=1 300w, https:\/\/i0.wp.com\/elterritorialweb.com.ar\/web\/wp-content\/uploads\/2021\/07\/ECO_8477.jpg?resize=768%2C512&amp;ssl=1 768w, https:\/\/i0.wp.com\/elterritorialweb.com.ar\/web\/wp-content\/uploads\/2021\/07\/ECO_8477.jpg?resize=1536%2C1024&amp;ssl=1 1536w, https:\/\/i0.wp.com\/elterritorialweb.com.ar\/web\/wp-content\/uploads\/2021\/07\/ECO_8477.jpg?w=2000&amp;ssl=1 2000w, https:\/\/i0.wp.com\/elterritorialweb.com.ar\/web\/wp-content\/uploads\/2021\/07\/ECO_8477.jpg?w=1280 1280w, https:\/\/i0.wp.com\/elterritorialweb.com.ar\/web\/wp-content\/uploads\/2021\/07\/ECO_8477.jpg?w=1920 1920w\" data-sizes=\"(max-width: 640px) 100vw, 640px\" src=\"data:image\/svg+xml;base64,PHN2ZyB3aWR0aD0iMSIgaGVpZ2h0PSIxIiB4bWxucz0iaHR0cDovL3d3dy53My5vcmcvMjAwMC9zdmciPjwvc3ZnPg==\" style=\"--smush-placeholder-width: 640px; --smush-placeholder-aspect-ratio: 640\/426;\" \/><\/a><\/figure>\n\n\n\n<p><strong>Reconocer la tareas de cuidados<\/strong><\/p>\n\n\n\n<p>En tanto, el reconocimiento de a\u00f1os de servicio por tareas de cuidado apunta a promover la jubilaci\u00f3n de muchas mujeres que hoy no pueden hacerlo por falta de aportes. De hecho, solo una de cada 10 llega a los 30 a\u00f1os de aporte que le permite acceder a la jubilaci\u00f3n.<\/p>\n\n\n\n<p>\u201cVimos que hab\u00eda mujeres que no hab\u00edan podido entrar en la moratoria y no pod\u00edan jubilarse. Todas esas mujeres eran madres argentinas que hab\u00edan dedicado tiempo, esfuerzo, trabajo, en ver crecer a sus hijos\u201d, sostuvo Raverta y reclam\u00f3 que \u201cla Argentina se merece reconocer la tarea de cada mujer que dedica tiempo al cuidado de sus hijos y de sus hijas\u201d.<\/p>\n\n\n\n<p>Y afirm\u00f3 que \u201creconocer un a\u00f1o por cada hijo o hija de las mujeres que no cumplan con los 30 a\u00f1os de aportes para poder jubilarse es una medida que no ofende a nadie, es una medida que tiene que ver con reparar desigualdad, es una media del presente que tiene que ver con un pasado que hay que modificar y con un futuro que hay que presentar de otra manera\u201d.<\/p>\n\n\n\n<p>Volnovich, en tanto, record\u00f3 que \u201chace dos a\u00f1os Alberto en este lugar daba su palabra y el compromiso de los medicamentos gratuitos, y eso fue posible por el esfuerzo de todos los trabajadores y las trabajadoras del PAMI\u201d.<\/p>\n\n\n\n<figure class=\"wp-block-image size-large\"><a href=\"https:\/\/i0.wp.com\/elterritorialweb.com.ar\/web\/wp-content\/uploads\/2021\/07\/ECO_8491.jpg\"><img data-recalc-dims=\"1\" decoding=\"async\" width=\"640\" height=\"426\" data-src=\"https:\/\/i0.wp.com\/elterritorialweb.com.ar\/web\/wp-content\/uploads\/2021\/07\/ECO_8491.jpg?resize=640%2C426\" alt=\"\" class=\"wp-image-24406 lazyload\" data-srcset=\"https:\/\/i0.wp.com\/elterritorialweb.com.ar\/web\/wp-content\/uploads\/2021\/07\/ECO_8491.jpg?resize=1024%2C682&amp;ssl=1 1024w, https:\/\/i0.wp.com\/elterritorialweb.com.ar\/web\/wp-content\/uploads\/2021\/07\/ECO_8491.jpg?resize=300%2C200&amp;ssl=1 300w, https:\/\/i0.wp.com\/elterritorialweb.com.ar\/web\/wp-content\/uploads\/2021\/07\/ECO_8491.jpg?resize=768%2C512&amp;ssl=1 768w, https:\/\/i0.wp.com\/elterritorialweb.com.ar\/web\/wp-content\/uploads\/2021\/07\/ECO_8491.jpg?resize=1536%2C1024&amp;ssl=1 1536w, https:\/\/i0.wp.com\/elterritorialweb.com.ar\/web\/wp-content\/uploads\/2021\/07\/ECO_8491.jpg?w=2000&amp;ssl=1 2000w, https:\/\/i0.wp.com\/elterritorialweb.com.ar\/web\/wp-content\/uploads\/2021\/07\/ECO_8491.jpg?w=1280 1280w, https:\/\/i0.wp.com\/elterritorialweb.com.ar\/web\/wp-content\/uploads\/2021\/07\/ECO_8491.jpg?w=1920 1920w\" data-sizes=\"(max-width: 640px) 100vw, 640px\" src=\"data:image\/svg+xml;base64,PHN2ZyB3aWR0aD0iMSIgaGVpZ2h0PSIxIiB4bWxucz0iaHR0cDovL3d3dy53My5vcmcvMjAwMC9zdmciPjwvc3ZnPg==\" style=\"--smush-placeholder-width: 640px; --smush-placeholder-aspect-ratio: 640\/426;\" \/><\/a><\/figure>\n\n\n\n<p>Adem\u00e1s, detall\u00f3 que \u201choy 3 millones y medios de jubilados y jubiladas tienen medicamentos gratis y en promedio un afiliado del PAMI ahorra el 18 por ciento de una jubilaci\u00f3n m\u00ednima por esa medida\u201d.<\/p>\n\n\n\n<p>Por su parte, Kicillof asegur\u00f3 que el reconocimiento de a\u00f1os de servicio por tareas de cuidado \u201ces una medida acertada\u201d. \u201cTiene que ver con la desigualdad inmensa en t\u00e9rminos de oportunidades entre el hombre y la mujer en el trabajo, salarial, de acceso al empleo en blanco, siempre es m\u00e1s dif\u00edcil para las mujeres\u201d, detall\u00f3.<\/p>\n\n\n\n<p>Insaurralde agradeci\u00f3 la visita del Presidente y sostuvo que \u201cno es lo mismo qui\u00e9n gobierne la Argentina: hoy estamos en un momento muy dif\u00edcil, pero as\u00ed y todo vinimos a cumplir todas las promesas de campa\u00f1a, porque somos un gobierno que vino a devolver derechos a los argentinos y las argentinas\u201d.<\/p>\n","protected":false},"excerpt":{"rendered":"<p>El presidente Alberto Fern\u00e1ndez anunci\u00f3 esta tarde en un acto desde el partido bonaerense de Lomas de Zamora que el Gobierno nacional otorgar\u00e1 en agosto pr\u00f3ximo un bono de 5.000 pesos a jubilados, jubiladas, pensionados y pensionadas que cobren hasta dos haberes m\u00ednimos (46.130 pesos) y el reconocimiento de un a\u00f1o de aportes por cada hijo o hija para las mujeres que no cumplen con los requisitos para poder jubilarse.<\/p>\n","protected":false},"author":2,"featured_media":24403,"comment_status":"open","ping_status":"open","sticky":false,"template":"","format":"standard","meta":{"om_disable_all_campaigns":false,"_monsterinsights_skip_tracking":false,"_monsterinsights_sitenote_active":false,"_monsterinsights_sitenote_note":"","_monsterinsights_sitenote_category":0,"_uf_show_specific_survey":0,"_uf_disable_surveys":false,"jetpack_post_was_ever_published":false,"_jetpack_newsletter_access":"","_jetpack_dont_email_post_to_subs":false,"_jetpack_newsletter_tier_id":0,"_jetpack_memberships_contains_paywalled_content":false,"_jetpack_memberships_contains_paid_content":false,"footnotes":"","jetpack_publicize_message":"","jetpack_publicize_feature_enabled":true,"jetpack_social_post_already_shared":false,"jetpack_social_options":{"image_generator_settings":{"template":"highway","default_image_id":0,"font":"","enabled":false},"version":2}},"categories":[18],"tags":[],"class_list":["post-24402","post","type-post","status-publish","format-standard","has-post-thumbnail","hentry","category-politica"],"aioseo_notices":[],"views":3,"jetpack_publicize_connections":[],"jetpack_featured_media_url":"https:\/\/i0.wp.com\/elterritorialweb.com.ar\/web\/wp-content\/uploads\/2021\/07\/ECO_8436.jpg?fit=2000%2C1333&ssl=1","jetpack_sharing_enabled":true,"_links":{"self":[{"href":"https:\/\/elterritorialweb.com.ar\/web\/wp-json\/wp\/v2\/posts\/24402","targetHints":{"allow":["GET"]}}],"collection":[{"href":"https:\/\/elterritorialweb.com.ar\/web\/wp-json\/wp\/v2\/posts"}],"about":[{"href":"https:\/\/elterritorialweb.com.ar\/web\/wp-json\/wp\/v2\/types\/post"}],"author":[{"embeddable":true,"href":"https:\/\/elterritorialweb.com.ar\/web\/wp-json\/wp\/v2\/users\/2"}],"replies":[{"embeddable":true,"href":"https:\/\/elterritorialweb.com.ar\/web\/wp-json\/wp\/v2\/comments?post=24402"}],"version-history":[{"count":1,"href":"https:\/\/elterritorialweb.com.ar\/web\/wp-json\/wp\/v2\/posts\/24402\/revisions"}],"predecessor-version":[{"id":24407,"href":"https:\/\/elterritorialweb.com.ar\/web\/wp-json\/wp\/v2\/posts\/24402\/revisions\/24407"}],"wp:featuredmedia":[{"embeddable":true,"href":"https:\/\/elterritorialweb.com.ar\/web\/wp-json\/wp\/v2\/media\/24403"}],"wp:attachment":[{"href":"https:\/\/elterritorialweb.com.ar\/web\/wp-json\/wp\/v2\/media?parent=24402"}],"wp:term":[{"taxonomy":"category","embeddable":true,"href":"https:\/\/elterritorialweb.com.ar\/web\/wp-json\/wp\/v2\/categories?post=24402"},{"taxonomy":"post_tag","embeddable":true,"href":"https:\/\/elterritorialweb.com.ar\/web\/wp-json\/wp\/v2\/tags?post=24402"}],"curies":[{"name":"wp","href":"https:\/\/api.w.org\/{rel}","templated":true}]}}