{"id":24408,"date":"2021-07-14T02:53:02","date_gmt":"2021-07-14T02:53:02","guid":{"rendered":"http:\/\/elterritorialweb.com.ar\/web\/?p=24408"},"modified":"2021-07-14T02:53:02","modified_gmt":"2021-07-14T02:53:02","slug":"20-023-nuevos-casos-de-covid-19-en-24-horas-con-un-total-de-4-682-960-infectados-en-argentina","status":"publish","type":"post","link":"https:\/\/elterritorialweb.com.ar\/web\/20-023-nuevos-casos-de-covid-19-en-24-horas-con-un-total-de-4-682-960-infectados-en-argentina\/","title":{"rendered":"20.023 NUEVOS CASOS DE COVID-19 EN 24 HORAS, CON UN TOTAL DE 4.682.960 INFECTADOS EN ARGENTINA"},"content":{"rendered":"\n<p>El Ministerio de Salud inform\u00f3 este martes\u00a0<strong>20.023 nuevos contagios<\/strong>\u00a0<strong>y 387 muertes<\/strong>\u00a0por\u00a0<a href=\"https:\/\/tn.com.ar\/tags\/coronavirus\/\"><strong>coronavirus<\/strong><\/a>\u00a0en las \u00faltimas 24 horas. Seg\u00fan el reporte diario, ya son\u00a0<strong>4.682.960<\/strong>\u00a0los casos confirmados y\u00a0<strong>99.640\u00a0<\/strong>los muertos en la Argentina. Los casos activos, en tanto, suman\u00a0<strong>268.727\u00a0<\/strong>y las personas dadas de alta totalizan\u00a0<strong>4.314.593.\u00a0<\/strong>El \u00edndice de positividad de la \u00faltima jornada fue del 18,9 por ciento.<\/p>\n\n\n\n<p>De los 387 fallecidos que fueron reportados,\u00a0<strong>220 son hombres y 163 mujeres.<\/strong>\u00a0Adem\u00e1s se inform\u00f3 que otras cuatro personas fueron registradas sin datos de sexo: una en la provincia de Corrientes, una en Mendoza, una en San Juan y la restante en Santa Fe.<\/p>\n\n\n\n<figure class=\"wp-block-image\"><img data-recalc-dims=\"1\" decoding=\"async\" data-src=\"https:\/\/i0.wp.com\/tn.com.ar\/resizer\/awhcyAnX-KAp5B2qhKeYNmf0pTY%3D\/767x0\/smart\/filters%3Aquality%2860%29\/cloudfront-us-east-1.images.arcpublishing.com\/artear\/WHDXWZIGRFBNPLA3KESFWMI6YU.PNG?w=640&#038;ssl=1\" alt=\"\" src=\"data:image\/svg+xml;base64,PHN2ZyB3aWR0aD0iMSIgaGVpZ2h0PSIxIiB4bWxucz0iaHR0cDovL3d3dy53My5vcmcvMjAwMC9zdmciPjwvc3ZnPg==\" class=\"lazyload\" \/><\/figure>\n\n\n\n<p>En las \u00faltimas 24 horas se registraron en\u00a0<strong>la provincia de Buenos Aires 6119 casos;<\/strong>\u00a0en la Ciudad de Buenos Aires, 1120; en Catamarca, 263; en Chaco, 619; en Chubut, 194; en Corrientes, 596; en C\u00f3rdoba, 2938; en Entre R\u00edos, 898; en Formosa, 439; en Jujuy, 281; en La Pampa, 308; en La Rioja, 195; en Mendoza, 604; en Misiones, 95; en Neuqu\u00e9n, 235; en R\u00edo Negro, 286; en Salta, 733; en San Juan, 608; en San Luis, 335; en Santa Cruz, 89; en Santa Fe, 1280; en Santiago del Estero, 400; Tierra del Fuego, 31; y en Tucum\u00e1n, 1129.<\/p>\n\n\n\n<p>El total de acumulados por distrito es:\u00a0<strong>provincia de Buenos Aires, 1.906.792;<\/strong>\u00a0Ciudad de Buenos Aires, 477.253; Catamarca, 37.688; Chaco, 83.917; Chubut, 73.038; Corrientes, 71.936; C\u00f3rdoba, 436.878; Entre R\u00edos, 118.952; Formosa, 50.989; Jujuy, 39.485; La Pampa, 56.425; La Rioja, 24.623; Mendoza, 146.114; Misiones, 27.736; Neuqu\u00e9n, 103.891; R\u00edo Negro, 87.053; Salta, 67.753; San Juan, 55.232; San Luis, 70.082; Santa Cruz, 56.660; Santa Fe, 425.380; Santiago del Estero, 66.387; Tierra del Fuego, 30.317, y Tucum\u00e1n, 168.379.<\/p>\n","protected":false},"excerpt":{"rendered":"<p>Informe del Ministerio de Salud de la Naci\u00f3n <\/p>\n","protected":false},"author":2,"featured_media":24409,"comment_status":"open","ping_status":"open","sticky":false,"template":"","format":"standard","meta":{"om_disable_all_campaigns":false,"_monsterinsights_skip_tracking":false,"_monsterinsights_sitenote_active":false,"_monsterinsights_sitenote_note":"","_monsterinsights_sitenote_category":0,"_uf_show_specific_survey":0,"_uf_disable_surveys":false,"jetpack_post_was_ever_published":false,"_jetpack_newsletter_access":"","_jetpack_dont_email_post_to_subs":false,"_jetpack_newsletter_tier_id":0,"_jetpack_memberships_contains_paywalled_content":false,"_jetpack_memberships_contains_paid_content":false,"footnotes":"","jetpack_publicize_message":"","jetpack_publicize_feature_enabled":true,"jetpack_social_post_already_shared":false,"jetpack_social_options":{"image_generator_settings":{"template":"highway","default_image_id":0,"font":"","enabled":false},"version":2}},"categories":[3],"tags":[],"class_list":["post-24408","post","type-post","status-publish","format-standard","has-post-thumbnail","hentry","category-salud"],"aioseo_notices":[],"views":1,"jetpack_publicize_connections":[],"jetpack_featured_media_url":"https:\/\/i0.wp.com\/elterritorialweb.com.ar\/web\/wp-content\/uploads\/2021\/07\/nuevos-casos-13-de-julio.jpg?fit=680%2C357&ssl=1","jetpack_sharing_enabled":true,"_links":{"self":[{"href":"https:\/\/elterritorialweb.com.ar\/web\/wp-json\/wp\/v2\/posts\/24408","targetHints":{"allow":["GET"]}}],"collection":[{"href":"https:\/\/elterritorialweb.com.ar\/web\/wp-json\/wp\/v2\/posts"}],"about":[{"href":"https:\/\/elterritorialweb.com.ar\/web\/wp-json\/wp\/v2\/types\/post"}],"author":[{"embeddable":true,"href":"https:\/\/elterritorialweb.com.ar\/web\/wp-json\/wp\/v2\/users\/2"}],"replies":[{"embeddable":true,"href":"https:\/\/elterritorialweb.com.ar\/web\/wp-json\/wp\/v2\/comments?post=24408"}],"version-history":[{"count":1,"href":"https:\/\/elterritorialweb.com.ar\/web\/wp-json\/wp\/v2\/posts\/24408\/revisions"}],"predecessor-version":[{"id":24410,"href":"https:\/\/elterritorialweb.com.ar\/web\/wp-json\/wp\/v2\/posts\/24408\/revisions\/24410"}],"wp:featuredmedia":[{"embeddable":true,"href":"https:\/\/elterritorialweb.com.ar\/web\/wp-json\/wp\/v2\/media\/24409"}],"wp:attachment":[{"href":"https:\/\/elterritorialweb.com.ar\/web\/wp-json\/wp\/v2\/media?parent=24408"}],"wp:term":[{"taxonomy":"category","embeddable":true,"href":"https:\/\/elterritorialweb.com.ar\/web\/wp-json\/wp\/v2\/categories?post=24408"},{"taxonomy":"post_tag","embeddable":true,"href":"https:\/\/elterritorialweb.com.ar\/web\/wp-json\/wp\/v2\/tags?post=24408"}],"curies":[{"name":"wp","href":"https:\/\/api.w.org\/{rel}","templated":true}]}}