{"id":24411,"date":"2021-07-14T03:37:57","date_gmt":"2021-07-14T03:37:57","guid":{"rendered":"http:\/\/elterritorialweb.com.ar\/web\/?p=24411"},"modified":"2021-07-14T03:37:58","modified_gmt":"2021-07-14T03:37:58","slug":"boca-empato-sin-goles-ante-mineiro-en-la-bombonera","status":"publish","type":"post","link":"https:\/\/elterritorialweb.com.ar\/web\/boca-empato-sin-goles-ante-mineiro-en-la-bombonera\/","title":{"rendered":"BOCA EMPAT\u00d3 SIN GOLES ANTE MINEIRO EN LA BOMBONERA"},"content":{"rendered":"\n<p>Boca no pudo con Atl\u00e9tico Mineiro en la Bombonera, donde empat\u00f3 sin goles el partido de ida de los octavos de final de la Copa Libertadores, y ahora el pasaje a cuartos se dirimir\u00e1 el pr\u00f3ximo martes en Belo Horizonte.<\/p>\n\n\n\n<p>El encuentro se caracteriz\u00f3 por su chatura de punta a punta, y solamente los destellos de calidad del hoy capit\u00e1n del conjunto brasile\u00f1o, Ignacio Fern\u00e1ndez, que por su condici\u00f3n de exriverplatense jug\u00f3 un partido especial en la cancha de Boca, ilumin\u00f3 espor\u00e1dicamente la noche.<\/p>\n\n\n\n<figure class=\"wp-block-image size-large\"><a href=\"https:\/\/i0.wp.com\/elterritorialweb.com.ar\/web\/wp-content\/uploads\/2021\/07\/BOCA-MINEIRO-1.jpg\"><img data-recalc-dims=\"1\" decoding=\"async\" width=\"640\" height=\"448\" data-src=\"https:\/\/i0.wp.com\/elterritorialweb.com.ar\/web\/wp-content\/uploads\/2021\/07\/BOCA-MINEIRO-1.jpg?resize=640%2C448\" alt=\"\" class=\"wp-image-24413 lazyload\" data-srcset=\"https:\/\/i0.wp.com\/elterritorialweb.com.ar\/web\/wp-content\/uploads\/2021\/07\/BOCA-MINEIRO-1.jpg?resize=1024%2C716&amp;ssl=1 1024w, https:\/\/i0.wp.com\/elterritorialweb.com.ar\/web\/wp-content\/uploads\/2021\/07\/BOCA-MINEIRO-1.jpg?resize=300%2C210&amp;ssl=1 300w, https:\/\/i0.wp.com\/elterritorialweb.com.ar\/web\/wp-content\/uploads\/2021\/07\/BOCA-MINEIRO-1.jpg?resize=768%2C537&amp;ssl=1 768w, https:\/\/i0.wp.com\/elterritorialweb.com.ar\/web\/wp-content\/uploads\/2021\/07\/BOCA-MINEIRO-1.jpg?resize=1536%2C1074&amp;ssl=1 1536w, https:\/\/i0.wp.com\/elterritorialweb.com.ar\/web\/wp-content\/uploads\/2021\/07\/BOCA-MINEIRO-1.jpg?w=2048&amp;ssl=1 2048w, https:\/\/i0.wp.com\/elterritorialweb.com.ar\/web\/wp-content\/uploads\/2021\/07\/BOCA-MINEIRO-1.jpg?w=1280 1280w, https:\/\/i0.wp.com\/elterritorialweb.com.ar\/web\/wp-content\/uploads\/2021\/07\/BOCA-MINEIRO-1.jpg?w=1920 1920w\" data-sizes=\"(max-width: 640px) 100vw, 640px\" src=\"data:image\/svg+xml;base64,PHN2ZyB3aWR0aD0iMSIgaGVpZ2h0PSIxIiB4bWxucz0iaHR0cDovL3d3dy53My5vcmcvMjAwMC9zdmciPjwvc3ZnPg==\" style=\"--smush-placeholder-width: 640px; --smush-placeholder-aspect-ratio: 640\/448;\" \/><\/a><\/figure>\n\n\n\n<p>Porque en el tramo inicial del primer tiempo los visitantes fueron quienes tuvieron la iniciativa manejando la pelota con pulcritud y agilidad en el medio y manifiesta peligrosidad cada vez que en tres cuartos de cancha se encontraban \u00abNacho\u00bb Fern\u00e1ndez con el portentoso Hulk.<\/p>\n\n\n\n<p>El ex Racing Mat\u00edas Zaracho era el que marcaba el equilibrio en el medio campo de los de Belo Horizonte, a los que les faltaba la puntada final para plasmar en el arco local esa superioridad inicial.<\/p>\n\n\n\n<p>Pero conforme fueron pasando los minutos la prodigalidad de&nbsp;<strong>este renovado Boca, que perdi\u00f3 jerarqu\u00eda pero gan\u00f3 en entusiasmo<\/strong>&nbsp;con la vuelta de Marcelo Weingandt y las presentaciones de los ex-Hurac\u00e1n, Norberto Briasco y Esteban Rol\u00f3n (reemplaz\u00f3 al promisorio Alan Varela), fue emparejando el desarrollo.<\/p>\n\n\n\n<figure class=\"wp-block-image size-large\"><a href=\"https:\/\/i0.wp.com\/elterritorialweb.com.ar\/web\/wp-content\/uploads\/2021\/07\/BOCA-MINEIRO-2-scaled.jpg\"><img data-recalc-dims=\"1\" decoding=\"async\" width=\"640\" height=\"464\" data-src=\"https:\/\/i0.wp.com\/elterritorialweb.com.ar\/web\/wp-content\/uploads\/2021\/07\/BOCA-MINEIRO-2.jpg?resize=640%2C464\" alt=\"\" class=\"wp-image-24414 lazyload\" data-srcset=\"https:\/\/i0.wp.com\/elterritorialweb.com.ar\/web\/wp-content\/uploads\/2021\/07\/BOCA-MINEIRO-2-scaled.jpg?resize=1024%2C743&amp;ssl=1 1024w, https:\/\/i0.wp.com\/elterritorialweb.com.ar\/web\/wp-content\/uploads\/2021\/07\/BOCA-MINEIRO-2-scaled.jpg?resize=300%2C218&amp;ssl=1 300w, https:\/\/i0.wp.com\/elterritorialweb.com.ar\/web\/wp-content\/uploads\/2021\/07\/BOCA-MINEIRO-2-scaled.jpg?resize=768%2C557&amp;ssl=1 768w, https:\/\/i0.wp.com\/elterritorialweb.com.ar\/web\/wp-content\/uploads\/2021\/07\/BOCA-MINEIRO-2-scaled.jpg?resize=1536%2C1115&amp;ssl=1 1536w, https:\/\/i0.wp.com\/elterritorialweb.com.ar\/web\/wp-content\/uploads\/2021\/07\/BOCA-MINEIRO-2-scaled.jpg?resize=2048%2C1487&amp;ssl=1 2048w, https:\/\/i0.wp.com\/elterritorialweb.com.ar\/web\/wp-content\/uploads\/2021\/07\/BOCA-MINEIRO-2-scaled.jpg?w=1280 1280w, https:\/\/i0.wp.com\/elterritorialweb.com.ar\/web\/wp-content\/uploads\/2021\/07\/BOCA-MINEIRO-2-scaled.jpg?w=1920 1920w\" data-sizes=\"(max-width: 640px) 100vw, 640px\" src=\"data:image\/svg+xml;base64,PHN2ZyB3aWR0aD0iMSIgaGVpZ2h0PSIxIiB4bWxucz0iaHR0cDovL3d3dy53My5vcmcvMjAwMC9zdmciPjwvc3ZnPg==\" style=\"--smush-placeholder-width: 640px; --smush-placeholder-aspect-ratio: 640\/464;\" \/><\/a><\/figure>\n\n\n\n<p>Y de hecho ya superada la media hora esa paridad en las acciones se tradujo en una acci\u00f3n de riesgo que termin\u00f3 en un gol de Boca convertido de cabeza por el reaparecido volante Diego Gonz\u00e1lez tras un rebote a\u00e9reo en el \u00e1rea chica brasile\u00f1a.<\/p>\n\n\n\n<p>Pero los jugadores visitantes pusieron el grito en el cielo ante el \u00e1rbitro colombiano Andr\u00e9s Rojas encabezados por su capit\u00e1n Fern\u00e1ndez, secundado por su compatriota Zaracho (fue amonestado), y finalmente lo convencieron de recurrir al VAR, que les termin\u00f3 dando la derecha y anulando la conquista.<\/p>\n\n\n\n<p>A partir de all\u00ed, durante el pu\u00f1adito de minutos que quedaban para finalizar el primer tiempo y a lo largo de todo el segundo, Boca se mostr\u00f3 m\u00e1s activo que su rival en pos de un tanto que le permitiera viajar con mejores perspectivas a Brasil la semana que viene.<\/p>\n\n\n\n<p>De hecho el arquero \u00c9verson le desvi\u00f3 inmediatamente despu\u00e9s del gol anulado una palomita al propio Gonz\u00e1lez tras un centro de Sebasti\u00e1n Villa, y ya en la segunda etapa, cuando creci\u00f3 el accionar de Cristian Pav\u00f3n, Boca fue m\u00e1s incisivo y mostr\u00f3 que Mineiro es un equipo vulnerable cuando es atacado, sobre todo por los costados.<\/p>\n\n\n\n<p>De lo que s\u00ed adoleci\u00f3 el conjunto dirigido por Miguel Russo, que encontr\u00f3 solvencia defensiva con Marcos Rojo conformando dupla central con Carlos Izquierdoz, algo que tambi\u00e9n ocurr\u00eda cuando Lisandro L\u00f3pez era titular en la posici\u00f3n del ex Manchester United, fue de esa cuota de juego.<\/p>\n\n\n\n<figure class=\"wp-block-image size-large\"><a href=\"https:\/\/i0.wp.com\/elterritorialweb.com.ar\/web\/wp-content\/uploads\/2021\/07\/BOCA-MINEIRO-3-scaled.jpg\"><img data-recalc-dims=\"1\" decoding=\"async\" width=\"640\" height=\"481\" data-src=\"https:\/\/i0.wp.com\/elterritorialweb.com.ar\/web\/wp-content\/uploads\/2021\/07\/BOCA-MINEIRO-3.jpg?resize=640%2C481\" alt=\"\" class=\"wp-image-24415 lazyload\" data-srcset=\"https:\/\/i0.wp.com\/elterritorialweb.com.ar\/web\/wp-content\/uploads\/2021\/07\/BOCA-MINEIRO-3-scaled.jpg?resize=1024%2C769&amp;ssl=1 1024w, https:\/\/i0.wp.com\/elterritorialweb.com.ar\/web\/wp-content\/uploads\/2021\/07\/BOCA-MINEIRO-3-scaled.jpg?resize=300%2C225&amp;ssl=1 300w, https:\/\/i0.wp.com\/elterritorialweb.com.ar\/web\/wp-content\/uploads\/2021\/07\/BOCA-MINEIRO-3-scaled.jpg?resize=768%2C577&amp;ssl=1 768w, https:\/\/i0.wp.com\/elterritorialweb.com.ar\/web\/wp-content\/uploads\/2021\/07\/BOCA-MINEIRO-3-scaled.jpg?resize=1536%2C1154&amp;ssl=1 1536w, https:\/\/i0.wp.com\/elterritorialweb.com.ar\/web\/wp-content\/uploads\/2021\/07\/BOCA-MINEIRO-3-scaled.jpg?resize=2048%2C1539&amp;ssl=1 2048w, https:\/\/i0.wp.com\/elterritorialweb.com.ar\/web\/wp-content\/uploads\/2021\/07\/BOCA-MINEIRO-3-scaled.jpg?w=1280 1280w, https:\/\/i0.wp.com\/elterritorialweb.com.ar\/web\/wp-content\/uploads\/2021\/07\/BOCA-MINEIRO-3-scaled.jpg?w=1920 1920w\" data-sizes=\"(max-width: 640px) 100vw, 640px\" src=\"data:image\/svg+xml;base64,PHN2ZyB3aWR0aD0iMSIgaGVpZ2h0PSIxIiB4bWxucz0iaHR0cDovL3d3dy53My5vcmcvMjAwMC9zdmciPjwvc3ZnPg==\" style=\"--smush-placeholder-width: 640px; --smush-placeholder-aspect-ratio: 640\/481;\" \/><\/a><\/figure>\n\n\n\n<p><strong>Los dirigidos por Cuca celebraron el punto que se llevaron como visitantes, y los \u00abxeneizes\u00bb rescataron lo mostrado en los 90 minutos despu\u00e9s de la prolongada inactividad por la Copa Am\u00e9rica, ante un rival que est\u00e1 en plena competencia en el Brasileirao<\/strong>.<\/p>\n\n\n\n<p>El pr\u00f3ximo paso de Boca tendr\u00e1 lugar dentro de 72 horas, el pr\u00f3ximo viernes ante Uni\u00f3n por la Liga Profesional que estar\u00e1 celebrando su primera fecha, pero pensando obviamente en la revancha del martes en Belo Horizonte, donde se jugar\u00e1 la parte fundamental de este \u00faltimo semestre del a\u00f1o.<\/p>\n","protected":false},"excerpt":{"rendered":"<p>El martes pr\u00f3ximo en Belo Horizonte, la revancha.<\/p>\n","protected":false},"author":2,"featured_media":24412,"comment_status":"open","ping_status":"open","sticky":false,"template":"","format":"standard","meta":{"om_disable_all_campaigns":false,"_monsterinsights_skip_tracking":false,"_monsterinsights_sitenote_active":false,"_monsterinsights_sitenote_note":"","_monsterinsights_sitenote_category":0,"_uf_show_specific_survey":0,"_uf_disable_surveys":false,"jetpack_post_was_ever_published":false,"_jetpack_newsletter_access":"","_jetpack_dont_email_post_to_subs":false,"_jetpack_newsletter_tier_id":0,"_jetpack_memberships_contains_paywalled_content":false,"_jetpack_memberships_contains_paid_content":false,"footnotes":"","jetpack_publicize_message":"","jetpack_publicize_feature_enabled":true,"jetpack_social_post_already_shared":false,"jetpack_social_options":{"image_generator_settings":{"template":"highway","default_image_id":0,"font":"","enabled":false},"version":2}},"categories":[6],"tags":[],"class_list":["post-24411","post","type-post","status-publish","format-standard","has-post-thumbnail","hentry","category-deportes"],"aioseo_notices":[],"views":7,"jetpack_publicize_connections":[],"jetpack_featured_media_url":"https:\/\/i0.wp.com\/elterritorialweb.com.ar\/web\/wp-content\/uploads\/2021\/07\/BOCA-MINEIRO.jpg?fit=2048%2C1485&ssl=1","jetpack_sharing_enabled":true,"_links":{"self":[{"href":"https:\/\/elterritorialweb.com.ar\/web\/wp-json\/wp\/v2\/posts\/24411","targetHints":{"allow":["GET"]}}],"collection":[{"href":"https:\/\/elterritorialweb.com.ar\/web\/wp-json\/wp\/v2\/posts"}],"about":[{"href":"https:\/\/elterritorialweb.com.ar\/web\/wp-json\/wp\/v2\/types\/post"}],"author":[{"embeddable":true,"href":"https:\/\/elterritorialweb.com.ar\/web\/wp-json\/wp\/v2\/users\/2"}],"replies":[{"embeddable":true,"href":"https:\/\/elterritorialweb.com.ar\/web\/wp-json\/wp\/v2\/comments?post=24411"}],"version-history":[{"count":1,"href":"https:\/\/elterritorialweb.com.ar\/web\/wp-json\/wp\/v2\/posts\/24411\/revisions"}],"predecessor-version":[{"id":24416,"href":"https:\/\/elterritorialweb.com.ar\/web\/wp-json\/wp\/v2\/posts\/24411\/revisions\/24416"}],"wp:featuredmedia":[{"embeddable":true,"href":"https:\/\/elterritorialweb.com.ar\/web\/wp-json\/wp\/v2\/media\/24412"}],"wp:attachment":[{"href":"https:\/\/elterritorialweb.com.ar\/web\/wp-json\/wp\/v2\/media?parent=24411"}],"wp:term":[{"taxonomy":"category","embeddable":true,"href":"https:\/\/elterritorialweb.com.ar\/web\/wp-json\/wp\/v2\/categories?post=24411"},{"taxonomy":"post_tag","embeddable":true,"href":"https:\/\/elterritorialweb.com.ar\/web\/wp-json\/wp\/v2\/tags?post=24411"}],"curies":[{"name":"wp","href":"https:\/\/api.w.org\/{rel}","templated":true}]}}