{"id":24417,"date":"2021-07-14T03:44:29","date_gmt":"2021-07-14T03:44:29","guid":{"rendered":"http:\/\/elterritorialweb.com.ar\/web\/?p=24417"},"modified":"2021-07-14T03:44:30","modified_gmt":"2021-07-14T03:44:30","slug":"coronavirus-en-santiago-se-confrmaron-671-casos-positivos-en-la-provincia","status":"publish","type":"post","link":"https:\/\/elterritorialweb.com.ar\/web\/coronavirus-en-santiago-se-confrmaron-671-casos-positivos-en-la-provincia\/","title":{"rendered":"CORONAVIRUS EN SANTIAGO: SE CONFRMARON 671 CASOS POSITIVOS EN LA PROVINCIA"},"content":{"rendered":"\n<p>Se recuperaron quinientos cincuenta y dos (552) casos, por lo que son cincuenta y cuatro mil cuarenta (54.040) los casos recuperados en la provincia.<\/p>\n\n\n\n<p><strong>Se notificaron en el d\u00eda de hoy ocho personas fallecidas con diagn\u00f3stico de COVID-19 activo. Una mujer de 67 a\u00f1os del Dpto Gral. Taboada internada en una cl\u00ednica privada. Una mujer de 60 a\u00f1os del Dpto Gral Taboada internada en el Hospital Zonal A\u00f1atuya. Una mujer de 61 a\u00f1os y una mujer de 46 a\u00f1os del Dpto Robles, ambas internadas en el CIS Banda. Un hombre de 71 a\u00f1os del Dpto Loreto, internado en un sanatorio privado. Una mujer de 72 a\u00f1os internada y una mujer de 76 a\u00f1os del Dpto Figueroa, ambas internadas en sanatorios privados de la ciudad Capital. Una mujer de 38 a\u00f1os con antecedentes de obesidad del Dpto Jim\u00e9nez que estaba internada en un sanatorio privado de La Banda.<\/strong><\/p>\n\n\n\n<p>Hay un total de ochocientos cincuenta y siete (857) personas positivas fallecidas en la provincia.<\/p>\n\n\n\n<p>Se procesaron un total de dos mil doscientos treinta y seis (2236) muestras el d\u00eda de hoy. <\/p>\n\n\n\n<p><strong>Se confirmaron seiscientos setenta y un (671) casos, Santiago Banda (320) e interior de la provincia (351) distribuidos de la siguiente manera: Antaje 3; A\u00f1atuya 4; Arraga 3; Atoj Pozo 2; Beltr\u00e1n 12; Brea Pozo 3; Buey Muerto 1; Cachico 2; Campo Gallo 1; Ca\u00f1ada de la Costa 1; Ca\u00f1ada de San Ram\u00f3n 1; Ceja Pozo 1; Charquina 1; Clodomira 19; Colonia Dora 4; Colonia El Simbolar 4; Colonia Gamarra 1; Colonia Tinco 1; El Arenal 7; El Balde 1; El Bobadal 2; El Churqui 1; El Hoyon 1; El Moj\u00f3n 1; El Porvenir 1; El Puente 2; Estaci\u00f3n Simbolar 3; Estaci\u00f3n Taboada 7; Fern\u00e1ndez 13; Forres 4; Fr\u00edas 52; Garza 4; Gramilla 4; Gaucho de G\u00fcemes 1; Guampacha 1; Ica\u00f1o 6; Isla Corral 1; La Ca\u00f1ada 1; La D\u00e1rsena 1; La Dormida 1; La Noria 2; La Refalosa 2; La Reserva 1; Lagunilla 1; Las Delicias 4; Las Tinajas 3; Loreto 16; Los Pereyra 1; Los Quiroga 2; Los Pirpintos 1; Mansupa 1; Matara 4; Monte Quemado 32; Nueva Esperanza 9; Pampa At\u00fan 1; Perchil Bajo 1; Pinto 1; Pozuelo 1; Puesto Retiro 1; Quimili 16; Sabagasta 1; San Pascual 1; San Vicente 1; Selva 1; Sol de Julio 1; Se\u00f1ora Pujio 2; Sumamao 1; Sumampa 7; Suncho Corral 4; Taquello 1; Termas 23; Tintina 2; T\u00edo Pozo 3; Tolojna 1; Villa Guasayan 1; Villa Hip\u00f3lita 3; Vilmer 2; Villa Nueva 1; Villa Ojo de Agua 5; Villa Zanj\u00f3n 4; Yanda 2; Yuchan 1; Yutu Yacu 1; Weisburd 3.<\/strong><\/p>\n\n\n\n<p>Permanecen activos diez mil ciento cincuenta y siete (10.157) casos en la provincia. <\/p>\n\n\n\n<p>El total de casos positivos acumulados es de sesenta y seis mil trescientos veinticuatro (66.324).<\/p>\n\n\n\n<p>Se descartaron mil quinientos sesenta y cinco (1.565) casos el d\u00eda de hoy, por lo que hay ciento ochenta y cinco mil doscientos sesenta (185.260) casos descartados a la fecha. <\/p>\n\n\n\n<p><strong>Importante: <\/strong>La diferencia de casos acumulados, y difundidos en el reporte nacional, obedece a diferentes horarios de carga y a santiague\u00f1os que residen en otras provincias pero que no tienen realizado el cambio de domicilio legal en su DNI. Se ha solicitado el correspondiente pedido de reclasificaci\u00f3n de los casos excedentes cargados para nuestra provincia.<\/p>\n\n\n\n<p>Se recuerda que TODAS las personas que son contacto estrecho de casos positivos que DEBEN realizar un AISLAMIENTO SANITARIO OBLIGATORIO de 14 d\u00edas, aunque no presenten s\u00edntomas e independientemente si fueron hisopados y su resultado fue no detectable (negativo). <\/p>\n\n\n\n<p>Durante el aislamiento sanitario las personas no pueden salir de su hogar ni recibir visitas y deben cumplir con las medidas de prevenci\u00f3n indicadas por las autoridades sanitarias. <\/p>\n\n\n\n<p>Ante la presencia de fiebre mayor o igual a 37,5\u00b0 y s\u00edntomas respiratorios como tos, dolor de garganta, dificultad para respirar, adem\u00e1s de falta de gusto y olfato de reciente aparici\u00f3n, y tambi\u00e9n cefalea, diarrea y\/o v\u00f3mitos o al haber estado en contacto con un caso confirmado, se insta a la poblaci\u00f3n a que haga un contacto de inmediato con el sistema de salud contact\u00e1ndose con su centro de salud m\u00e1s cercano o comunic\u00e1ndose al 107 y evite el contacto social <\/p>\n\n\n\n<p>Tambi\u00e9n se recuerda que se realiza el hisopado a los contactos estrechos de casos positivos que presenten s\u00edntomas o que tengan factores de riesgo (mayores de 60 a\u00f1os, embarazadas, inmunocomprometidos, enfermos oncol\u00f3gicos o dializados).<\/p>\n\n\n\n<p>Recordemos continuar respetando las medidas de distancia f\u00edsica y lavarnos frecuentemente las manos con agua y jab\u00f3n. Si necesitamos salir usemos el barbijo correctamente sin tocarlo ni tocarnos la cara. <\/p>\n\n\n\n<p>Respetar todos los protocolos vigentes y las actividades permitidas, y no realizar reuniones sociales o familiares evitando contacto estrecho con personas que no sean convivientes.<\/p>\n","protected":false},"excerpt":{"rendered":"<p>Informe del Ministerio de Salud de la provincia de Santiago del Estero.<\/p>\n","protected":false},"author":2,"featured_media":10588,"comment_status":"open","ping_status":"open","sticky":false,"template":"","format":"standard","meta":{"om_disable_all_campaigns":false,"_monsterinsights_skip_tracking":false,"_monsterinsights_sitenote_active":false,"_monsterinsights_sitenote_note":"","_monsterinsights_sitenote_category":0,"_uf_show_specific_survey":0,"_uf_disable_surveys":false,"jetpack_post_was_ever_published":false,"_jetpack_newsletter_access":"","_jetpack_dont_email_post_to_subs":false,"_jetpack_newsletter_tier_id":0,"_jetpack_memberships_contains_paywalled_content":false,"_jetpack_memberships_contains_paid_content":false,"footnotes":"","jetpack_publicize_message":"","jetpack_publicize_feature_enabled":true,"jetpack_social_post_already_shared":false,"jetpack_social_options":{"image_generator_settings":{"template":"highway","default_image_id":0,"font":"","enabled":false},"version":2}},"categories":[3],"tags":[],"class_list":["post-24417","post","type-post","status-publish","format-standard","has-post-thumbnail","hentry","category-salud"],"aioseo_notices":[],"views":3,"jetpack_publicize_connections":[],"jetpack_featured_media_url":"https:\/\/i0.wp.com\/elterritorialweb.com.ar\/web\/wp-content\/uploads\/2020\/09\/REPORTE-DIARIO-e1620961143521.jpeg?fit=960%2C876&ssl=1","jetpack_sharing_enabled":true,"_links":{"self":[{"href":"https:\/\/elterritorialweb.com.ar\/web\/wp-json\/wp\/v2\/posts\/24417","targetHints":{"allow":["GET"]}}],"collection":[{"href":"https:\/\/elterritorialweb.com.ar\/web\/wp-json\/wp\/v2\/posts"}],"about":[{"href":"https:\/\/elterritorialweb.com.ar\/web\/wp-json\/wp\/v2\/types\/post"}],"author":[{"embeddable":true,"href":"https:\/\/elterritorialweb.com.ar\/web\/wp-json\/wp\/v2\/users\/2"}],"replies":[{"embeddable":true,"href":"https:\/\/elterritorialweb.com.ar\/web\/wp-json\/wp\/v2\/comments?post=24417"}],"version-history":[{"count":1,"href":"https:\/\/elterritorialweb.com.ar\/web\/wp-json\/wp\/v2\/posts\/24417\/revisions"}],"predecessor-version":[{"id":24418,"href":"https:\/\/elterritorialweb.com.ar\/web\/wp-json\/wp\/v2\/posts\/24417\/revisions\/24418"}],"wp:featuredmedia":[{"embeddable":true,"href":"https:\/\/elterritorialweb.com.ar\/web\/wp-json\/wp\/v2\/media\/10588"}],"wp:attachment":[{"href":"https:\/\/elterritorialweb.com.ar\/web\/wp-json\/wp\/v2\/media?parent=24417"}],"wp:term":[{"taxonomy":"category","embeddable":true,"href":"https:\/\/elterritorialweb.com.ar\/web\/wp-json\/wp\/v2\/categories?post=24417"},{"taxonomy":"post_tag","embeddable":true,"href":"https:\/\/elterritorialweb.com.ar\/web\/wp-json\/wp\/v2\/tags?post=24417"}],"curies":[{"name":"wp","href":"https:\/\/api.w.org\/{rel}","templated":true}]}}