{"id":24423,"date":"2021-07-14T19:57:46","date_gmt":"2021-07-14T19:57:46","guid":{"rendered":"http:\/\/elterritorialweb.com.ar\/web\/?p=24423"},"modified":"2021-07-14T19:57:47","modified_gmt":"2021-07-14T19:57:47","slug":"la-banda-desinfectan-los-colectivos-para-el-retorno-del-servicio","status":"publish","type":"post","link":"https:\/\/elterritorialweb.com.ar\/web\/la-banda-desinfectan-los-colectivos-para-el-retorno-del-servicio\/","title":{"rendered":"LA BANDA: DESINFECTAN LOS COLECTIVOS PARA EL RETORNO DEL SERVICIO"},"content":{"rendered":"\n<p>En este sentido, el personal de servicios p\u00fablicos llev\u00f3 a cabo esta actividad impulsada por el intendente Pablo Mirolo, que se realiz\u00f3 a lo largo de la jornada a las empresas de JMF, MAPO y DECANO SRL, las encargadas del transporte p\u00fablico de los ciudadanos en la ciudad.<\/p>\n\n\n\n<p>Dicha actividad, implica un gesto importante tanto para los conductores y pasajeros, as\u00ed lo explic\u00f3 el coordinador&nbsp;&nbsp;de Tr\u00e1nsito y Transporte municipal, Diego Ju\u00e1rez.<\/p>\n\n\n\n<p>Adem\u00e1s, dijo: \u201cEl municipio tratar\u00e1 de realizar esta actividad de desinfecci\u00f3n como lo viene haciendo en reiteradas oportunidades con los taxis, radiotaxis y empresas, con el fin de salvaguardar la salud de cada usuario del transporte p\u00fablico, ya que esto implica un gran alivio para muchos que dependen de este, sobre todo econ\u00f3micamente\u201d.<\/p>\n","protected":false},"excerpt":{"rendered":"<p>La Secretar\u00eda de Servicios P\u00fablicos, y la Direcci\u00f3n de Tr\u00e1nsito y Transporte de la Municipalidad de La Banda, trabajaron en conjunto en la desinfecci\u00f3n de las empresas y de las unidades m\u00f3viles del transporte p\u00fablico de pasajeros, que retorna sus actividades con normalidad desde el viernes 16.<\/p>\n","protected":false},"author":2,"featured_media":24424,"comment_status":"open","ping_status":"open","sticky":false,"template":"","format":"standard","meta":{"om_disable_all_campaigns":false,"_monsterinsights_skip_tracking":false,"_monsterinsights_sitenote_active":false,"_monsterinsights_sitenote_note":"","_monsterinsights_sitenote_category":0,"_uf_show_specific_survey":0,"_uf_disable_surveys":false,"jetpack_post_was_ever_published":false,"_jetpack_newsletter_access":"","_jetpack_dont_email_post_to_subs":false,"_jetpack_newsletter_tier_id":0,"_jetpack_memberships_contains_paywalled_content":false,"_jetpack_memberships_contains_paid_content":false,"footnotes":"","jetpack_publicize_message":"","jetpack_publicize_feature_enabled":true,"jetpack_social_post_already_shared":false,"jetpack_social_options":{"image_generator_settings":{"template":"highway","default_image_id":0,"font":"","enabled":false},"version":2}},"categories":[21],"tags":[],"class_list":["post-24423","post","type-post","status-publish","format-standard","has-post-thumbnail","hentry","category-locales"],"aioseo_notices":[],"views":5,"jetpack_publicize_connections":[],"jetpack_featured_media_url":"https:\/\/i0.wp.com\/elterritorialweb.com.ar\/web\/wp-content\/uploads\/2021\/07\/LA-BANDA-COLECTIVOS.jpeg?fit=1030%2C680&ssl=1","jetpack_sharing_enabled":true,"_links":{"self":[{"href":"https:\/\/elterritorialweb.com.ar\/web\/wp-json\/wp\/v2\/posts\/24423","targetHints":{"allow":["GET"]}}],"collection":[{"href":"https:\/\/elterritorialweb.com.ar\/web\/wp-json\/wp\/v2\/posts"}],"about":[{"href":"https:\/\/elterritorialweb.com.ar\/web\/wp-json\/wp\/v2\/types\/post"}],"author":[{"embeddable":true,"href":"https:\/\/elterritorialweb.com.ar\/web\/wp-json\/wp\/v2\/users\/2"}],"replies":[{"embeddable":true,"href":"https:\/\/elterritorialweb.com.ar\/web\/wp-json\/wp\/v2\/comments?post=24423"}],"version-history":[{"count":1,"href":"https:\/\/elterritorialweb.com.ar\/web\/wp-json\/wp\/v2\/posts\/24423\/revisions"}],"predecessor-version":[{"id":24425,"href":"https:\/\/elterritorialweb.com.ar\/web\/wp-json\/wp\/v2\/posts\/24423\/revisions\/24425"}],"wp:featuredmedia":[{"embeddable":true,"href":"https:\/\/elterritorialweb.com.ar\/web\/wp-json\/wp\/v2\/media\/24424"}],"wp:attachment":[{"href":"https:\/\/elterritorialweb.com.ar\/web\/wp-json\/wp\/v2\/media?parent=24423"}],"wp:term":[{"taxonomy":"category","embeddable":true,"href":"https:\/\/elterritorialweb.com.ar\/web\/wp-json\/wp\/v2\/categories?post=24423"},{"taxonomy":"post_tag","embeddable":true,"href":"https:\/\/elterritorialweb.com.ar\/web\/wp-json\/wp\/v2\/tags?post=24423"}],"curies":[{"name":"wp","href":"https:\/\/api.w.org\/{rel}","templated":true}]}}