{"id":24434,"date":"2021-07-15T03:11:36","date_gmt":"2021-07-15T03:11:36","guid":{"rendered":"http:\/\/elterritorialweb.com.ar\/web\/?p=24434"},"modified":"2021-07-15T03:11:36","modified_gmt":"2021-07-15T03:11:36","slug":"habilitan-los-puntos-de-recarga-para-el-boleto-electronico","status":"publish","type":"post","link":"https:\/\/elterritorialweb.com.ar\/web\/habilitan-los-puntos-de-recarga-para-el-boleto-electronico\/","title":{"rendered":"HABILITAN LOS PUNTOS DE RECARGA PARA EL BOLETO ELECTRONICO"},"content":{"rendered":"\n<p>Los usuarios pueden realizar este tr\u00e1mite en m\u00e1s de cien puntos distribuidos en la Capital y treinta m\u00e1s en la ciudad de La Banda. Adem\u00e1s se pondr\u00e1 consultar la ubicaci\u00f3n de los mismos en el link \u00abBoleto Electr\u00f3nico\u00bb de la p\u00e1gina web <a rel=\"noreferrer noopener\" href=\"http:\/\/www.santiagociudad.gov.ar\/?fbclid=IwAR3r1XuybrcWAEE7BSZ7wtPW4ccorpBpAWCxQYF4FWFpqp0rqNW3jhPASRc\" target=\"_blank\">www.santiagociudad.gov.ar.<\/a><\/p>\n\n\n\n<p>Asimismo, se informa que los comercios adheridos al servicio de recarga de las tarjetas no est\u00e1n autorizados a cobrar ninguna suma adicional al importe de la carga que solicite el usuario pero, si as\u00ed ocurriera, se solicita realizar la correspondiente denuncia indicando lugar, fecha y todo dato que entienda necesario al mail reclamosmadredeciudades@santiagociudad.gov.ar, para la realizaci\u00f3n del control del punto de venta.<\/p>\n","protected":false},"excerpt":{"rendered":"<p>Con motivo del regreso del transporte p\u00fablico de pasajeros a partir del viernes 16 de julio, la Municipalidad de la Capital inform\u00f3 que se encuentran disponibles los puntos de recarga de las tarjetas con cr\u00e9dito para acceder al servicio.<\/p>\n","protected":false},"author":2,"featured_media":13752,"comment_status":"open","ping_status":"open","sticky":false,"template":"","format":"standard","meta":{"om_disable_all_campaigns":false,"_monsterinsights_skip_tracking":false,"_monsterinsights_sitenote_active":false,"_monsterinsights_sitenote_note":"","_monsterinsights_sitenote_category":0,"_uf_show_specific_survey":0,"_uf_disable_surveys":false,"jetpack_post_was_ever_published":false,"_jetpack_newsletter_access":"","_jetpack_dont_email_post_to_subs":false,"_jetpack_newsletter_tier_id":0,"_jetpack_memberships_contains_paywalled_content":false,"_jetpack_memberships_contains_paid_content":false,"footnotes":"","jetpack_publicize_message":"","jetpack_publicize_feature_enabled":true,"jetpack_social_post_already_shared":false,"jetpack_social_options":{"image_generator_settings":{"template":"highway","default_image_id":0,"font":"","enabled":false},"version":2}},"categories":[21],"tags":[],"class_list":["post-24434","post","type-post","status-publish","format-standard","has-post-thumbnail","hentry","category-locales"],"aioseo_notices":[],"views":7,"jetpack_publicize_connections":[],"jetpack_featured_media_url":"https:\/\/i0.wp.com\/elterritorialweb.com.ar\/web\/wp-content\/uploads\/2020\/11\/RECARGA-DE-TARJETAS-TRANSPORTE.jpg?fit=1280%2C853&ssl=1","jetpack_sharing_enabled":true,"_links":{"self":[{"href":"https:\/\/elterritorialweb.com.ar\/web\/wp-json\/wp\/v2\/posts\/24434","targetHints":{"allow":["GET"]}}],"collection":[{"href":"https:\/\/elterritorialweb.com.ar\/web\/wp-json\/wp\/v2\/posts"}],"about":[{"href":"https:\/\/elterritorialweb.com.ar\/web\/wp-json\/wp\/v2\/types\/post"}],"author":[{"embeddable":true,"href":"https:\/\/elterritorialweb.com.ar\/web\/wp-json\/wp\/v2\/users\/2"}],"replies":[{"embeddable":true,"href":"https:\/\/elterritorialweb.com.ar\/web\/wp-json\/wp\/v2\/comments?post=24434"}],"version-history":[{"count":1,"href":"https:\/\/elterritorialweb.com.ar\/web\/wp-json\/wp\/v2\/posts\/24434\/revisions"}],"predecessor-version":[{"id":24435,"href":"https:\/\/elterritorialweb.com.ar\/web\/wp-json\/wp\/v2\/posts\/24434\/revisions\/24435"}],"wp:featuredmedia":[{"embeddable":true,"href":"https:\/\/elterritorialweb.com.ar\/web\/wp-json\/wp\/v2\/media\/13752"}],"wp:attachment":[{"href":"https:\/\/elterritorialweb.com.ar\/web\/wp-json\/wp\/v2\/media?parent=24434"}],"wp:term":[{"taxonomy":"category","embeddable":true,"href":"https:\/\/elterritorialweb.com.ar\/web\/wp-json\/wp\/v2\/categories?post=24434"},{"taxonomy":"post_tag","embeddable":true,"href":"https:\/\/elterritorialweb.com.ar\/web\/wp-json\/wp\/v2\/tags?post=24434"}],"curies":[{"name":"wp","href":"https:\/\/api.w.org\/{rel}","templated":true}]}}