{"id":24436,"date":"2021-07-15T03:18:52","date_gmt":"2021-07-15T03:18:52","guid":{"rendered":"http:\/\/elterritorialweb.com.ar\/web\/?p=24436"},"modified":"2021-07-15T03:18:53","modified_gmt":"2021-07-15T03:18:53","slug":"asumio-el-nuevo-director-de-cultura-de-la-municipalidad-de-la-capital","status":"publish","type":"post","link":"https:\/\/elterritorialweb.com.ar\/web\/asumio-el-nuevo-director-de-cultura-de-la-municipalidad-de-la-capital\/","title":{"rendered":"ASUMI\u00d3 EL NUEVO DIRECTOR DE CULTURA DE LA MUNICIPALIDAD DE LA CAPITAL"},"content":{"rendered":"\n<p>El Subsecretario de Cultura de la Capital, Arq. Rodolfo Legname, puso en funciones al nuevo director del \u00e1rea Francisco Avenda\u00f1o durante una breve ceremonia respetando las medidas de bioseguridad en el Sal\u00f3n Naranja de la sede municipal. <\/p>\n\n\n\n<p>Avenda\u00f1o es poeta, m\u00fasico y difusor de la cultura en general.<\/p>\n","protected":false},"excerpt":{"rendered":"<p>MUNICIPALIDAD DE LA CAPITAL<\/p>\n","protected":false},"author":2,"featured_media":24437,"comment_status":"open","ping_status":"open","sticky":false,"template":"","format":"standard","meta":{"om_disable_all_campaigns":false,"_monsterinsights_skip_tracking":false,"_monsterinsights_sitenote_active":false,"_monsterinsights_sitenote_note":"","_monsterinsights_sitenote_category":0,"_uf_show_specific_survey":0,"_uf_disable_surveys":false,"jetpack_post_was_ever_published":false,"_jetpack_newsletter_access":"","_jetpack_dont_email_post_to_subs":false,"_jetpack_newsletter_tier_id":0,"_jetpack_memberships_contains_paywalled_content":false,"_jetpack_memberships_contains_paid_content":false,"footnotes":"","jetpack_publicize_message":"","jetpack_publicize_feature_enabled":true,"jetpack_social_post_already_shared":false,"jetpack_social_options":{"image_generator_settings":{"template":"highway","default_image_id":0,"font":"","enabled":false},"version":2}},"categories":[21],"tags":[],"class_list":["post-24436","post","type-post","status-publish","format-standard","has-post-thumbnail","hentry","category-locales"],"aioseo_notices":[],"views":7,"jetpack_publicize_connections":[],"jetpack_featured_media_url":"https:\/\/i0.wp.com\/elterritorialweb.com.ar\/web\/wp-content\/uploads\/2021\/07\/DIRECTOR-DE-CULTURA-MUICIPL.jpg?fit=1296%2C864&ssl=1","jetpack_sharing_enabled":true,"_links":{"self":[{"href":"https:\/\/elterritorialweb.com.ar\/web\/wp-json\/wp\/v2\/posts\/24436","targetHints":{"allow":["GET"]}}],"collection":[{"href":"https:\/\/elterritorialweb.com.ar\/web\/wp-json\/wp\/v2\/posts"}],"about":[{"href":"https:\/\/elterritorialweb.com.ar\/web\/wp-json\/wp\/v2\/types\/post"}],"author":[{"embeddable":true,"href":"https:\/\/elterritorialweb.com.ar\/web\/wp-json\/wp\/v2\/users\/2"}],"replies":[{"embeddable":true,"href":"https:\/\/elterritorialweb.com.ar\/web\/wp-json\/wp\/v2\/comments?post=24436"}],"version-history":[{"count":1,"href":"https:\/\/elterritorialweb.com.ar\/web\/wp-json\/wp\/v2\/posts\/24436\/revisions"}],"predecessor-version":[{"id":24438,"href":"https:\/\/elterritorialweb.com.ar\/web\/wp-json\/wp\/v2\/posts\/24436\/revisions\/24438"}],"wp:featuredmedia":[{"embeddable":true,"href":"https:\/\/elterritorialweb.com.ar\/web\/wp-json\/wp\/v2\/media\/24437"}],"wp:attachment":[{"href":"https:\/\/elterritorialweb.com.ar\/web\/wp-json\/wp\/v2\/media?parent=24436"}],"wp:term":[{"taxonomy":"category","embeddable":true,"href":"https:\/\/elterritorialweb.com.ar\/web\/wp-json\/wp\/v2\/categories?post=24436"},{"taxonomy":"post_tag","embeddable":true,"href":"https:\/\/elterritorialweb.com.ar\/web\/wp-json\/wp\/v2\/tags?post=24436"}],"curies":[{"name":"wp","href":"https:\/\/api.w.org\/{rel}","templated":true}]}}