{"id":24439,"date":"2021-07-15T03:24:51","date_gmt":"2021-07-15T03:24:51","guid":{"rendered":"http:\/\/elterritorialweb.com.ar\/web\/?p=24439"},"modified":"2021-07-15T03:24:52","modified_gmt":"2021-07-15T03:24:52","slug":"coronavirus-en-santiago-se-confirmaron-563-casos-positivos-en-la-provincia","status":"publish","type":"post","link":"https:\/\/elterritorialweb.com.ar\/web\/coronavirus-en-santiago-se-confirmaron-563-casos-positivos-en-la-provincia\/","title":{"rendered":"CORONAVIRUS EN SANTIAGO: SE CONFIRMARON 563 CASOS POSITIVOS EN LA PROVINCIA"},"content":{"rendered":"\n<p>Se recuperaron cuatrocientos cinco (405) casos, por lo que son cincuenta y cuatro mil cuatrocientos cuarenta y cinco (54.445) los casos recuperados en la provincia.<\/p>\n\n\n\n<p><strong>Se notificaron en el d\u00eda de hoy cuatro (4) personas fallecidas con diagn\u00f3stico de COVID-19 activo. Una mujer de 37 a\u00f1os internada y un hombre de 64 a\u00f1os con antecedentes de diabetes, ambos internados en el CIS Banda. Una mujer de 67 a\u00f1os que estaba internada en el Hospital Independencia. Una mujer de 35 a\u00f1os con antecedentes de IRC y di\u00e1lisis cr\u00f3nica que estaba internada en un sanatorio privado de la Capital. <\/strong><\/p>\n\n\n\n<p>Hay un total de ochocientos sesenta y un (861) personas positivas fallecidas en la provincia.<\/p>\n\n\n\n<p>Se procesaron un total de dos mil ciento treinta y dos (2.132) muestras el d\u00eda de hoy.<\/p>\n\n\n\n<p><strong>Se confirmaron quinientos sesenta y tres (563) casos, Capital \u2013 Banda (322) e interior de la provincia (241) distribuidos de la siguiente manera: Abra Grande 2; Acos 1; Antaje 1; A\u00f1atuya 3; Arraga 1; Atoj Pozo 1; Bandera 7; Bandera Bajada 3; Beltr\u00e1n 1; Brea Pozo 3; Burro Pozo 1; Campo Gallo 9; Ca\u00f1ada de la Costa 1; Cardon Esquina 2; Caspi Corral 1; Cejas de los Ju\u00e1rez 3; Chilca Juliana 1; Chile 1; Clodomira 10; Colonia Dora 2; Colonia El Simbolar 1; Cuatro Bocas 2; El Aibe 1; El Bobadal 1; El Charco 2; El Cruce 2; Estaci\u00f3n Taboada 1; Fern\u00e1ndez 7; Fr\u00edas 48; Garza 3; Guardia Escolta 4; Herrera 2; Ica\u00f1o 1; Jumi Pozo 4; La Aguada 1; La D\u00e1rsena 1; La Gringa 1; La Invernada 1; La Isla 1; Laprida 1; Lavalle 16; Libertad 1; Lilo Viejo 1; Loreto 19; Los Juries 5; Los Quiroga 1; Los Tigres 1; Lugones 1; Manogasta 1; Nueva Francia 1; Pampa Mayo 1; Pinto 1; Piruaj Bajo 1; Pozo del Barrial 1; Pozuelo 1; San Jos\u00e9 del Boquer\u00f3n 1; Santa Catalina 1; Santos Lugares 2; Sol de Julio 1; Sumampa 5; Suncho Corral 3; Taca\u00f1itas 4; Termas 10; Tintina 3; Totorillas 2; Villa Hip\u00f3lita 1; Villa La Punta 1; Villa Mailin 10; Villa Nueva 3; Villa Ojo de Agua 2; Villa Salavina 2; Villa Zanj\u00f3n 1.<\/strong><\/p>\n\n\n\n<p>Permanecen activos diez mil trescientos once (10.311) casos en la provincia. <\/p>\n\n\n\n<p>El total de casos positivos acumulados es de sesenta y seis mil ochocientos ochenta y siete (66.887).<\/p>\n\n\n\n<p>Se descartaron mil seiscientos veintitr\u00e9s (1.623) casos el d\u00eda de hoy, por lo que hay ciento ochenta y seis mil ochocientos ochenta y tres (186.883) casos descartados a la fecha. <\/p>\n\n\n\n<p><strong>Importante:<\/strong> La diferencia de casos acumulados, y difundidos en el reporte nacional, obedece a diferentes horarios de carga y a santiague\u00f1os que residen en otras provincias pero que no tienen realizado el cambio de domicilio legal en su DNI. Se ha solicitado el correspondiente pedido de reclasificaci\u00f3n de los casos excedentes cargados para nuestra provincia.<\/p>\n\n\n\n<p><strong>RECOMENDACIONES<\/strong><\/p>\n\n\n\n<p>Se recuerda que TODAS las personas que son contacto estrecho de casos positivos que DEBEN realizar un AISLAMIENTO SANITARIO OBLIGATORIO de 14 d\u00edas, aunque no presenten s\u00edntomas e independientemente si fueron hisopados y su resultado fue no detectable (negativo). <\/p>\n\n\n\n<p>Durante el aislamiento sanitario las personas no pueden salir de su hogar ni recibir visitas y deben cumplir con las medidas de prevenci\u00f3n indicadas por las autoridades sanitarias. <\/p>\n\n\n\n<p>Ante la presencia de fiebre mayor o igual a 37,5\u00b0 y s\u00edntomas respiratorios como tos, dolor de garganta, dificultad para respirar, adem\u00e1s de falta de gusto y olfato de reciente aparici\u00f3n, y tambi\u00e9n cefalea, diarrea y\/o v\u00f3mitos o al haber estado en contacto con un caso confirmado, se insta a la poblaci\u00f3n a que haga un contacto de inmediato con el sistema de salud contact\u00e1ndose con su centro de salud m\u00e1s cercano o comunic\u00e1ndose al 107 y evite el contacto social <\/p>\n\n\n\n<p>Tambi\u00e9n se recuerda que se realiza el hisopado a los contactos estrechos de casos positivos que presenten s\u00edntomas o que tengan factores de riesgo (mayores de 60 a\u00f1os, embarazadas, inmunocomprometidos, enfermos oncol\u00f3gicos o dializados).<\/p>\n\n\n\n<p>Recordemos continuar respetando las medidas de distancia f\u00edsica y lavarnos frecuentemente las manos con agua y jab\u00f3n. Si necesitamos salir usemos el barbijo correctamente sin tocarlo ni tocarnos la cara. <\/p>\n\n\n\n<p>Respetar todos los protocolos vigentes y las actividades permitidas, y no realizar reuniones sociales o familiares evitando contacto estrecho con personas que no sean convivientes.<\/p>\n","protected":false},"excerpt":{"rendered":"<p>Infome del Ministerio de Salud de la provincia de Santiago del Estero.<\/p>\n","protected":false},"author":2,"featured_media":9331,"comment_status":"open","ping_status":"open","sticky":false,"template":"","format":"standard","meta":{"om_disable_all_campaigns":false,"_monsterinsights_skip_tracking":false,"_monsterinsights_sitenote_active":false,"_monsterinsights_sitenote_note":"","_monsterinsights_sitenote_category":0,"_uf_show_specific_survey":0,"_uf_disable_surveys":false,"jetpack_post_was_ever_published":false,"_jetpack_newsletter_access":"","_jetpack_dont_email_post_to_subs":false,"_jetpack_newsletter_tier_id":0,"_jetpack_memberships_contains_paywalled_content":false,"_jetpack_memberships_contains_paid_content":false,"footnotes":"","jetpack_publicize_message":"","jetpack_publicize_feature_enabled":true,"jetpack_social_post_already_shared":false,"jetpack_social_options":{"image_generator_settings":{"template":"highway","default_image_id":0,"font":"","enabled":false},"version":2}},"categories":[3],"tags":[],"class_list":["post-24439","post","type-post","status-publish","format-standard","has-post-thumbnail","hentry","category-salud"],"aioseo_notices":[],"views":6,"jetpack_publicize_connections":[],"jetpack_featured_media_url":"https:\/\/i0.wp.com\/elterritorialweb.com.ar\/web\/wp-content\/uploads\/2020\/08\/FRIAS-CONTROL-SANITARIO-1.jpg?fit=960%2C801&ssl=1","jetpack_sharing_enabled":true,"_links":{"self":[{"href":"https:\/\/elterritorialweb.com.ar\/web\/wp-json\/wp\/v2\/posts\/24439","targetHints":{"allow":["GET"]}}],"collection":[{"href":"https:\/\/elterritorialweb.com.ar\/web\/wp-json\/wp\/v2\/posts"}],"about":[{"href":"https:\/\/elterritorialweb.com.ar\/web\/wp-json\/wp\/v2\/types\/post"}],"author":[{"embeddable":true,"href":"https:\/\/elterritorialweb.com.ar\/web\/wp-json\/wp\/v2\/users\/2"}],"replies":[{"embeddable":true,"href":"https:\/\/elterritorialweb.com.ar\/web\/wp-json\/wp\/v2\/comments?post=24439"}],"version-history":[{"count":1,"href":"https:\/\/elterritorialweb.com.ar\/web\/wp-json\/wp\/v2\/posts\/24439\/revisions"}],"predecessor-version":[{"id":24440,"href":"https:\/\/elterritorialweb.com.ar\/web\/wp-json\/wp\/v2\/posts\/24439\/revisions\/24440"}],"wp:featuredmedia":[{"embeddable":true,"href":"https:\/\/elterritorialweb.com.ar\/web\/wp-json\/wp\/v2\/media\/9331"}],"wp:attachment":[{"href":"https:\/\/elterritorialweb.com.ar\/web\/wp-json\/wp\/v2\/media?parent=24439"}],"wp:term":[{"taxonomy":"category","embeddable":true,"href":"https:\/\/elterritorialweb.com.ar\/web\/wp-json\/wp\/v2\/categories?post=24439"},{"taxonomy":"post_tag","embeddable":true,"href":"https:\/\/elterritorialweb.com.ar\/web\/wp-json\/wp\/v2\/tags?post=24439"}],"curies":[{"name":"wp","href":"https:\/\/api.w.org\/{rel}","templated":true}]}}