{"id":24451,"date":"2021-07-15T23:09:24","date_gmt":"2021-07-15T23:09:24","guid":{"rendered":"http:\/\/elterritorialweb.com.ar\/web\/?p=24451"},"modified":"2021-07-15T23:09:24","modified_gmt":"2021-07-15T23:09:24","slug":"consejeria-en-salud-integral-durante-la-campana-de-vacunacion-contra-covid-a-jovenes-santiaguenos","status":"publish","type":"post","link":"https:\/\/elterritorialweb.com.ar\/web\/consejeria-en-salud-integral-durante-la-campana-de-vacunacion-contra-covid-a-jovenes-santiaguenos\/","title":{"rendered":"CONSEJERIA EN SALUD INTEGRAL DURANTE LA CAMPA\u00d1A DE VACUNACI\u00d3N CONTRA COVID A J\u00d3VENES SANTIAGUE\u00d1OS"},"content":{"rendered":"\n<p>Durante la vacunaci\u00f3n a personas de 23 y 24 a\u00f1os, las y los asesores en salud integral brindan consejer\u00edas gratuitas con informaci\u00f3n segura, precisa, cient\u00edfica y oportuna, entregan folleter\u00eda y m\u00e9todos anticonceptivos, como tambi\u00e9n comunican sobre los servicios de salud disponibles.<br><\/p>\n\n\n\n<p>De igual forma estar\u00e1n presentes en la vacunaci\u00f3n de las y los adolescentes de 20 a 22 a\u00f1os, ma\u00f1ana, viernes 16 de julio de 9 a 15hs. Podr\u00e1s encontrarlos en los clubes Coronel Borges, Sportivo Col\u00f3n, Nicol\u00e1s Avellaneda, Quimsa, Belgrano, Dorrego, Alte. Brown, Villa Hortensia, CIC Campo Contreras de Capital; y en Sindicato de Aceiteros y Desmontadores, Club Tiro Federal y SUM Escuela Normal de la Ciudad de La Banda.<br><\/p>\n\n\n\n<p>Tambi\u00e9n Puedes comunicarte con ellos\/as a trav\u00e9s de sus redes sociales, Facebook: Adolescentes de Santiago del Estero e Instagram: @Adolescentes.SgodelEstero. All\u00ed se brindan consejer\u00edas de diferentes temas que demandan las y los j\u00f3venes, como m\u00e9todos anticonceptivos, salud sexual, reproductiva e integral, prevenci\u00f3n de embarazo y dem\u00e1s tem\u00e1ticas de inter\u00e9s.<\/p>\n","protected":false},"excerpt":{"rendered":"<p>Desde el dispositivo de Asesor\u00edas en Salud Integral Adolescente, dependientes del Plan ENIA y de la Direcci\u00f3n Materno Infanto Juvenil del Ministerio de Salud de la Provincia, se encuentran brindando consejer\u00eda acerca de salud integral en las campa\u00f1as de vacunaci\u00f3n a las y los j\u00f3venes santiague\u00f1os residentes de Capital y La Banda.<\/p>\n","protected":false},"author":2,"featured_media":24452,"comment_status":"open","ping_status":"open","sticky":false,"template":"","format":"standard","meta":{"om_disable_all_campaigns":false,"_monsterinsights_skip_tracking":false,"_monsterinsights_sitenote_active":false,"_monsterinsights_sitenote_note":"","_monsterinsights_sitenote_category":0,"_uf_show_specific_survey":0,"_uf_disable_surveys":false,"jetpack_post_was_ever_published":false,"_jetpack_newsletter_access":"","_jetpack_dont_email_post_to_subs":false,"_jetpack_newsletter_tier_id":0,"_jetpack_memberships_contains_paywalled_content":false,"_jetpack_memberships_contains_paid_content":false,"footnotes":"","jetpack_publicize_message":"","jetpack_publicize_feature_enabled":true,"jetpack_social_post_already_shared":false,"jetpack_social_options":{"image_generator_settings":{"template":"highway","default_image_id":0,"font":"","enabled":false},"version":2}},"categories":[3],"tags":[],"class_list":["post-24451","post","type-post","status-publish","format-standard","has-post-thumbnail","hentry","category-salud"],"aioseo_notices":[],"views":2,"jetpack_publicize_connections":[],"jetpack_featured_media_url":"https:\/\/i0.wp.com\/elterritorialweb.com.ar\/web\/wp-content\/uploads\/2021\/07\/consejeria-.jpeg?fit=1600%2C1200&ssl=1","jetpack_sharing_enabled":true,"_links":{"self":[{"href":"https:\/\/elterritorialweb.com.ar\/web\/wp-json\/wp\/v2\/posts\/24451","targetHints":{"allow":["GET"]}}],"collection":[{"href":"https:\/\/elterritorialweb.com.ar\/web\/wp-json\/wp\/v2\/posts"}],"about":[{"href":"https:\/\/elterritorialweb.com.ar\/web\/wp-json\/wp\/v2\/types\/post"}],"author":[{"embeddable":true,"href":"https:\/\/elterritorialweb.com.ar\/web\/wp-json\/wp\/v2\/users\/2"}],"replies":[{"embeddable":true,"href":"https:\/\/elterritorialweb.com.ar\/web\/wp-json\/wp\/v2\/comments?post=24451"}],"version-history":[{"count":1,"href":"https:\/\/elterritorialweb.com.ar\/web\/wp-json\/wp\/v2\/posts\/24451\/revisions"}],"predecessor-version":[{"id":24453,"href":"https:\/\/elterritorialweb.com.ar\/web\/wp-json\/wp\/v2\/posts\/24451\/revisions\/24453"}],"wp:featuredmedia":[{"embeddable":true,"href":"https:\/\/elterritorialweb.com.ar\/web\/wp-json\/wp\/v2\/media\/24452"}],"wp:attachment":[{"href":"https:\/\/elterritorialweb.com.ar\/web\/wp-json\/wp\/v2\/media?parent=24451"}],"wp:term":[{"taxonomy":"category","embeddable":true,"href":"https:\/\/elterritorialweb.com.ar\/web\/wp-json\/wp\/v2\/categories?post=24451"},{"taxonomy":"post_tag","embeddable":true,"href":"https:\/\/elterritorialweb.com.ar\/web\/wp-json\/wp\/v2\/tags?post=24451"}],"curies":[{"name":"wp","href":"https:\/\/api.w.org\/{rel}","templated":true}]}}