{"id":24454,"date":"2021-07-15T23:23:48","date_gmt":"2021-07-15T23:23:48","guid":{"rendered":"http:\/\/elterritorialweb.com.ar\/web\/?p=24454"},"modified":"2021-07-15T23:23:49","modified_gmt":"2021-07-15T23:23:49","slug":"mirolo-firmo-un-convenio-con-nacion-para-promover-la-inclusion-laboral-de-los-jovenes-bandenos","status":"publish","type":"post","link":"https:\/\/elterritorialweb.com.ar\/web\/mirolo-firmo-un-convenio-con-nacion-para-promover-la-inclusion-laboral-de-los-jovenes-bandenos\/","title":{"rendered":"MIROLO FIRM\u00d3 UN CONVENIO CON NACI\u00d3N PARA PROMOVER LA INCLUSI\u00d3N LABORAL DE LOS J\u00d3VENES BANDE\u00d1OS"},"content":{"rendered":"\n<p>El proyecto denominado \u201cLo que vos sabes, lo que yo s\u00e9. Me incluy\u00f3, te incluy\u00f3, nos incluimos\u201d, que busca promover el aprendizaje y desarrollo de habilidades, capacidades con el fin de iniciar proyectos laborales.<\/p>\n\n\n\n<p>A trav\u00e9s de la firma del convenio, se asignar\u00e1n fondos para cubrir los gastos de equipamiento, materia prima y recursos humanos con los que se habilitar\u00e1 un ciclo de capacitaciones en oficios con salida laboral.&nbsp;<\/p>\n\n\n\n<p>Los beneficiarios son 560 j\u00f3venes de entre 18 y 29 a\u00f1os oriundos de la ciudad de La Banda que recibir\u00e1n mensualmente durante un a\u00f1o un monto fijo sin realizar una contraprestaci\u00f3n laboral y accediendo de manera obligatoria a diferentes capacitaciones.<\/p>\n\n\n\n<p>Al respecto, Mirolo manifest\u00f3: \u201cLa firma de este convenio nos permitir\u00e1 continuar generando oportunidades para m\u00e1s de 500 j\u00f3venes de la ciudad que ser\u00e1n capacitados durante un a\u00f1o con la idea de que puedan insertarse r\u00e1pidamente en el mercado laboral. Para lo que el Estado debe estar presente brindando las herramientas necesaria para capacitarlos en diferentes oficios\u201d.<\/p>\n\n\n\n<p>Por su parte, la directora de la Juventud, Florencia Ledesma, se\u00f1al\u00f3: \u201cEl programa est\u00e1 dividido en diferentes m\u00f3dulos y tem\u00e1ticas, como reparaci\u00f3n de celulares, refrigeraci\u00f3n, construcci\u00f3n en Durlock, arte, m\u00fasica, promotores de salud, entre otros. Estas tem\u00e1ticas fueron seleccionadas en base a un relevamiento que fue realizado para conocer las inquietudes y necesidades de los j\u00f3venes de la ciudad\u201d.&nbsp;<\/p>\n\n\n\n<p>El jefe comunal, presidi\u00f3 la firma del convenio junto al secretario de Desarrollo Humano, Ramiro Barrera y la directora de la Juventud, Florencia Ledesma.<\/p>\n\n\n\n<p><\/p>\n\n\n\n<p><\/p>\n\n\n\n<p><\/p>\n\n\n\n<p><\/p>\n","protected":false},"excerpt":{"rendered":"<p>El intendente Pablo Mirolo firm\u00f3 un convenio de cooperaci\u00f3n con la Secretar\u00eda de Inclusi\u00f3n Social del Ministerio de Desarrollo Social de la Naci\u00f3n para continuar implementando pol\u00edticas p\u00fablicas que promueven la inclusi\u00f3n e integraci\u00f3n laboral de j\u00f3venes que se encuentran en situaci\u00f3n de vulnerabilidad social.<\/p>\n","protected":false},"author":2,"featured_media":24455,"comment_status":"open","ping_status":"open","sticky":false,"template":"","format":"standard","meta":{"om_disable_all_campaigns":false,"_monsterinsights_skip_tracking":false,"_monsterinsights_sitenote_active":false,"_monsterinsights_sitenote_note":"","_monsterinsights_sitenote_category":0,"_uf_show_specific_survey":0,"_uf_disable_surveys":false,"jetpack_post_was_ever_published":false,"_jetpack_newsletter_access":"","_jetpack_dont_email_post_to_subs":false,"_jetpack_newsletter_tier_id":0,"_jetpack_memberships_contains_paywalled_content":false,"_jetpack_memberships_contains_paid_content":false,"footnotes":"","jetpack_publicize_message":"","jetpack_publicize_feature_enabled":true,"jetpack_social_post_already_shared":false,"jetpack_social_options":{"image_generator_settings":{"template":"highway","default_image_id":0,"font":"","enabled":false},"version":2}},"categories":[18],"tags":[],"class_list":["post-24454","post","type-post","status-publish","format-standard","has-post-thumbnail","hentry","category-politica"],"aioseo_notices":[],"views":6,"jetpack_publicize_connections":[],"jetpack_featured_media_url":"https:\/\/i0.wp.com\/elterritorialweb.com.ar\/web\/wp-content\/uploads\/2021\/07\/MIROLO-CONVENIO.jpeg?fit=1210%2C423&ssl=1","jetpack_sharing_enabled":true,"_links":{"self":[{"href":"https:\/\/elterritorialweb.com.ar\/web\/wp-json\/wp\/v2\/posts\/24454","targetHints":{"allow":["GET"]}}],"collection":[{"href":"https:\/\/elterritorialweb.com.ar\/web\/wp-json\/wp\/v2\/posts"}],"about":[{"href":"https:\/\/elterritorialweb.com.ar\/web\/wp-json\/wp\/v2\/types\/post"}],"author":[{"embeddable":true,"href":"https:\/\/elterritorialweb.com.ar\/web\/wp-json\/wp\/v2\/users\/2"}],"replies":[{"embeddable":true,"href":"https:\/\/elterritorialweb.com.ar\/web\/wp-json\/wp\/v2\/comments?post=24454"}],"version-history":[{"count":1,"href":"https:\/\/elterritorialweb.com.ar\/web\/wp-json\/wp\/v2\/posts\/24454\/revisions"}],"predecessor-version":[{"id":24456,"href":"https:\/\/elterritorialweb.com.ar\/web\/wp-json\/wp\/v2\/posts\/24454\/revisions\/24456"}],"wp:featuredmedia":[{"embeddable":true,"href":"https:\/\/elterritorialweb.com.ar\/web\/wp-json\/wp\/v2\/media\/24455"}],"wp:attachment":[{"href":"https:\/\/elterritorialweb.com.ar\/web\/wp-json\/wp\/v2\/media?parent=24454"}],"wp:term":[{"taxonomy":"category","embeddable":true,"href":"https:\/\/elterritorialweb.com.ar\/web\/wp-json\/wp\/v2\/categories?post=24454"},{"taxonomy":"post_tag","embeddable":true,"href":"https:\/\/elterritorialweb.com.ar\/web\/wp-json\/wp\/v2\/tags?post=24454"}],"curies":[{"name":"wp","href":"https:\/\/api.w.org\/{rel}","templated":true}]}}