{"id":24464,"date":"2021-07-16T00:18:52","date_gmt":"2021-07-16T00:18:52","guid":{"rendered":"http:\/\/elterritorialweb.com.ar\/web\/?p=24464"},"modified":"2021-07-16T00:18:54","modified_gmt":"2021-07-16T00:18:54","slug":"avanza-la-produccion-de-netbooks-del-plan-federal-juana-manso","status":"publish","type":"post","link":"https:\/\/elterritorialweb.com.ar\/web\/avanza-la-produccion-de-netbooks-del-plan-federal-juana-manso\/","title":{"rendered":"AVANZA LA PRODUCCI\u00d3N DE NETBOOKS DEL PLAN FEDERAL JUANA MANSO"},"content":{"rendered":"\n<p>El ministro de Educaci\u00f3n, Nicol\u00e1s Trotta, junto con los secretarios generales de la CTA, Hugo Yasky, y de la UOM, Antonio Cal\u00f3, recorri\u00f3 la planta de Agen S.A. (Dinatech) para supervisar la producci\u00f3n de netbooks que se lleva adelante en el marco del Plan Federal Juana Manso. La empresa result\u00f3 adjudicataria del 8,75% del total de computadoras que la cartera educativa adquirir\u00e1, lo que corresponde a un total de 47.250 equipos.<\/p>\n\n\n\n<p>Al d\u00eda de hoy, Dinatech ya tiene listas 2000 netbooks y se espera que a finales de julio el n\u00famero ascienda a 7000. El cronograma de entregas indica que a fines de agosto se sumar\u00e1n 12.950 equipos, 12.425 a fines de septiembre, 11.812 a fines de octubre y 3.063 a fines de noviembre. Actualmente la planta emplea a 50 trabajadores para esta tarea.<\/p>\n\n\n\n<figure class=\"wp-block-image size-large\"><a href=\"https:\/\/i0.wp.com\/elterritorialweb.com.ar\/web\/wp-content\/uploads\/2021\/07\/TROTTA-NETBOOKS-scaled.jpg\"><img data-recalc-dims=\"1\" decoding=\"async\" width=\"640\" height=\"427\" data-src=\"https:\/\/i0.wp.com\/elterritorialweb.com.ar\/web\/wp-content\/uploads\/2021\/07\/TROTTA-NETBOOKS.jpg?resize=640%2C427\" alt=\"\" class=\"wp-image-24466 lazyload\" data-srcset=\"https:\/\/i0.wp.com\/elterritorialweb.com.ar\/web\/wp-content\/uploads\/2021\/07\/TROTTA-NETBOOKS-scaled.jpg?resize=1024%2C683&amp;ssl=1 1024w, https:\/\/i0.wp.com\/elterritorialweb.com.ar\/web\/wp-content\/uploads\/2021\/07\/TROTTA-NETBOOKS-scaled.jpg?resize=300%2C200&amp;ssl=1 300w, https:\/\/i0.wp.com\/elterritorialweb.com.ar\/web\/wp-content\/uploads\/2021\/07\/TROTTA-NETBOOKS-scaled.jpg?resize=768%2C512&amp;ssl=1 768w, https:\/\/i0.wp.com\/elterritorialweb.com.ar\/web\/wp-content\/uploads\/2021\/07\/TROTTA-NETBOOKS-scaled.jpg?resize=1536%2C1024&amp;ssl=1 1536w, https:\/\/i0.wp.com\/elterritorialweb.com.ar\/web\/wp-content\/uploads\/2021\/07\/TROTTA-NETBOOKS-scaled.jpg?resize=2048%2C1366&amp;ssl=1 2048w, https:\/\/i0.wp.com\/elterritorialweb.com.ar\/web\/wp-content\/uploads\/2021\/07\/TROTTA-NETBOOKS-scaled.jpg?w=1280 1280w, https:\/\/i0.wp.com\/elterritorialweb.com.ar\/web\/wp-content\/uploads\/2021\/07\/TROTTA-NETBOOKS-scaled.jpg?w=1920 1920w\" data-sizes=\"(max-width: 640px) 100vw, 640px\" src=\"data:image\/svg+xml;base64,PHN2ZyB3aWR0aD0iMSIgaGVpZ2h0PSIxIiB4bWxucz0iaHR0cDovL3d3dy53My5vcmcvMjAwMC9zdmciPjwvc3ZnPg==\" style=\"--smush-placeholder-width: 640px; --smush-placeholder-aspect-ratio: 640\/427;\" \/><\/a><\/figure>\n\n\n\n<p><em>\u201cEl plan es una herramienta para enfrentar la profunda desigualdad que existe en la Argentina; y estas computadoras facilitan el acceso a la tecnolog\u00eda en este contexto de pandemia que estamos transitando y contribuyen al objetivo de seguir trabajando para reducir la brecha digital en la Argentina\u201d<\/em>, asegur\u00f3 el ministro Trotta.<\/p>\n\n\n\n<p>Desde el Ministerio de Educaci\u00f3n, a trav\u00e9s del Plan Federal Juana Manso, se prev\u00e9 la entrega de equipamiento tecnol\u00f3gico para las y los estudiantes. El plan incluye, en esta primera etapa, la producci\u00f3n de 633.000 netbooks, la provisi\u00f3n de conectividad a los establecimientos escolares -cuya licitaci\u00f3n p\u00fablica est\u00e1 prevista para este a\u00f1o- con vistas a cubrir la totalidad del sistema para 2023, la plataforma de aulas y recursos educativos abiertos y la formaci\u00f3n docente.<\/p>\n\n\n\n<figure class=\"wp-block-image size-large\"><a href=\"https:\/\/i0.wp.com\/elterritorialweb.com.ar\/web\/wp-content\/uploads\/2021\/07\/NETBOOKS-JUANA-MANSO-2-scaled.jpg\"><img data-recalc-dims=\"1\" decoding=\"async\" width=\"640\" height=\"427\" data-src=\"https:\/\/i0.wp.com\/elterritorialweb.com.ar\/web\/wp-content\/uploads\/2021\/07\/NETBOOKS-JUANA-MANSO-2.jpg?resize=640%2C427\" alt=\"\" class=\"wp-image-24467 lazyload\" data-srcset=\"https:\/\/i0.wp.com\/elterritorialweb.com.ar\/web\/wp-content\/uploads\/2021\/07\/NETBOOKS-JUANA-MANSO-2-scaled.jpg?resize=1024%2C683&amp;ssl=1 1024w, https:\/\/i0.wp.com\/elterritorialweb.com.ar\/web\/wp-content\/uploads\/2021\/07\/NETBOOKS-JUANA-MANSO-2-scaled.jpg?resize=300%2C200&amp;ssl=1 300w, https:\/\/i0.wp.com\/elterritorialweb.com.ar\/web\/wp-content\/uploads\/2021\/07\/NETBOOKS-JUANA-MANSO-2-scaled.jpg?resize=768%2C512&amp;ssl=1 768w, https:\/\/i0.wp.com\/elterritorialweb.com.ar\/web\/wp-content\/uploads\/2021\/07\/NETBOOKS-JUANA-MANSO-2-scaled.jpg?resize=1536%2C1024&amp;ssl=1 1536w, https:\/\/i0.wp.com\/elterritorialweb.com.ar\/web\/wp-content\/uploads\/2021\/07\/NETBOOKS-JUANA-MANSO-2-scaled.jpg?resize=2048%2C1366&amp;ssl=1 2048w, https:\/\/i0.wp.com\/elterritorialweb.com.ar\/web\/wp-content\/uploads\/2021\/07\/NETBOOKS-JUANA-MANSO-2-scaled.jpg?w=1280 1280w, https:\/\/i0.wp.com\/elterritorialweb.com.ar\/web\/wp-content\/uploads\/2021\/07\/NETBOOKS-JUANA-MANSO-2-scaled.jpg?w=1920 1920w\" data-sizes=\"(max-width: 640px) 100vw, 640px\" src=\"data:image\/svg+xml;base64,PHN2ZyB3aWR0aD0iMSIgaGVpZ2h0PSIxIiB4bWxucz0iaHR0cDovL3d3dy53My5vcmcvMjAwMC9zdmciPjwvc3ZnPg==\" style=\"--smush-placeholder-width: 640px; --smush-placeholder-aspect-ratio: 640\/427;\" \/><\/a><\/figure>\n\n\n\n<p><strong>Acerca de Dinatech<\/strong><\/p>\n\n\n\n<p>El Grupo Dinatech est\u00e1 conformado por AGEN Factory, contando con una planta de 1000mts2 ubicada dentro del distrito tecnol\u00f3gico en Parque Patricios, equipada con 8 l\u00edneas de montaje y tecnolog\u00eda de \u00faltima generaci\u00f3n, contando con Certificaciones ISO 9001 y 14001. Actualmente concentra sus operaciones en el fabricaci\u00f3n y ensamble de Notebooks, PC y Televisores con su marca propia IQUAL.&nbsp;<br>Eduado Wassi, presidente del Grupo, apost\u00f3 en el 2020 al acompa\u00f1amiento de la comunidad educativa, desarroll\u00e1ndola plataforma de aprendizaje virtual IQUAL PAV, una propuesta de capacitaci\u00f3n autoasistida y a distancia, que contiene recursos y cursos de acceso gratuito para docentes del todo el pa\u00eds.<br>Ingresa a:&nbsp;<a href=\"https:\/\/iqual.education\/pav\/\">https:\/\/iqual.education\/pav\/<\/a><\/p>\n","protected":false},"excerpt":{"rendered":"<p>En esta primera etapa el Ministerio de Educaci\u00f3n adquirir\u00e1 633.000 netbooks.<\/p>\n","protected":false},"author":2,"featured_media":24465,"comment_status":"open","ping_status":"open","sticky":false,"template":"","format":"standard","meta":{"om_disable_all_campaigns":false,"_monsterinsights_skip_tracking":false,"_monsterinsights_sitenote_active":false,"_monsterinsights_sitenote_note":"","_monsterinsights_sitenote_category":0,"_uf_show_specific_survey":0,"_uf_disable_surveys":false,"jetpack_post_was_ever_published":false,"_jetpack_newsletter_access":"","_jetpack_dont_email_post_to_subs":false,"_jetpack_newsletter_tier_id":0,"_jetpack_memberships_contains_paywalled_content":false,"_jetpack_memberships_contains_paid_content":false,"footnotes":"","jetpack_publicize_message":"","jetpack_publicize_feature_enabled":true,"jetpack_social_post_already_shared":false,"jetpack_social_options":{"image_generator_settings":{"template":"highway","default_image_id":0,"font":"","enabled":false},"version":2}},"categories":[19],"tags":[],"class_list":["post-24464","post","type-post","status-publish","format-standard","has-post-thumbnail","hentry","category-educacion"],"aioseo_notices":[],"views":8,"jetpack_publicize_connections":[],"jetpack_featured_media_url":"https:\/\/i0.wp.com\/elterritorialweb.com.ar\/web\/wp-content\/uploads\/2021\/07\/NETBOOKS-JUANA-MANSO-scaled.jpg?fit=2560%2C1707&ssl=1","jetpack_sharing_enabled":true,"_links":{"self":[{"href":"https:\/\/elterritorialweb.com.ar\/web\/wp-json\/wp\/v2\/posts\/24464","targetHints":{"allow":["GET"]}}],"collection":[{"href":"https:\/\/elterritorialweb.com.ar\/web\/wp-json\/wp\/v2\/posts"}],"about":[{"href":"https:\/\/elterritorialweb.com.ar\/web\/wp-json\/wp\/v2\/types\/post"}],"author":[{"embeddable":true,"href":"https:\/\/elterritorialweb.com.ar\/web\/wp-json\/wp\/v2\/users\/2"}],"replies":[{"embeddable":true,"href":"https:\/\/elterritorialweb.com.ar\/web\/wp-json\/wp\/v2\/comments?post=24464"}],"version-history":[{"count":1,"href":"https:\/\/elterritorialweb.com.ar\/web\/wp-json\/wp\/v2\/posts\/24464\/revisions"}],"predecessor-version":[{"id":24468,"href":"https:\/\/elterritorialweb.com.ar\/web\/wp-json\/wp\/v2\/posts\/24464\/revisions\/24468"}],"wp:featuredmedia":[{"embeddable":true,"href":"https:\/\/elterritorialweb.com.ar\/web\/wp-json\/wp\/v2\/media\/24465"}],"wp:attachment":[{"href":"https:\/\/elterritorialweb.com.ar\/web\/wp-json\/wp\/v2\/media?parent=24464"}],"wp:term":[{"taxonomy":"category","embeddable":true,"href":"https:\/\/elterritorialweb.com.ar\/web\/wp-json\/wp\/v2\/categories?post=24464"},{"taxonomy":"post_tag","embeddable":true,"href":"https:\/\/elterritorialweb.com.ar\/web\/wp-json\/wp\/v2\/tags?post=24464"}],"curies":[{"name":"wp","href":"https:\/\/api.w.org\/{rel}","templated":true}]}}