{"id":24475,"date":"2021-07-16T00:39:24","date_gmt":"2021-07-16T00:39:24","guid":{"rendered":"http:\/\/elterritorialweb.com.ar\/web\/?p=24475"},"modified":"2021-07-16T00:39:25","modified_gmt":"2021-07-16T00:39:25","slug":"17-295-nuevos-casos-de-covid-19-en-un-dia-con-un-total-de-4-719-952-infectados-en-argentina","status":"publish","type":"post","link":"https:\/\/elterritorialweb.com.ar\/web\/17-295-nuevos-casos-de-covid-19-en-un-dia-con-un-total-de-4-719-952-infectados-en-argentina\/","title":{"rendered":"17.295 NUEVOS CASOS DE COVID-19 EN UN D\u00cdA, CON UN TOTAL DE 4.719.952 INFECTADOS EN ARGENTINA"},"content":{"rendered":"\n<p>Otras&nbsp;<strong>455 personas murieron y 17.295 fueron reportadas con coronavirus&nbsp;<\/strong>en las \u00faltimas 24 horas en la Argentina, con lo que suman 100.695 los fallecidos registrados oficialmente a nivel nacional y 4.719.952 los contagiados desde el inicio de la pandemia, inform\u00f3 hoy el Ministerio de Salud.<\/p>\n\n\n\n<p>La cartera sanitaria indic\u00f3 que son&nbsp;<strong>5.013 los internados con coronavirus&nbsp;<\/strong>en unidades de terapia intensiva, con un porcentaje de ocupaci\u00f3n de camas de adultos de 62,2% en el pa\u00eds y del 60,1% en la \u00c1rea Metropolitana Buenos Aires.<\/p>\n\n\n\n<p>De acuerdo al Monitor P\u00fablico de Vacunaci\u00f3n, el<strong>&nbsp;total de inoculados asciende a 26.441.050, de los cuales 21.254.269 recibieron una dosis y 5.186.781 las dos,<\/strong>&nbsp;mientras que las vacunas distribuidas a las jurisdicciones llegan a 28.283.544.<\/p>\n\n\n\n<p>Un 34,68% (5.999 personas) de los infectados de hoy (17.295) corresponde a la Ciudad y a la provincia de Buenos Aires.<\/p>\n\n\n\n<p>De los 4.719.952 contagiados, el 92,06% (4.345.549) recibi\u00f3 el alta y 273.708 son casos confirmados activos.<\/p>\n\n\n\n<p>Los decesos<br>El reporte consign\u00f3 que<strong>&nbsp;fallecieron 257 hombres y 194 mujeres,&nbsp;<\/strong>mientras que dos personas de la provincia de Buenos Aires; una de Mendoza; y una de Santa Fe fueron reportadas sin dato de sexo.<\/p>\n\n\n\n<p>El parte precis\u00f3 que murieron 72 hombres en la provincia de Buenos Aires; 15 en la Ciudad de Buenos Aires; 4 en Chaco; 6 en Chubut; 3 en Corrientes; 22 en C\u00f3rdoba; 3 en Entre R\u00edos; 5 en Formosa; 3 en Jujuy; 1 en La Pampa; 32 en La Rioja; 25 en Mendoza; 2 en Misiones; 2 en Neuqu\u00e9n; 3 en R\u00edo Negro; 11 en Salta; 5 en San Luis; 7 en Santa Cruz; 25 en Santa Fe y 11 en Tucum\u00e1n.<\/p>\n\n\n\n<p>Tambi\u00e9n fallecieron 50 mujeres en Buenos Aires; 17 en la Ciudad de Buenos Aires; 10 en Chaco; 4 en Chubut; 3 en Corrientes; 20 en C\u00f3rdoba; 3 en Entre R\u00edos; 3 en Formosa; 3 en Jujuy; 16 en La Rioja; 7 en Mendoza; 3 en Misiones; 2 en R\u00edo Negro; 12 en Salta; 1 en San Juan; 6 en San Luis; 7 en Santa Cruz; 15 en Santa Fe; 3 en Santiago del Estero; 1 en Tierra del Fuego y 8 en Tucum\u00e1n.<\/p>\n\n\n\n<p>Los nuevos casos<br>Este jueves se registraron en la provincia de Buenos Aires 5.071 casos; en la Ciudad de Buenos Aires, 928; en Catamarca, 323; en Chaco, 548; en Chubut, 170; en Corrientes, 639; en C\u00f3rdoba, 1.968; en Entre R\u00edos, 840; en Formosa, 441; en Jujuy, 288; en La Pampa, 301; en La Rioja, 206; en Mendoza, 562; en Misiones, 184; en Neuqu\u00e9n, 224; en R\u00edo Negro, 244; en Salta, 747; en San Juan, 369; en San Luis, 314; en Santa Cruz, 107; en Santa Fe, 1.330; en Santiago del Estero, 723; Tierra del Fuego, 48 y en Tucum\u00e1n, 720.<\/p>\n\n\n\n<p>El Ministerio indic\u00f3, adem\u00e1s, que se realizaron en las \u00faltimas 24 horas 96.976 testeos y desde el inicio del brote ascienden a 18.011.294 las pruebas diagn\u00f3sticas para esta enfermedad.<\/p>\n\n\n\n<p>El total, provincia por povincia<br>El total de acumulados por distrito indica que la provincia de Buenos Aires suma 1.917.282 casos; la Ciudad de Buenos Aires, 479.209; Catamarca, 38.289; Chaco, 85.052; Chubut, 73.469; Corrientes, 73.228; C\u00f3rdoba, 441.231; Entre R\u00edos, 120.810; Formosa, 51.892; Jujuy, 40.081; La Pampa, 57.075; La Rioja, 25.048; Mendoza, 147.429; Misiones, 28.109; Neuqu\u00e9n, 104.369; R\u00edo Negro, 87.602; Salta, 69.224; San Juan, 55.956; San Luis, 70.732; Santa Cruz, 56.874; Santa Fe, 428.617; Santiago del Estero, 67.793; Tierra del Fuego, 30.436 y Tucum\u00e1n, 170.145.<\/p>\n\n\n\n<p>Se incluyen casos existentes en las Islas Malvinas seg\u00fan informaci\u00f3n de prensa (debido a la ocupaci\u00f3n ilegal del Reino Unido, Gran Breta\u00f1a e Irlanda del Norte no es posible contar con informaci\u00f3n propia sobre el impacto de la Covid-19 en esa parte del territorio argentino).<\/p>\n","protected":false},"excerpt":{"rendered":"<p>Informe del Ministerio de Salud de la Naci\u00f3n <\/p>\n","protected":false},"author":2,"featured_media":24476,"comment_status":"open","ping_status":"open","sticky":false,"template":"","format":"standard","meta":{"om_disable_all_campaigns":false,"_monsterinsights_skip_tracking":false,"_monsterinsights_sitenote_active":false,"_monsterinsights_sitenote_note":"","_monsterinsights_sitenote_category":0,"_uf_show_specific_survey":0,"_uf_disable_surveys":false,"jetpack_post_was_ever_published":false,"_jetpack_newsletter_access":"","_jetpack_dont_email_post_to_subs":false,"_jetpack_newsletter_tier_id":0,"_jetpack_memberships_contains_paywalled_content":false,"_jetpack_memberships_contains_paid_content":false,"footnotes":"","jetpack_publicize_message":"","jetpack_publicize_feature_enabled":true,"jetpack_social_post_already_shared":false,"jetpack_social_options":{"image_generator_settings":{"template":"highway","default_image_id":0,"font":"","enabled":false},"version":2}},"categories":[3],"tags":[],"class_list":["post-24475","post","type-post","status-publish","format-standard","has-post-thumbnail","hentry","category-salud"],"aioseo_notices":[],"views":4,"jetpack_publicize_connections":[],"jetpack_featured_media_url":"https:\/\/i0.wp.com\/elterritorialweb.com.ar\/web\/wp-content\/uploads\/2021\/07\/nuevos-casos-15-de-julio.jpg?fit=580%2C330&ssl=1","jetpack_sharing_enabled":true,"_links":{"self":[{"href":"https:\/\/elterritorialweb.com.ar\/web\/wp-json\/wp\/v2\/posts\/24475","targetHints":{"allow":["GET"]}}],"collection":[{"href":"https:\/\/elterritorialweb.com.ar\/web\/wp-json\/wp\/v2\/posts"}],"about":[{"href":"https:\/\/elterritorialweb.com.ar\/web\/wp-json\/wp\/v2\/types\/post"}],"author":[{"embeddable":true,"href":"https:\/\/elterritorialweb.com.ar\/web\/wp-json\/wp\/v2\/users\/2"}],"replies":[{"embeddable":true,"href":"https:\/\/elterritorialweb.com.ar\/web\/wp-json\/wp\/v2\/comments?post=24475"}],"version-history":[{"count":1,"href":"https:\/\/elterritorialweb.com.ar\/web\/wp-json\/wp\/v2\/posts\/24475\/revisions"}],"predecessor-version":[{"id":24477,"href":"https:\/\/elterritorialweb.com.ar\/web\/wp-json\/wp\/v2\/posts\/24475\/revisions\/24477"}],"wp:featuredmedia":[{"embeddable":true,"href":"https:\/\/elterritorialweb.com.ar\/web\/wp-json\/wp\/v2\/media\/24476"}],"wp:attachment":[{"href":"https:\/\/elterritorialweb.com.ar\/web\/wp-json\/wp\/v2\/media?parent=24475"}],"wp:term":[{"taxonomy":"category","embeddable":true,"href":"https:\/\/elterritorialweb.com.ar\/web\/wp-json\/wp\/v2\/categories?post=24475"},{"taxonomy":"post_tag","embeddable":true,"href":"https:\/\/elterritorialweb.com.ar\/web\/wp-json\/wp\/v2\/tags?post=24475"}],"curies":[{"name":"wp","href":"https:\/\/api.w.org\/{rel}","templated":true}]}}