{"id":24478,"date":"2021-07-16T03:29:20","date_gmt":"2021-07-16T03:29:20","guid":{"rendered":"http:\/\/elterritorialweb.com.ar\/web\/?p=24478"},"modified":"2021-07-16T03:29:21","modified_gmt":"2021-07-16T03:29:21","slug":"coronavirus-en-santiago-se-confirmaron-479-casos-positivos-en-la-provincia","status":"publish","type":"post","link":"https:\/\/elterritorialweb.com.ar\/web\/coronavirus-en-santiago-se-confirmaron-479-casos-positivos-en-la-provincia\/","title":{"rendered":"CORONAVIRUS EN SANTIAGO: SE CONFIRMARON 479 CASOS POSITIVOS EN LA PROVINCIA"},"content":{"rendered":"\n<p>Se recuperaron trescientos setenta (370) casos, por lo que son cincuenta y cuatro mil ochocientos quince (54.815) los casos recuperados en la provincia.<\/p>\n\n\n\n<p><strong>Se notificaron en el d\u00eda de hoy seis (6) personas fallecidas con diagn\u00f3stico de COVID-19 activo. Una mujer de 87 a\u00f1os del Dpto. Choya que estaba internada en un sanatorio privado. Una mujer de 69 a\u00f1os del Dpto. R\u00edo Hondo que estaba internada en un sanatorio privado. Una mujer de 86 a\u00f1os del Dpto. Juan F. Ibarra y una mujer de 81 a\u00f1os con antecedentes de hipertensi\u00f3n, ambos internados en un sanatorio privado de la ciudad Capital. Una mujer del Dpto. Moreno que estaba internada en el CIS Banda. Un hombre de 74 a\u00f1os que estaba internado en un sanatorio privado de la Capital. <\/strong><\/p>\n\n\n\n<p>Hay un total de ochocientos sesenta y siete (867) personas positivas fallecidas en la provincia.<\/p>\n\n\n\n<p>Se procesaron un total de mil seiscientos diez (1.610) muestras el d\u00eda de hoy.<\/p>\n\n\n\n<p><strong>Se confirmaron cuatrocientos setenta y nueve (479) casos, Capital \u2013 Banda (283) e interior de la provincia (196) distribuidos de la siguiente manera: Abra Grande 2; A\u00f1atuya 9; Atoj Pozo 1; Bandera Bajada 1; Beltr\u00e1n 5; Brea Pozo 3; Buey Muerto 1; Campo Gallo 1; Ca\u00f1ada Escobar 6; Clodomira 13; Colonia El Simbolar 1; El Alambrado 1; El Bobadal 2; El Cabur\u00e9 9; El Moj\u00f3n 2; El Ojito 1; El Quemado 1; El Sauzal 1; Estaci\u00f3n El Simbolar 4; Fern\u00e1ndez 4; Forres 2; Fr\u00edas 5; Garza 1; Ica\u00f1o 6; Km 49 1; Loreto 8; Los Pirpintos 1; Los Quiroga 5; Lugones 1; Manogasta 3; Matara 1; Monte Quemado 36; Navarro 1; Nueva Esperanza 12; Nueva Francia 1; Pampa de los Guanacos 1; Paraje Ca\u00f1ada Angosta 1; Pozo Hondo 1; Pozo Mositoj 1; Pozuelo 1; Quimili 15; Quimili Bajada 1; Real Sayana 1; San Pedro de Guasayan 1; Santos Lugares 1; Selva 1; Sumampa 2; Tala Pocito 1; Tartagal 1; Termas 9; Tramo 16 1; Vilelas 2; Villa Ojo de Agua 2; Villa Robles 1; Weisburd 2.<\/strong><\/p>\n\n\n\n<p>Permanecen activos diez mil cuatrocientos catorce (10.414) casos en la provincia.<\/p>\n\n\n\n<p>El total de casos positivos acumulados es de sesenta y siete mil trecientos sesenta y seis (67.366).<\/p>\n\n\n\n<p>Se descartaron mil ciento treinta y un (1.131) casos el d\u00eda de hoy, por lo que hay ciento ochenta y ocho mil catorce (188.014) casos descartados a la fecha. <\/p>\n\n\n\n<p>Importante: La diferencia de casos acumulados, y difundidos en el reporte nacional, obedece a diferentes horarios de carga y a santiague\u00f1os que residen en otras provincias pero que no tienen realizado el cambio de domicilio legal en su DNI. Se ha solicitado el correspondiente pedido de reclasificaci\u00f3n de los casos excedentes cargados para nuestra provincia.<\/p>\n\n\n\n<p><strong>RECOMENDACIONES<\/strong><\/p>\n\n\n\n<p>Se recuerda que TODAS las personas que son contacto estrecho de casos positivos que DEBEN realizar un AISLAMIENTO SANITARIO OBLIGATORIO de 14 d\u00edas, aunque no presenten s\u00edntomas e independientemente si fueron hisopados y su resultado fue no detectable (negativo). <\/p>\n\n\n\n<p>Durante el aislamiento sanitario las personas no pueden salir de su hogar ni recibir visitas y deben cumplir con las medidas de prevenci\u00f3n indicadas por las autoridades sanitarias. <\/p>\n\n\n\n<p>Ante la presencia de fiebre mayor o igual a 37,5\u00b0 y s\u00edntomas respiratorios como tos, dolor de garganta, dificultad para respirar, adem\u00e1s de falta de gusto y olfato de reciente aparici\u00f3n, y tambi\u00e9n cefalea, diarrea y\/o v\u00f3mitos o al haber estado en contacto con un caso confirmado, se insta a la poblaci\u00f3n a que haga un contacto de inmediato con el sistema de salud contact\u00e1ndose con su centro de salud m\u00e1s cercano o comunic\u00e1ndose al 107 y evite el contacto social <\/p>\n\n\n\n<p>Tambi\u00e9n se recuerda que se realiza el hisopado a los contactos estrechos de casos positivos que presenten s\u00edntomas o que tengan factores de riesgo (mayores de 60 a\u00f1os, embarazadas, inmunocomprometidos, enfermos oncol\u00f3gicos o dializados).<\/p>\n\n\n\n<p>Recordemos continuar respetando las medidas de distancia f\u00edsica y lavarnos frecuentemente las manos con agua y jab\u00f3n. Si necesitamos salir usemos el barbijo correctamente sin tocarlo ni tocarnos la cara. <\/p>\n\n\n\n<p>Respetar todos los protocolos vigentes y las actividades permitidas, y no realizar reuniones sociales o familiares evitando contacto estrecho con personas que no sean convivientes.<\/p>\n","protected":false},"excerpt":{"rendered":"<p>Informe del Ministerio de Salud de la provincia de Santiago del Estero.<\/p>\n","protected":false},"author":2,"featured_media":24479,"comment_status":"open","ping_status":"open","sticky":false,"template":"","format":"standard","meta":{"om_disable_all_campaigns":false,"_monsterinsights_skip_tracking":false,"_monsterinsights_sitenote_active":false,"_monsterinsights_sitenote_note":"","_monsterinsights_sitenote_category":0,"_uf_show_specific_survey":0,"_uf_disable_surveys":false,"jetpack_post_was_ever_published":false,"_jetpack_newsletter_access":"","_jetpack_dont_email_post_to_subs":false,"_jetpack_newsletter_tier_id":0,"_jetpack_memberships_contains_paywalled_content":false,"_jetpack_memberships_contains_paid_content":false,"footnotes":"","jetpack_publicize_message":"","jetpack_publicize_feature_enabled":true,"jetpack_social_post_already_shared":false,"jetpack_social_options":{"image_generator_settings":{"template":"highway","default_image_id":0,"font":"","enabled":false},"version":2}},"categories":[3],"tags":[],"class_list":["post-24478","post","type-post","status-publish","format-standard","has-post-thumbnail","hentry","category-salud"],"aioseo_notices":[],"views":2,"jetpack_publicize_connections":[],"jetpack_featured_media_url":"https:\/\/i0.wp.com\/elterritorialweb.com.ar\/web\/wp-content\/uploads\/2021\/07\/reporte-diario-15-de-julio-1-e1626406089763.jpg?fit=960%2C793&ssl=1","jetpack_sharing_enabled":true,"_links":{"self":[{"href":"https:\/\/elterritorialweb.com.ar\/web\/wp-json\/wp\/v2\/posts\/24478","targetHints":{"allow":["GET"]}}],"collection":[{"href":"https:\/\/elterritorialweb.com.ar\/web\/wp-json\/wp\/v2\/posts"}],"about":[{"href":"https:\/\/elterritorialweb.com.ar\/web\/wp-json\/wp\/v2\/types\/post"}],"author":[{"embeddable":true,"href":"https:\/\/elterritorialweb.com.ar\/web\/wp-json\/wp\/v2\/users\/2"}],"replies":[{"embeddable":true,"href":"https:\/\/elterritorialweb.com.ar\/web\/wp-json\/wp\/v2\/comments?post=24478"}],"version-history":[{"count":1,"href":"https:\/\/elterritorialweb.com.ar\/web\/wp-json\/wp\/v2\/posts\/24478\/revisions"}],"predecessor-version":[{"id":24480,"href":"https:\/\/elterritorialweb.com.ar\/web\/wp-json\/wp\/v2\/posts\/24478\/revisions\/24480"}],"wp:featuredmedia":[{"embeddable":true,"href":"https:\/\/elterritorialweb.com.ar\/web\/wp-json\/wp\/v2\/media\/24479"}],"wp:attachment":[{"href":"https:\/\/elterritorialweb.com.ar\/web\/wp-json\/wp\/v2\/media?parent=24478"}],"wp:term":[{"taxonomy":"category","embeddable":true,"href":"https:\/\/elterritorialweb.com.ar\/web\/wp-json\/wp\/v2\/categories?post=24478"},{"taxonomy":"post_tag","embeddable":true,"href":"https:\/\/elterritorialweb.com.ar\/web\/wp-json\/wp\/v2\/tags?post=24478"}],"curies":[{"name":"wp","href":"https:\/\/api.w.org\/{rel}","templated":true}]}}