{"id":24481,"date":"2021-07-17T01:59:45","date_gmt":"2021-07-17T01:59:45","guid":{"rendered":"http:\/\/elterritorialweb.com.ar\/web\/?p=24481"},"modified":"2021-07-17T02:08:02","modified_gmt":"2021-07-17T02:08:02","slug":"el-sanado-convitio-en-ley-el-marco-regulatorio-para-biocombustibles-y-un-programa-de-alivio-fiscal-para-pequenos-constribuyentes","status":"publish","type":"post","link":"https:\/\/elterritorialweb.com.ar\/web\/el-sanado-convitio-en-ley-el-marco-regulatorio-para-biocombustibles-y-un-programa-de-alivio-fiscal-para-pequenos-constribuyentes\/","title":{"rendered":"EL SANADO CONVITI\u00d3 EN LEY EL MARCO REGULATORIO PARA BIOCOMBUSTIBLES Y UN PROGRAMA DE ALIVIO FISCAL PARA PEQUE\u00d1OS CONSTRIBUYENTES"},"content":{"rendered":"\n<p>La C\u00e1mara aprob\u00f3 tambi\u00e9n el marco normativo para el desarrollo de la industria de cannabis medicinal y c\u00e1\u00f1amo industrial; la creaci\u00f3n de un programa de sustentabilidad ambiental y seguros, y la autorizaci\u00f3n de la entrada de tropas extranjeras y la salida de fuerzas nacionales para ejercitaciones combinadas.<\/p>\n\n\n\n<p>En materia fiscal, el Senado aprob\u00f3 el proyecto venido en revisi\u00f3n que instrumenta medidas relativas al impuesto a las ganancias y sobre los bienes personales, destinadas a fortalecer el ahorro interno en pesos y proveer liquidez al sistema financiero local, impulsando la reactivaci\u00f3n econ\u00f3mica a trav\u00e9s de diversos incentivos tributarios. Tambi\u00e9n, convirti\u00f3 en ley la creaci\u00f3n del Programa de Fortalecimiento y Alivio Fiscal para Peque\u00f1os Contribuyentes, destinado a dar mayor alivio y previsibilidad a la actividad econ\u00f3mica de los monotributistas mediante la implementaci\u00f3n de distintas acciones, entre las que se encuentran el sostenimiento de los valores mensuales de las cuotas correspondientes a los meses de enero a junio de 2021, que se retrotraen a los vigentes en diciembre de 2020; un esquema excepcional de actualizaci\u00f3n de escalas a partir de julio; un programa fiscal espec\u00edfico y un r\u00e9gimen de regularizaci\u00f3n de deudas.<\/p>\n\n\n\n<p>La C\u00e1mara aprob\u00f3 el marco regulatorio de biocombustibles, venido en revisi\u00f3n de la C\u00e1mara de Diputados, que comprende todas las actividades para su elaboraci\u00f3n, almacenaje, comercializaci\u00f3n y mezcla, y tendr\u00e1 vigencia hasta el 31 de diciembre de 2030. El proyecto establece los porcentajes obligatorios de bioetanol o biodi\u00e9sel que deber\u00e1n incluir los combustibles l\u00edquidos clasificados como nafta o gasoil, respectivamente; as\u00ed como metodolog\u00edas de c\u00e1lculo de precios; obligaciones e incentivos para las empresas elaboradoras; y facultades y funciones de la autoridad de aplicaci\u00f3n.<\/p>\n\n\n\n<p>En otro orden, el Senado dio media sanci\u00f3n al proyecto que establece el marco regulatorio de la cadena de producci\u00f3n, industrializaci\u00f3n y comercializaci\u00f3n de la planta de cannabis, sus semillas y productos derivados para uso industrial o medicinal e incluye, adem\u00e1s, la investigaci\u00f3n cient\u00edfica, con vistas a satisfacer el mercado local y generar exportaciones. Tambi\u00e9n aprob\u00f3 la creaci\u00f3n del Programa de Sustentabilidad Ambiental y Seguros (PROSAS), en el \u00e1mbito de la Superintendencia de Seguros de la Naci\u00f3n, con el objeto de promover las inversiones en nuevos emprendimientos forestales y en la ampliaci\u00f3n de los bosques existentes que se realicen en el marco de lo dispuesto por la Ley 25.080, que se financiar\u00e1 a trav\u00e9s de una al\u00edcuota a las patentes del seguro automotor.<\/p>\n\n\n\n<figure class=\"wp-block-image size-large\"><a href=\"https:\/\/i0.wp.com\/elterritorialweb.com.ar\/web\/wp-content\/uploads\/2021\/07\/senadora-.jpeg\"><img data-recalc-dims=\"1\" decoding=\"async\" width=\"640\" height=\"426\" data-src=\"https:\/\/i0.wp.com\/elterritorialweb.com.ar\/web\/wp-content\/uploads\/2021\/07\/senadora-.jpeg?resize=640%2C426\" alt=\"\" class=\"wp-image-24483 lazyload\" data-srcset=\"https:\/\/i0.wp.com\/elterritorialweb.com.ar\/web\/wp-content\/uploads\/2021\/07\/senadora-.jpeg?resize=1024%2C682&amp;ssl=1 1024w, https:\/\/i0.wp.com\/elterritorialweb.com.ar\/web\/wp-content\/uploads\/2021\/07\/senadora-.jpeg?resize=300%2C200&amp;ssl=1 300w, https:\/\/i0.wp.com\/elterritorialweb.com.ar\/web\/wp-content\/uploads\/2021\/07\/senadora-.jpeg?resize=768%2C512&amp;ssl=1 768w, https:\/\/i0.wp.com\/elterritorialweb.com.ar\/web\/wp-content\/uploads\/2021\/07\/senadora-.jpeg?w=1280&amp;ssl=1 1280w\" data-sizes=\"(max-width: 640px) 100vw, 640px\" src=\"data:image\/svg+xml;base64,PHN2ZyB3aWR0aD0iMSIgaGVpZ2h0PSIxIiB4bWxucz0iaHR0cDovL3d3dy53My5vcmcvMjAwMC9zdmciPjwvc3ZnPg==\" style=\"--smush-placeholder-width: 640px; --smush-placeholder-aspect-ratio: 640\/426;\" \/><\/a><\/figure>\n\n\n\n<p>Adem\u00e1s, se designaron embajadores ante la Unesco y en el Reino de Arabia Saudita, y se ratificaron tres decretos del Poder Ejecutivo Nacional que establecen medidas de prevenci\u00f3n y contenci\u00f3n para mitigar la propagaci\u00f3n del virus SARS-COV-2, con vigencia hasta el 31 de julio, y el marco legal para el desarrollo del plan nacional de vacunaci\u00f3n destinado a generar inmunidad adquirida contra la covid-19, con inclusi\u00f3n de la protecci\u00f3n de ni\u00f1os, ni\u00f1as y adolescentes.<\/p>\n\n\n\n<p>Adicionalmente, el Senado aprob\u00f3 el proyecto de Facilitadores Interculturales para el Sistema de Salud, que reconoce a miembros de los pueblos originarios que se integran a los equipos de salud y act\u00faan como nexo con su comunidad; la transferencia de un inmueble en la provincia de Catamarca y la declaraci\u00f3n de inter\u00e9s del festejo del centenario de R\u00edo Grande, en la provincia de Tierra del Fuego, Ant\u00e1rtida e Islas del Atl\u00e1ntico Sur.<\/p>\n\n\n\n<p>Al inicio de la sesi\u00f3n, la C\u00e1mara realiz\u00f3 un sentido homenaje al Senador Carlos Reutemann y tom\u00f3 juramento en su reemplazo a la Senadora Alejandra Vucasovich.<\/p>\n","protected":false},"excerpt":{"rendered":"<p>La presidenta provisional Claudia Ledesma Abdala de Zamora encabez\u00f3 la \u00faltima sesi\u00f3n previa al receso invernal, en la cual el Senado de la Naci\u00f3n convirti\u00f3 en ley un nuevo marco regulatorio para biocombustibles, medidas relativas a los impuestos a las ganancias y bienes personales, y un programa de alivio fiscal para peque\u00f1os contribuyentes.<\/p>\n","protected":false},"author":2,"featured_media":24482,"comment_status":"open","ping_status":"open","sticky":false,"template":"","format":"standard","meta":{"om_disable_all_campaigns":false,"_monsterinsights_skip_tracking":false,"_monsterinsights_sitenote_active":false,"_monsterinsights_sitenote_note":"","_monsterinsights_sitenote_category":0,"_uf_show_specific_survey":0,"_uf_disable_surveys":false,"jetpack_post_was_ever_published":false,"_jetpack_newsletter_access":"","_jetpack_dont_email_post_to_subs":false,"_jetpack_newsletter_tier_id":0,"_jetpack_memberships_contains_paywalled_content":false,"_jetpack_memberships_contains_paid_content":false,"footnotes":"","jetpack_publicize_message":"","jetpack_publicize_feature_enabled":true,"jetpack_social_post_already_shared":false,"jetpack_social_options":{"image_generator_settings":{"template":"highway","default_image_id":0,"font":"","enabled":false},"version":2}},"categories":[7],"tags":[],"class_list":["post-24481","post","type-post","status-publish","format-standard","has-post-thumbnail","hentry","category-nacionales"],"aioseo_notices":[],"views":3,"jetpack_publicize_connections":[],"jetpack_featured_media_url":"https:\/\/i0.wp.com\/elterritorialweb.com.ar\/web\/wp-content\/uploads\/2021\/07\/senado.jpeg?fit=1280%2C853&ssl=1","jetpack_sharing_enabled":true,"_links":{"self":[{"href":"https:\/\/elterritorialweb.com.ar\/web\/wp-json\/wp\/v2\/posts\/24481","targetHints":{"allow":["GET"]}}],"collection":[{"href":"https:\/\/elterritorialweb.com.ar\/web\/wp-json\/wp\/v2\/posts"}],"about":[{"href":"https:\/\/elterritorialweb.com.ar\/web\/wp-json\/wp\/v2\/types\/post"}],"author":[{"embeddable":true,"href":"https:\/\/elterritorialweb.com.ar\/web\/wp-json\/wp\/v2\/users\/2"}],"replies":[{"embeddable":true,"href":"https:\/\/elterritorialweb.com.ar\/web\/wp-json\/wp\/v2\/comments?post=24481"}],"version-history":[{"count":2,"href":"https:\/\/elterritorialweb.com.ar\/web\/wp-json\/wp\/v2\/posts\/24481\/revisions"}],"predecessor-version":[{"id":24486,"href":"https:\/\/elterritorialweb.com.ar\/web\/wp-json\/wp\/v2\/posts\/24481\/revisions\/24486"}],"wp:featuredmedia":[{"embeddable":true,"href":"https:\/\/elterritorialweb.com.ar\/web\/wp-json\/wp\/v2\/media\/24482"}],"wp:attachment":[{"href":"https:\/\/elterritorialweb.com.ar\/web\/wp-json\/wp\/v2\/media?parent=24481"}],"wp:term":[{"taxonomy":"category","embeddable":true,"href":"https:\/\/elterritorialweb.com.ar\/web\/wp-json\/wp\/v2\/categories?post=24481"},{"taxonomy":"post_tag","embeddable":true,"href":"https:\/\/elterritorialweb.com.ar\/web\/wp-json\/wp\/v2\/tags?post=24481"}],"curies":[{"name":"wp","href":"https:\/\/api.w.org\/{rel}","templated":true}]}}