{"id":24489,"date":"2021-07-17T03:02:41","date_gmt":"2021-07-17T03:02:41","guid":{"rendered":"http:\/\/elterritorialweb.com.ar\/web\/?p=24489"},"modified":"2021-07-17T03:02:41","modified_gmt":"2021-07-17T03:02:41","slug":"acto-por-el-dia-del-agente-penitenciario","status":"publish","type":"post","link":"https:\/\/elterritorialweb.com.ar\/web\/acto-por-el-dia-del-agente-penitenciario\/","title":{"rendered":"ACTO POR EL D\u00cdA DEL AGENTE PENITENCIARIO"},"content":{"rendered":"\n<p>Tras la revista de tropas, Agrupaci\u00f3n 16 de Julio a cargo del Alcalde Mayor Gabriel Ram\u00edrez, se enton\u00f3 el Himno Nacional Argentino y posteriormente se efectu\u00f3 la invocaci\u00f3n religiosa por el P\u00e1rroco Cristian Biscardi.&nbsp;<\/p>\n\n\n\n<p>Luego se realiz\u00f3 un minuto de silencio por los ca\u00eddos del servicio penitenciario y ofrendas florales para la patrona de c\u00e1rceles e Institutos Penitenciarios, Nuestra Se\u00f1ora del Carmen.<\/p>\n\n\n\n<figure class=\"wp-block-image size-large\"><a href=\"https:\/\/i0.wp.com\/elterritorialweb.com.ar\/web\/wp-content\/uploads\/2021\/07\/servicio-penitenciario-1.jpg\"><img data-recalc-dims=\"1\" decoding=\"async\" width=\"640\" height=\"383\" data-src=\"https:\/\/i0.wp.com\/elterritorialweb.com.ar\/web\/wp-content\/uploads\/2021\/07\/servicio-penitenciario-1.jpg?resize=640%2C383\" alt=\"\" class=\"wp-image-24491 lazyload\" data-srcset=\"https:\/\/i0.wp.com\/elterritorialweb.com.ar\/web\/wp-content\/uploads\/2021\/07\/servicio-penitenciario-1.jpg?resize=1024%2C612&amp;ssl=1 1024w, https:\/\/i0.wp.com\/elterritorialweb.com.ar\/web\/wp-content\/uploads\/2021\/07\/servicio-penitenciario-1.jpg?resize=300%2C179&amp;ssl=1 300w, https:\/\/i0.wp.com\/elterritorialweb.com.ar\/web\/wp-content\/uploads\/2021\/07\/servicio-penitenciario-1.jpg?resize=768%2C459&amp;ssl=1 768w, https:\/\/i0.wp.com\/elterritorialweb.com.ar\/web\/wp-content\/uploads\/2021\/07\/servicio-penitenciario-1.jpg?resize=1536%2C918&amp;ssl=1 1536w, https:\/\/i0.wp.com\/elterritorialweb.com.ar\/web\/wp-content\/uploads\/2021\/07\/servicio-penitenciario-1.jpg?w=1800&amp;ssl=1 1800w, https:\/\/i0.wp.com\/elterritorialweb.com.ar\/web\/wp-content\/uploads\/2021\/07\/servicio-penitenciario-1.jpg?w=1280 1280w\" data-sizes=\"(max-width: 640px) 100vw, 640px\" src=\"data:image\/svg+xml;base64,PHN2ZyB3aWR0aD0iMSIgaGVpZ2h0PSIxIiB4bWxucz0iaHR0cDovL3d3dy53My5vcmcvMjAwMC9zdmciPjwvc3ZnPg==\" style=\"--smush-placeholder-width: 640px; --smush-placeholder-aspect-ratio: 640\/383;\" \/><\/a><\/figure>\n\n\n\n<p>Seguidamente la directora del Servicio Penitenciario Provincial, Inspectora General, Mar\u00eda Rosa Coria de Lezana salud\u00f3 a los agentes en su d\u00eda, \u201cagradezco el esfuerzo y el compromiso que muestran los agentes y los invito a seguir trabajando como hasta ahora, porque todo ello ser\u00e1 en beneficio de nuestra instituci\u00f3n\u201d resalt\u00f3.&nbsp;<\/p>\n\n\n\n<p>A continuaci\u00f3n el subsecretario de Justicia, Dr. Ramiro Santill\u00e1n les dej\u00f3 un sentido mensaje a los agentes penitenciarios en su d\u00eda, \u201csi abrazan esta profesi\u00f3n de la que forman parte, con vocaci\u00f3n de servicio, con solidaridad, con orgullo de pertenencia, con dignidad y con honestidad van a ser recordados siempre\u201d, cerr\u00f3.<\/p>\n\n\n\n<figure class=\"wp-block-image size-large\"><a href=\"https:\/\/i0.wp.com\/elterritorialweb.com.ar\/web\/wp-content\/uploads\/2021\/07\/servicio-penitenciario-2.jpg\"><img data-recalc-dims=\"1\" decoding=\"async\" width=\"640\" height=\"404\" data-src=\"https:\/\/i0.wp.com\/elterritorialweb.com.ar\/web\/wp-content\/uploads\/2021\/07\/servicio-penitenciario-2.jpg?resize=640%2C404\" alt=\"\" class=\"wp-image-24492 lazyload\" data-srcset=\"https:\/\/i0.wp.com\/elterritorialweb.com.ar\/web\/wp-content\/uploads\/2021\/07\/servicio-penitenciario-2.jpg?resize=1024%2C646&amp;ssl=1 1024w, https:\/\/i0.wp.com\/elterritorialweb.com.ar\/web\/wp-content\/uploads\/2021\/07\/servicio-penitenciario-2.jpg?resize=300%2C189&amp;ssl=1 300w, https:\/\/i0.wp.com\/elterritorialweb.com.ar\/web\/wp-content\/uploads\/2021\/07\/servicio-penitenciario-2.jpg?resize=768%2C485&amp;ssl=1 768w, https:\/\/i0.wp.com\/elterritorialweb.com.ar\/web\/wp-content\/uploads\/2021\/07\/servicio-penitenciario-2.jpg?resize=1536%2C969&amp;ssl=1 1536w, https:\/\/i0.wp.com\/elterritorialweb.com.ar\/web\/wp-content\/uploads\/2021\/07\/servicio-penitenciario-2.jpg?resize=540%2C340&amp;ssl=1 540w, https:\/\/i0.wp.com\/elterritorialweb.com.ar\/web\/wp-content\/uploads\/2021\/07\/servicio-penitenciario-2.jpg?w=1800&amp;ssl=1 1800w, https:\/\/i0.wp.com\/elterritorialweb.com.ar\/web\/wp-content\/uploads\/2021\/07\/servicio-penitenciario-2.jpg?w=1280 1280w\" data-sizes=\"(max-width: 640px) 100vw, 640px\" src=\"data:image\/svg+xml;base64,PHN2ZyB3aWR0aD0iMSIgaGVpZ2h0PSIxIiB4bWxucz0iaHR0cDovL3d3dy53My5vcmcvMjAwMC9zdmciPjwvc3ZnPg==\" style=\"--smush-placeholder-width: 640px; --smush-placeholder-aspect-ratio: 640\/404;\" \/><\/a><\/figure>\n\n\n\n<p>Para finalizar el emotivo acto, la ministra de Justicia y Derechos Humanos, Dra. Matilde O\u2019Mill felicit\u00f3 a los agentes en su d\u00eda, \u201cgracias por tanto esfuerzo. Sabemos que es un camino largo -agreg\u00f3- y que en el transito seguro habr\u00e1 obst\u00e1culos, pero la fuerte convicci\u00f3n de que un modelo de re sociabilizaci\u00f3n&nbsp;diferente es posible y que la pol\u00edtica es la real herramienta con la que se cambia la realidad, me alientan a profundizarlo y a redoblar esfuerzos para lograrlo. Les agradezco a todos el esfuerzo y la dedicaci\u00f3n y les deseo un muy feliz d\u00eda\u201d, finaliz\u00f3 la ministra de Justicia y DD.HH. de la provincia.<\/p>\n","protected":false},"excerpt":{"rendered":"<p>En el Complejo Penitenciario de Colonia Pinto se llev\u00f3 a cabo el acto conmemorativo por el D\u00eda del agente Penitenciario encabezado por la ministra de Justicia y Derechos Humanos, Dra. Matilde O\u00b4Mill, acompa\u00f1ada por el subsecretario de Justicia, Dr. Ramiro Santill\u00e1n; directora General del Servicio Penitenciario Provincial, Inspectora General, Mar\u00eda Rosa Coria de Lezana; coordinador del Complejo Penitenciario de Colonia Pinto, Dr. Rogelio D\u00edaz y director de la Unidad Penitenciaria N 3 de Colonia Pinto, Inspector General Humberto Moreno, entre otros.<\/p>\n","protected":false},"author":2,"featured_media":24490,"comment_status":"open","ping_status":"open","sticky":false,"template":"","format":"standard","meta":{"om_disable_all_campaigns":false,"_monsterinsights_skip_tracking":false,"_monsterinsights_sitenote_active":false,"_monsterinsights_sitenote_note":"","_monsterinsights_sitenote_category":0,"_uf_show_specific_survey":0,"_uf_disable_surveys":false,"jetpack_post_was_ever_published":false,"_jetpack_newsletter_access":"","_jetpack_dont_email_post_to_subs":false,"_jetpack_newsletter_tier_id":0,"_jetpack_memberships_contains_paywalled_content":false,"_jetpack_memberships_contains_paid_content":false,"footnotes":"","jetpack_publicize_message":"","jetpack_publicize_feature_enabled":true,"jetpack_social_post_already_shared":false,"jetpack_social_options":{"image_generator_settings":{"template":"highway","default_image_id":0,"font":"","enabled":false},"version":2}},"categories":[21],"tags":[],"class_list":["post-24489","post","type-post","status-publish","format-standard","has-post-thumbnail","hentry","category-locales"],"aioseo_notices":[],"views":4,"jetpack_publicize_connections":[],"jetpack_featured_media_url":"https:\/\/i0.wp.com\/elterritorialweb.com.ar\/web\/wp-content\/uploads\/2021\/07\/servicio-penitenciario-.jpg?fit=1800%2C1201&ssl=1","jetpack_sharing_enabled":true,"_links":{"self":[{"href":"https:\/\/elterritorialweb.com.ar\/web\/wp-json\/wp\/v2\/posts\/24489","targetHints":{"allow":["GET"]}}],"collection":[{"href":"https:\/\/elterritorialweb.com.ar\/web\/wp-json\/wp\/v2\/posts"}],"about":[{"href":"https:\/\/elterritorialweb.com.ar\/web\/wp-json\/wp\/v2\/types\/post"}],"author":[{"embeddable":true,"href":"https:\/\/elterritorialweb.com.ar\/web\/wp-json\/wp\/v2\/users\/2"}],"replies":[{"embeddable":true,"href":"https:\/\/elterritorialweb.com.ar\/web\/wp-json\/wp\/v2\/comments?post=24489"}],"version-history":[{"count":1,"href":"https:\/\/elterritorialweb.com.ar\/web\/wp-json\/wp\/v2\/posts\/24489\/revisions"}],"predecessor-version":[{"id":24493,"href":"https:\/\/elterritorialweb.com.ar\/web\/wp-json\/wp\/v2\/posts\/24489\/revisions\/24493"}],"wp:featuredmedia":[{"embeddable":true,"href":"https:\/\/elterritorialweb.com.ar\/web\/wp-json\/wp\/v2\/media\/24490"}],"wp:attachment":[{"href":"https:\/\/elterritorialweb.com.ar\/web\/wp-json\/wp\/v2\/media?parent=24489"}],"wp:term":[{"taxonomy":"category","embeddable":true,"href":"https:\/\/elterritorialweb.com.ar\/web\/wp-json\/wp\/v2\/categories?post=24489"},{"taxonomy":"post_tag","embeddable":true,"href":"https:\/\/elterritorialweb.com.ar\/web\/wp-json\/wp\/v2\/tags?post=24489"}],"curies":[{"name":"wp","href":"https:\/\/api.w.org\/{rel}","templated":true}]}}