{"id":24494,"date":"2021-07-17T03:13:17","date_gmt":"2021-07-17T03:13:17","guid":{"rendered":"http:\/\/elterritorialweb.com.ar\/web\/?p=24494"},"modified":"2021-07-17T03:13:17","modified_gmt":"2021-07-17T03:13:17","slug":"recepcion-de-la-imagen-de-nuestra-senora-del-carmen-en-la-municipalidad","status":"publish","type":"post","link":"https:\/\/elterritorialweb.com.ar\/web\/recepcion-de-la-imagen-de-nuestra-senora-del-carmen-en-la-municipalidad\/","title":{"rendered":"RECEPCI\u00d3N DE LA IMAGEN DE NUESTRA SE\u00d1ORA DEL CARMEN EN LA MUNICIPALIDAD"},"content":{"rendered":"\n<p>Tambi\u00e9n participaron de la ceremonia el presidente del Concejo Deliberante, Humberto Santill\u00e1n, y funcionarios del gabinete. La Virgen fue trasladada por empleados municipales desde la Catedral Bas\u00edlica hacia la explanada del palacio comunal, donde se realiz\u00f3 una breve celebraci\u00f3n, teniendo en cuenta las medidas sanitarias preventivas ante la pandemia del Covid &#8211; 19.  La imagen de la Virgen permaneci\u00f3 en ese espacio hasta horas del mediod\u00eda para que pueda ser venerada por sus devotos. Durante ese lapso, estuvo custodiada por personal de distintas \u00e1reas del municipio. <\/p>\n\n\n\n<p>El padre Mario Tenti, p\u00e1rroco de la Catedral Bas\u00edlica que lleva el nombre de la Virgen, realiz\u00f3 la tradicional bendici\u00f3n a los presentes y una evocaci\u00f3n religiosa. \u00abComo cada a\u00f1o, los cristianos recurrimos a la patrona de nuestra ciudad para encontrar en ella protecci\u00f3n, consuelo y bendiciones para seguir adelante, sobre todo en este dif\u00edcil contexto en el que muchos santiague\u00f1os perdieron a un ser querido\u00bb, expres\u00f3 el presb\u00edtero. Por su parte, la intendente destac\u00f3 que fue \u201cmuy emocionante recibir a la Patrona de la ciudad en nuestra casa, invit\u00e1ndonos a reflexionar sobre el contexto social y a ser m\u00e1s responsables y solidarios con los dem\u00e1s\u201d.<\/p>\n\n\n\n<p>\u201cTeniendo en cuenta el marco sanitario hemos tomado todas las medidas para recibir a nuestra Virgen del Carmen y su bendici\u00f3n, que como todos los a\u00f1os en el mes aniversario, nuestra Patrona nos acompa\u00f1a para seguir construyendo una ciudad que incluya a todos\u201d, indic\u00f3.<a href=\"https:\/\/www.facebook.com\/264403147583987\/photos\/a.359512004739767\/796247834399513\/?__cft__[0]=AZUY_yFKfcRtJcjD6Fc0qtHivkEKEFtDB0M1u0SoocTuSPMHAzACc0RBF4cafe911V1xYg2zX3iJgnQhgVp6qzwVq9hmBL7x4YJeDVHQg5eSSoklTbvyr1KltLUxL4K0OSEXHpJovskVsVnx3REZb5ne&amp;__tn__=EH-R\"><\/a><\/p>\n","protected":false},"excerpt":{"rendered":"<p>La jefa comunal, Ing. Norma Fuentes, encabez\u00f3 la recepci\u00f3n de la imagen de la Patrona de la ciudad Nuestra Se\u00f1ora del Carmen, en la visita a la sede la Municipalidad de la Capital, con motivo de su festividad.<\/p>\n","protected":false},"author":2,"featured_media":24495,"comment_status":"open","ping_status":"open","sticky":false,"template":"","format":"standard","meta":{"om_disable_all_campaigns":false,"_monsterinsights_skip_tracking":false,"_monsterinsights_sitenote_active":false,"_monsterinsights_sitenote_note":"","_monsterinsights_sitenote_category":0,"_uf_show_specific_survey":0,"_uf_disable_surveys":false,"jetpack_post_was_ever_published":false,"_jetpack_newsletter_access":"","_jetpack_dont_email_post_to_subs":false,"_jetpack_newsletter_tier_id":0,"_jetpack_memberships_contains_paywalled_content":false,"_jetpack_memberships_contains_paid_content":false,"footnotes":"","jetpack_publicize_message":"","jetpack_publicize_feature_enabled":true,"jetpack_social_post_already_shared":false,"jetpack_social_options":{"image_generator_settings":{"template":"highway","default_image_id":0,"font":"","enabled":false},"version":2}},"categories":[21],"tags":[],"class_list":["post-24494","post","type-post","status-publish","format-standard","has-post-thumbnail","hentry","category-locales"],"aioseo_notices":[],"views":5,"jetpack_publicize_connections":[],"jetpack_featured_media_url":"https:\/\/i0.wp.com\/elterritorialweb.com.ar\/web\/wp-content\/uploads\/2021\/07\/MUNI-NUESTRA-SENORA-DEL-CARMEN.jpg?fit=1600%2C1067&ssl=1","jetpack_sharing_enabled":true,"_links":{"self":[{"href":"https:\/\/elterritorialweb.com.ar\/web\/wp-json\/wp\/v2\/posts\/24494","targetHints":{"allow":["GET"]}}],"collection":[{"href":"https:\/\/elterritorialweb.com.ar\/web\/wp-json\/wp\/v2\/posts"}],"about":[{"href":"https:\/\/elterritorialweb.com.ar\/web\/wp-json\/wp\/v2\/types\/post"}],"author":[{"embeddable":true,"href":"https:\/\/elterritorialweb.com.ar\/web\/wp-json\/wp\/v2\/users\/2"}],"replies":[{"embeddable":true,"href":"https:\/\/elterritorialweb.com.ar\/web\/wp-json\/wp\/v2\/comments?post=24494"}],"version-history":[{"count":1,"href":"https:\/\/elterritorialweb.com.ar\/web\/wp-json\/wp\/v2\/posts\/24494\/revisions"}],"predecessor-version":[{"id":24496,"href":"https:\/\/elterritorialweb.com.ar\/web\/wp-json\/wp\/v2\/posts\/24494\/revisions\/24496"}],"wp:featuredmedia":[{"embeddable":true,"href":"https:\/\/elterritorialweb.com.ar\/web\/wp-json\/wp\/v2\/media\/24495"}],"wp:attachment":[{"href":"https:\/\/elterritorialweb.com.ar\/web\/wp-json\/wp\/v2\/media?parent=24494"}],"wp:term":[{"taxonomy":"category","embeddable":true,"href":"https:\/\/elterritorialweb.com.ar\/web\/wp-json\/wp\/v2\/categories?post=24494"},{"taxonomy":"post_tag","embeddable":true,"href":"https:\/\/elterritorialweb.com.ar\/web\/wp-json\/wp\/v2\/tags?post=24494"}],"curies":[{"name":"wp","href":"https:\/\/api.w.org\/{rel}","templated":true}]}}