{"id":24505,"date":"2021-07-17T03:30:26","date_gmt":"2021-07-17T03:30:26","guid":{"rendered":"http:\/\/elterritorialweb.com.ar\/web\/?p=24505"},"modified":"2021-07-17T03:30:27","modified_gmt":"2021-07-17T03:30:27","slug":"el-2-de-agosto-comienza-el-pago-del-bono-a-los-jubilados","status":"publish","type":"post","link":"https:\/\/elterritorialweb.com.ar\/web\/el-2-de-agosto-comienza-el-pago-del-bono-a-los-jubilados\/","title":{"rendered":"EL 2 DE AGOSTO COMIENZA EL PAGO DEL BONO A LOS JUBILADOS"},"content":{"rendered":"\n<p>El bono de $ 5.000 para jubilados y pensionados comenzar\u00e1 a pagarse el lunes 2 de agosto seg\u00fan terminaci\u00f3n de DNI y con los cronogramas de pago habituales de la Administraci\u00f3n Nacional de la Seguridad Social (Anses), inform\u00f3 el organismo previsional.<\/p>\n\n\n\n<p>El bono anunciado esta semana por el presidente Alberto Fern\u00e1ndez, y la directora ejecutiva de la Anses, Fernanda Raverta, alcanzar\u00e1 a m\u00e1s de 6 millones de personas, es decir, al 83% de los beneficiarios previsionales.<\/p>\n\n\n\n<p><strong>Est\u00e1n incluidos en el beneficio jubilados, jubiladas, pensionados y pensionadas con hasta dos haberes m\u00ednimos, titulares de la Pensi\u00f3n Universal para el Adulto Mayor (PUAM), Pensiones No Contributivas (PNC) por Vejez e Invalidez y Madres de 7 hijos.<\/strong><\/p>\n\n\n\n<p><a href=\"http:\/\/noticias.anses.gob.ar\/noticia\/el-lunes-de-agosto-comienza-el-pago-del-bono-de-pesos-para-jubilados-y-pensionados-3965\" target=\"_blank\" rel=\"noreferrer noopener\">La Anses, mediante un comunicado,&nbsp;<\/a>destac\u00f3 que \u00abeste bono, financiado con recursos del Tesoro Nacional, no sufrir\u00e1 ning\u00fan descuento ni ser\u00e1 computable para ning\u00fan otro concepto\u00bb.<\/p>\n\n\n\n<p><strong>Para aquellas personas que tengan ingresos hasta dos haberes m\u00ednimos ($46.129,40 ), la suma ser\u00e1 de $5000<\/strong>; para las que perciben&nbsp;<strong>entre $46.129,41 y $51.129,39, el monto ser\u00e1 el equivalente hasta alcanzar este \u00faltimo monto.<\/strong><\/p>\n\n\n\n<p>\u00abEs un bono que les permitir\u00e1 tener la certeza de una jubilaci\u00f3n digna\u00bb, afirm\u00f3 la titular de la Anses tras el anuncio de esta semana, quien destac\u00f3 el trabajo y el compromiso del Gobierno de \u00abrecuperar el valor de compra de las jubilaciones que en dos a\u00f1os del gobierno anterior perdieron 20 puntos\u00bb.<\/p>\n\n\n\n<p><strong>Este bono de $5.000 ser\u00e1 el tercero que se otorga en 2021 a las jubilaciones m\u00ednimas<\/strong>&nbsp;-los anteriores fueron de $1.500 en abril y mayo- aunque el primero que incluir\u00e1 tambi\u00e9n a los haberes que duplican el haber m\u00e1s bajo.<\/p>\n","protected":false},"excerpt":{"rendered":"<p>El beneficio anunciado esta semana por el presidente Alberto Fern\u00e1ndez, alcanzar\u00e1 a m\u00e1s de 6 millones de personas, un 83% de los beneficiarios previsionales.<\/p>\n","protected":false},"author":2,"featured_media":24506,"comment_status":"open","ping_status":"open","sticky":false,"template":"","format":"standard","meta":{"om_disable_all_campaigns":false,"_monsterinsights_skip_tracking":false,"_monsterinsights_sitenote_active":false,"_monsterinsights_sitenote_note":"","_monsterinsights_sitenote_category":0,"_uf_show_specific_survey":0,"_uf_disable_surveys":false,"jetpack_post_was_ever_published":false,"_jetpack_newsletter_access":"","_jetpack_dont_email_post_to_subs":false,"_jetpack_newsletter_tier_id":0,"_jetpack_memberships_contains_paywalled_content":false,"_jetpack_memberships_contains_paid_content":false,"footnotes":"","jetpack_publicize_message":"","jetpack_publicize_feature_enabled":true,"jetpack_social_post_already_shared":false,"jetpack_social_options":{"image_generator_settings":{"template":"highway","default_image_id":0,"font":"","enabled":false},"version":2}},"categories":[7],"tags":[],"class_list":["post-24505","post","type-post","status-publish","format-standard","has-post-thumbnail","hentry","category-nacionales"],"aioseo_notices":[],"views":6,"jetpack_publicize_connections":[],"jetpack_featured_media_url":"https:\/\/i0.wp.com\/elterritorialweb.com.ar\/web\/wp-content\/uploads\/2021\/07\/JUBILADOS.jpg?fit=680%2C383&ssl=1","jetpack_sharing_enabled":true,"_links":{"self":[{"href":"https:\/\/elterritorialweb.com.ar\/web\/wp-json\/wp\/v2\/posts\/24505","targetHints":{"allow":["GET"]}}],"collection":[{"href":"https:\/\/elterritorialweb.com.ar\/web\/wp-json\/wp\/v2\/posts"}],"about":[{"href":"https:\/\/elterritorialweb.com.ar\/web\/wp-json\/wp\/v2\/types\/post"}],"author":[{"embeddable":true,"href":"https:\/\/elterritorialweb.com.ar\/web\/wp-json\/wp\/v2\/users\/2"}],"replies":[{"embeddable":true,"href":"https:\/\/elterritorialweb.com.ar\/web\/wp-json\/wp\/v2\/comments?post=24505"}],"version-history":[{"count":1,"href":"https:\/\/elterritorialweb.com.ar\/web\/wp-json\/wp\/v2\/posts\/24505\/revisions"}],"predecessor-version":[{"id":24507,"href":"https:\/\/elterritorialweb.com.ar\/web\/wp-json\/wp\/v2\/posts\/24505\/revisions\/24507"}],"wp:featuredmedia":[{"embeddable":true,"href":"https:\/\/elterritorialweb.com.ar\/web\/wp-json\/wp\/v2\/media\/24506"}],"wp:attachment":[{"href":"https:\/\/elterritorialweb.com.ar\/web\/wp-json\/wp\/v2\/media?parent=24505"}],"wp:term":[{"taxonomy":"category","embeddable":true,"href":"https:\/\/elterritorialweb.com.ar\/web\/wp-json\/wp\/v2\/categories?post=24505"},{"taxonomy":"post_tag","embeddable":true,"href":"https:\/\/elterritorialweb.com.ar\/web\/wp-json\/wp\/v2\/tags?post=24505"}],"curies":[{"name":"wp","href":"https:\/\/api.w.org\/{rel}","templated":true}]}}