{"id":24508,"date":"2021-07-17T03:41:14","date_gmt":"2021-07-17T03:41:14","guid":{"rendered":"http:\/\/elterritorialweb.com.ar\/web\/?p=24508"},"modified":"2021-07-17T03:43:57","modified_gmt":"2021-07-17T03:43:57","slug":"cristina-kirchner-un-juez-que-jugaba-al-tenis-con-macri-no-puede-ser-imparcial-ante-una-causa-que-me-involucra","status":"publish","type":"post","link":"https:\/\/elterritorialweb.com.ar\/web\/cristina-kirchner-un-juez-que-jugaba-al-tenis-con-macri-no-puede-ser-imparcial-ante-una-causa-que-me-involucra\/","title":{"rendered":"CRISTINA KIRCHNER: \u00abUN JUEZ QUE JUGABA AL TENIS CON MACRI NO PUEDE SER IMPARCIAL ANTE UNA CAUSA QUE ME INVOLUCRA\u00bb"},"content":{"rendered":"\n<p>La vicepresidenta Cristina Fern\u00e1ndez de Kirchner asegur\u00f3 que la causa en la que se investiga la firma del memor\u00e1ndum de entendimiento entre Argentina e Ir\u00e1n en el marco del expediente por el atentado a la AMIA es un \u201cdisparate judicial, institucional y pol\u00edtico\u201d y&nbsp;<strong>asegur\u00f3 que fue reabierta por jueces que se alinearon con el expresidente Mauricio Macri.<\/strong><\/p>\n\n\n\n<p>La expresidenta&nbsp;<strong>expuso durante poco m\u00e1s de una hora<\/strong>&nbsp;ante el Tribunal Oral Federal (TOF) 8, en el marco de la audiencia en la que comenzaron a tratarse los pedidos de nulidad formulados contra la causa reabierta en 2016 por la C\u00e1mara Federal de Casaci\u00f3n Penal y que tiene su origen en la denuncia del fallecido fiscal Alberto Nisman.<\/p>\n\n\n\n<p>\u201cEstamos acusados de ser encubridores del m\u00e1s terrible atentado terrorista que sufri\u00f3 nuestro pa\u00eds. Es un disparate judicial, institucional y pol\u00edtico esta acusaci\u00f3n\u201d, sostuvo la exmandataria tras se\u00f1alar que<strong>\u00a0lo \u00fanico que gui\u00f3 sus decisiones en relaci\u00f3n al caso AMIA fue la b\u00fasqueda de la verdad.<\/strong><\/p>\n\n\n\n<p>En este expediente, la expresidenta est\u00e1 acusada de haber buscado el encubrimiento de los iran\u00edes acusados por la voladura de la AMIA al promover la firma del memor\u00e1ndum de entendimiento entre Argentina e Ir\u00e1n durante su presidencia.<\/p>\n\n\n\n<p>Tras hacer un repaso del tr\u00e1mite del expediente, Fern\u00e1ndez de Kirchner se detuvo en el hecho de que<strong>&nbsp;la denuncia de Nisman hab\u00eda sido desestimada por inexistencia de delito por el juez federal Daniel Rafecas y que la causa fue reabierta a partir de un fallo que firmaron el 29 de diciembre de 2016&nbsp;<\/strong>los jueces de la C\u00e1mara Federal de Casaci\u00f3n Penal Gustavo Hornos y Mariano Borinsky, a quienes vincul\u00f3 con Macri.<\/p>\n\n\n\n<p>En ese punto, la exmandataria se refiri\u00f3 a los hallazgos ocurridos en el \u00faltimo tiempo relacionados con las visitas que ambos jueces de Casaci\u00f3n le hicieron a Macri cuando era presidente, tanto en la Quinta de Olivos como en la Casa Rosada.<\/p>\n\n\n\n<p>\u201cEsto es como el rey desnudo. Ac\u00e1 hubo alguien que encontr\u00f3 en un informe de ingreso de (los jueces) Hornos y Borinsky, siempre en coincidencia con las causas, tanto a la Casa de Gobierno como en Olivos. Tambi\u00e9n se descubri\u00f3 que Borinsky fue a la Quinta de Olivos en 15 oportunidades. Iba un poco m\u00e1s seguido que Hornos a la Casa Rosada. Estas visitas hab\u00edan sido negadas y los informes adulterados\u201d, sostuvo.<\/p>\n\n\n\n<figure class=\"wp-block-image size-large\"><a href=\"https:\/\/i0.wp.com\/elterritorialweb.com.ar\/web\/wp-content\/uploads\/2021\/07\/CRISTINA-KIRCHNER-1.jpg\"><img data-recalc-dims=\"1\" decoding=\"async\" width=\"640\" height=\"360\" data-src=\"https:\/\/i0.wp.com\/elterritorialweb.com.ar\/web\/wp-content\/uploads\/2021\/07\/CRISTINA-KIRCHNER-1.jpg?resize=640%2C360\" alt=\"\" class=\"wp-image-24510 lazyload\" data-srcset=\"https:\/\/i0.wp.com\/elterritorialweb.com.ar\/web\/wp-content\/uploads\/2021\/07\/CRISTINA-KIRCHNER-1.jpg?w=1004&amp;ssl=1 1004w, https:\/\/i0.wp.com\/elterritorialweb.com.ar\/web\/wp-content\/uploads\/2021\/07\/CRISTINA-KIRCHNER-1.jpg?resize=300%2C169&amp;ssl=1 300w, https:\/\/i0.wp.com\/elterritorialweb.com.ar\/web\/wp-content\/uploads\/2021\/07\/CRISTINA-KIRCHNER-1.jpg?resize=768%2C432&amp;ssl=1 768w\" data-sizes=\"(max-width: 640px) 100vw, 640px\" src=\"data:image\/svg+xml;base64,PHN2ZyB3aWR0aD0iMSIgaGVpZ2h0PSIxIiB4bWxucz0iaHR0cDovL3d3dy53My5vcmcvMjAwMC9zdmciPjwvc3ZnPg==\" style=\"--smush-placeholder-width: 640px; --smush-placeholder-aspect-ratio: 640\/360;\" \/><\/a><\/figure>\n\n\n\n<p>\u201cUn juez que jugaba al tenis con Mauricio Macri no puede ser imparcial ante una causa que me involucra. \u00bfEn serio que quieren hacernos creer que estas causas son leg\u00edtimas? Nunca vi algo as\u00ed de ilegal, los mismos jueces involucrados. Es un esc\u00e1ndalo monumental y los medios concentrados no dicen nada\u201d, afirm\u00f3 la vicepresidenta.<\/p>\n\n\n\n<p>Al desandar los caminos de la denuncia y buscar los motivos que pudieron haber forzado su tramitaci\u00f3n,&nbsp;<strong>la exmandataria vincul\u00f3 el caso con la tensi\u00f3n que hubo entre su gobierno con los fondos buitre&nbsp;<\/strong>y enmarc\u00f3 la denuncia de Nisman en un supuesto intento de aquellos de ejercer presi\u00f3n sobre su presidencia para reclamar el pago de la deuda externa privada.<\/p>\n\n\n\n<p>\u201cEl memor\u00e1ndum con Ir\u00e1n no es solo una persecuci\u00f3n. Era esto: pagarles lo que quer\u00edan a los buitres porque despu\u00e9s de pagarles a los buitres dec\u00edan que ven\u00eda la bonanza. \u00a1Y pagaron! Lograron sacar el candado para que se pagara. Yo no lo hice. Yo me banqu\u00e9 lo que me banqu\u00e9 y no me doblaron el brazo\u201d, sostuvo.<\/p>\n\n\n\n<p>En ese tramo de su exposici\u00f3n, la expresidenta mostr\u00f3 \u2013desde su despacho en la C\u00e1mara de Senadores- una\u00a0<strong>solicitada financiada por la Am\u00e9rican Task Force Argentina (ATFA) y publicada en diarios de Europa\u00a0<\/strong>en la que aparec\u00eda su imagen junto a la del entonces presidente iran\u00ed, Mahmud Ahmadineyad, junto a la pregunta, escrita en ingl\u00e9s: \u201c\u00bfUn pacto con el diablo?\u201d.<\/p>\n\n\n\n<p>La denuncia de Nisman acusaba a la expresidenta, a su entonces canciller H\u00e9ctor Timerman y a otras personas de haber firmado el memor\u00e1ndum entre Argentina e Ir\u00e1n para el avance de la causa AMIA: seg\u00fan el fallecido fiscal, detr\u00e1s del tratado que fue aprobado por el Congreso se escond\u00eda el inter\u00e9s de restablecer relaciones comerciales con ese pa\u00eds para poder exportarle carnes y granos e importar de all\u00ed petr\u00f3leo.<\/p>\n\n\n\n<p><strong>El memor\u00e1ndum con Ir\u00e1n nunca fue puesto en vigencia por parte del Estado persa y los extremos denunciados con Nisman en cuanto al comercio internacional no ocurrieron<\/strong>, a punto tal que los especialistas en petr\u00f3leo aseguraron que Argentina no estaba en condiciones de trabajar con petr\u00f3leo iran\u00ed sin un procesamiento previo.<\/p>\n\n\n\n<p>En otro tramo de su exposici\u00f3n, la exmandataria se refiri\u00f3 al tr\u00e1mite del expediente en primera instancia donde fue el juez Claudio Bonadio el que habilit\u00f3 el tratamiento de una causa melliza a la denuncia de Nisman, cuando avanz\u00f3 con el caso por supuesta traici\u00f3n a la patria, denunciado por un abogado particular y luego por dos familiares de v\u00edctimas del atentado a la AMIA.<\/p>\n\n\n\n<p>\u201cEl 29 de noviembre de 2016, (Hornos y Borinsky) resucitan, creo que es b\u00edblico, una causa fenecida y acabada. Al otro d\u00eda, el presidente Macri en una radio de Mendoza felicita con nombre y apellido a los jueces con un fallo a medida del Gobierno. Bonadio ten\u00eda la mesa servida, me pide el desafuero, no lo logra, pero s\u00ed logra encarcelar al doctor (Carlos) Zannini, a Luis D\u2019Elia y otros presos. Incomprensiblemente, el doctor Zannini sigue pidiendo explicaciones hoy en d\u00eda por qu\u00e9 estuvo preso cuatro meses\u201d, sostuvo.<\/p>\n\n\n\n<p><strong>La exposici\u00f3n de la abogada de Larroque<\/strong><\/p>\n\n\n\n<p>La segunda exposici\u00f3n ante los jueces del TOF 8 \u2013Gabriela L\u00f3pez I\u00f1iguez, Daniel Obligado y Jos\u00e9 Michilini- fue Lucila Larrandart, abogada del ministro de Desarrollo Social de la provincia de Buenos Aires, Andr\u00e9s Larroque, quien puso \u00e9nfasis en el hecho de que\u00a0<strong>los jueces que reabrieron la causa \u2013Hornos y Borinsky- intervinieron en este expediente pese a que ellos mismos se hab\u00edan excusado<\/strong>\u00a0de intervenir en cualquier caso vinculado a la causa AMIA.<\/p>\n\n\n\n<p>En el comienzo de su intervenci\u00f3n, sin embargo, Larrandart tambi\u00e9n se refiri\u00f3 al origen de la denuncia y opin\u00f3 que la hizo por \u201ccuestiones personales\u201d porque cre\u00eda que con su presentaci\u00f3n evitar\u00eda \u201cque lo echen\u201d, como alguien le hab\u00eda hecho creer.<\/p>\n\n\n\n<p>Tambi\u00e9n se refiri\u00f3 a que la denuncia fue desmentida r\u00e1pidamente por el entonces titular de Interpol, Ronald Noble, quien asegur\u00f3 que la firma del memor\u00e1ndum no har\u00eda caer las alertas rojas que pesaban sobre los imputados iran\u00edes acusados por el atentado a la AMIA por lo que la hip\u00f3tesis que indicaba que uno de los objetivos del acuerdo era dar impunidad a los acusados era falsa.<\/p>\n\n\n\n<p>En una enumeraci\u00f3n final,<strong>&nbsp;Larrandart dijo que la causa se reabri\u00f3 con una grabaci\u00f3n ilegal&nbsp;<\/strong>\u2013de un di\u00e1logo entre el entonces canciller Timerman y el expresidente de la AMIA Guillermo Borger-, se viol\u00f3 el principio que no habilita el doble juzgamiento, se avasall\u00f3 la independencia del Ministerio P\u00fablico Fiscal e intervinieron jueces que no pod\u00edan hacerlo por estar excusados.<\/p>\n\n\n\n<p>Finalmente, se refiri\u00f3 a las circunstancias que debi\u00f3 atravesar el fallecido excanciller Timerman, quien lleg\u00f3 a tener prohibida la salida del pa\u00eds por el juez Bonadio, lo que lo imposibilit\u00f3 de viajar a tiempo a Estados Unidos a realizar un tratamiento experimental para el c\u00e1ncer que lo aquejaba.<\/p>\n\n\n\n<p>Entre los acusados por esta causa est\u00e1n tambi\u00e9n el viceministro de Justicia, Juan Mart\u00edn Mena, el senador Oscar Parrilli, esp\u00eda Allan Bogado, el dirigente de la comunidad isl\u00e1mica argentina, Yussuf Khalil, y el exl\u00edder de Quebracho, Fernando Esteche.<\/p>\n","protected":false},"excerpt":{"rendered":"<p>La vicepresidenta expuso durante la audiencia p\u00fablica, que fue escuchada por m\u00e1s de 20 mil personas a trav\u00e9s de YouTube. \u00abSe hicieron maniobras persecutorias para perjudicarnos a m\u00ed y mi familia\u00bb, asegur\u00f3. El Tribunal Oral Federal 8 debe resolver si declara o no la nulidad del proceso.<\/p>\n","protected":false},"author":2,"featured_media":24509,"comment_status":"open","ping_status":"open","sticky":false,"template":"","format":"standard","meta":{"om_disable_all_campaigns":false,"_monsterinsights_skip_tracking":false,"_monsterinsights_sitenote_active":false,"_monsterinsights_sitenote_note":"","_monsterinsights_sitenote_category":0,"_uf_show_specific_survey":0,"_uf_disable_surveys":false,"jetpack_post_was_ever_published":false,"_jetpack_newsletter_access":"","_jetpack_dont_email_post_to_subs":false,"_jetpack_newsletter_tier_id":0,"_jetpack_memberships_contains_paywalled_content":false,"_jetpack_memberships_contains_paid_content":false,"footnotes":"","jetpack_publicize_message":"","jetpack_publicize_feature_enabled":true,"jetpack_social_post_already_shared":false,"jetpack_social_options":{"image_generator_settings":{"template":"highway","default_image_id":0,"font":"","enabled":false},"version":2}},"categories":[7],"tags":[],"class_list":["post-24508","post","type-post","status-publish","format-standard","has-post-thumbnail","hentry","category-nacionales"],"aioseo_notices":[],"views":5,"jetpack_publicize_connections":[],"jetpack_featured_media_url":"https:\/\/i0.wp.com\/elterritorialweb.com.ar\/web\/wp-content\/uploads\/2021\/07\/CRISTINA-KIRCHNER.jpg?fit=680%2C379&ssl=1","jetpack_sharing_enabled":true,"_links":{"self":[{"href":"https:\/\/elterritorialweb.com.ar\/web\/wp-json\/wp\/v2\/posts\/24508","targetHints":{"allow":["GET"]}}],"collection":[{"href":"https:\/\/elterritorialweb.com.ar\/web\/wp-json\/wp\/v2\/posts"}],"about":[{"href":"https:\/\/elterritorialweb.com.ar\/web\/wp-json\/wp\/v2\/types\/post"}],"author":[{"embeddable":true,"href":"https:\/\/elterritorialweb.com.ar\/web\/wp-json\/wp\/v2\/users\/2"}],"replies":[{"embeddable":true,"href":"https:\/\/elterritorialweb.com.ar\/web\/wp-json\/wp\/v2\/comments?post=24508"}],"version-history":[{"count":2,"href":"https:\/\/elterritorialweb.com.ar\/web\/wp-json\/wp\/v2\/posts\/24508\/revisions"}],"predecessor-version":[{"id":24513,"href":"https:\/\/elterritorialweb.com.ar\/web\/wp-json\/wp\/v2\/posts\/24508\/revisions\/24513"}],"wp:featuredmedia":[{"embeddable":true,"href":"https:\/\/elterritorialweb.com.ar\/web\/wp-json\/wp\/v2\/media\/24509"}],"wp:attachment":[{"href":"https:\/\/elterritorialweb.com.ar\/web\/wp-json\/wp\/v2\/media?parent=24508"}],"wp:term":[{"taxonomy":"category","embeddable":true,"href":"https:\/\/elterritorialweb.com.ar\/web\/wp-json\/wp\/v2\/categories?post=24508"},{"taxonomy":"post_tag","embeddable":true,"href":"https:\/\/elterritorialweb.com.ar\/web\/wp-json\/wp\/v2\/tags?post=24508"}],"curies":[{"name":"wp","href":"https:\/\/api.w.org\/{rel}","templated":true}]}}