{"id":24514,"date":"2021-07-17T03:47:40","date_gmt":"2021-07-17T03:47:40","guid":{"rendered":"http:\/\/elterritorialweb.com.ar\/web\/?p=24514"},"modified":"2021-07-17T03:47:42","modified_gmt":"2021-07-17T03:47:42","slug":"hasta-el-17-de-agosto-se-podran-recategorizar-los-monotributistas","status":"publish","type":"post","link":"https:\/\/elterritorialweb.com.ar\/web\/hasta-el-17-de-agosto-se-podran-recategorizar-los-monotributistas\/","title":{"rendered":"HASTA EL 17 DE AGOSTO SE PODR\u00c1N RECATEGORIZAR LOS MONOTRIBUTISTAS"},"content":{"rendered":"\n<p>La Administraci\u00f3n Federal de Ingresos P\u00fablicos (AFIP) estableci\u00f3 el plazo para que los monotributistas realicen la recategorizaci\u00f3n semestral, y posterg\u00f3 el vencimiento correspondiente al mes de agosto.<\/p>\n\n\n\n<p>De esta forma, los monotributistas podr\u00e1n realizar la recategorizaci\u00f3n entre el 28 de julio y el 17 de agosto, inform\u00f3 en un comunicado el organismo encabezado por Mercedes Marc\u00f3 de Pont.<\/p>\n\n\n\n<p>De acuerdo con el organismo, la decisi\u00f3n permitir\u00e1 garantizar que \u00ablas y los peque\u00f1os contribuyentes puedan realizar la recategorizaci\u00f3n con los valores de las escalas estipuladas en la nueva ley de alivio fiscal para peque\u00f1os contribuyentes\u00bb.<\/p>\n\n\n\n<p>La ley, sancionada por el Senado la madrugada de este viernes,<strong>&nbsp;elimina el retroactivo<\/strong>, con lo cual los monotributistas no deber\u00e1n afrontar ninguna deuda acumulada por la diferencia resultante entre lo que pagaron entre enero y junio y los nuevos valores establecidos por la ley 27.618.<\/p>\n\n\n\n<p>En ese sentido, las nuevas categor\u00edas establecidas en este per\u00edodo ser\u00e1n las que est\u00e9n vigentes entre el 1 de agosto de 2021 y el 31 de enero de 2022.<\/p>\n\n\n\n<p>Por su parte, la entidad tributaria tambi\u00e9n dispuso postergar al 27 de agosto el vencimiento del monotributo correspondiente a ese mes.<\/p>\n\n\n\n<p>En el caso de los peque\u00f1os contribuyentes que abonen a trav\u00e9s de d\u00e9bito directo por cuenta bancaria o d\u00e9bito autom\u00e1tico, la operaci\u00f3n tambi\u00e9n se efectuar\u00e1 el 27 de agosto, seg\u00fan estableci\u00f3 la AFIP.<\/p>\n","protected":false},"excerpt":{"rendered":"<p>La decisi\u00f3n permitir\u00e1 garantizar que \u00ablas y los peque\u00f1os contribuyentes puedan realizar la recategorizaci\u00f3n con los valores de las escalas estipuladas en la nueva ley de alivio fiscal para peque\u00f1os contribuyentes\u00bb.<\/p>\n","protected":false},"author":2,"featured_media":24515,"comment_status":"open","ping_status":"open","sticky":false,"template":"","format":"standard","meta":{"om_disable_all_campaigns":false,"_monsterinsights_skip_tracking":false,"_monsterinsights_sitenote_active":false,"_monsterinsights_sitenote_note":"","_monsterinsights_sitenote_category":0,"_uf_show_specific_survey":0,"_uf_disable_surveys":false,"jetpack_post_was_ever_published":false,"_jetpack_newsletter_access":"","_jetpack_dont_email_post_to_subs":false,"_jetpack_newsletter_tier_id":0,"_jetpack_memberships_contains_paywalled_content":false,"_jetpack_memberships_contains_paid_content":false,"footnotes":"","jetpack_publicize_message":"","jetpack_publicize_feature_enabled":true,"jetpack_social_post_already_shared":false,"jetpack_social_options":{"image_generator_settings":{"template":"highway","default_image_id":0,"font":"","enabled":false},"version":2}},"categories":[2],"tags":[],"class_list":["post-24514","post","type-post","status-publish","format-standard","has-post-thumbnail","hentry","category-economia"],"aioseo_notices":[],"views":7,"jetpack_publicize_connections":[],"jetpack_featured_media_url":"https:\/\/i0.wp.com\/elterritorialweb.com.ar\/web\/wp-content\/uploads\/2021\/07\/MONOTRIBUTO.jpg?fit=680%2C453&ssl=1","jetpack_sharing_enabled":true,"_links":{"self":[{"href":"https:\/\/elterritorialweb.com.ar\/web\/wp-json\/wp\/v2\/posts\/24514","targetHints":{"allow":["GET"]}}],"collection":[{"href":"https:\/\/elterritorialweb.com.ar\/web\/wp-json\/wp\/v2\/posts"}],"about":[{"href":"https:\/\/elterritorialweb.com.ar\/web\/wp-json\/wp\/v2\/types\/post"}],"author":[{"embeddable":true,"href":"https:\/\/elterritorialweb.com.ar\/web\/wp-json\/wp\/v2\/users\/2"}],"replies":[{"embeddable":true,"href":"https:\/\/elterritorialweb.com.ar\/web\/wp-json\/wp\/v2\/comments?post=24514"}],"version-history":[{"count":1,"href":"https:\/\/elterritorialweb.com.ar\/web\/wp-json\/wp\/v2\/posts\/24514\/revisions"}],"predecessor-version":[{"id":24516,"href":"https:\/\/elterritorialweb.com.ar\/web\/wp-json\/wp\/v2\/posts\/24514\/revisions\/24516"}],"wp:featuredmedia":[{"embeddable":true,"href":"https:\/\/elterritorialweb.com.ar\/web\/wp-json\/wp\/v2\/media\/24515"}],"wp:attachment":[{"href":"https:\/\/elterritorialweb.com.ar\/web\/wp-json\/wp\/v2\/media?parent=24514"}],"wp:term":[{"taxonomy":"category","embeddable":true,"href":"https:\/\/elterritorialweb.com.ar\/web\/wp-json\/wp\/v2\/categories?post=24514"},{"taxonomy":"post_tag","embeddable":true,"href":"https:\/\/elterritorialweb.com.ar\/web\/wp-json\/wp\/v2\/tags?post=24514"}],"curies":[{"name":"wp","href":"https:\/\/api.w.org\/{rel}","templated":true}]}}