{"id":24519,"date":"2021-07-17T04:22:40","date_gmt":"2021-07-17T04:22:40","guid":{"rendered":"http:\/\/elterritorialweb.com.ar\/web\/?p=24519"},"modified":"2021-07-17T04:25:40","modified_gmt":"2021-07-17T04:25:40","slug":"el-2-de-agosto-retornan-las-clases-presenciales-en-la-provincia","status":"publish","type":"post","link":"https:\/\/elterritorialweb.com.ar\/web\/el-2-de-agosto-retornan-las-clases-presenciales-en-la-provincia\/","title":{"rendered":"EL 2 DE AGOSTO RETORNAN LAS CLASES PRESENCIALES EN LA PROVINCIA"},"content":{"rendered":"\n<p>Del anuncio participaron la ministra de Educaci\u00f3n, Ciencia y Tecnolog\u00eda, Dra. Mariela Nassif; el subsecretario de Educaci\u00f3n, Prof. Alejandro Piccoli; la presidenta Interventora del Consejo General de Educaci\u00f3n, Dra. Mar\u00eda Elena Herrera y la directora del Servicio Provincial de Ense\u00f1anza Privada, Dra. Susana Muratore.<\/p>\n\n\n\n<p>La ministra Mariela Nassif recalc\u00f3,&nbsp; \u201cel COE ha tomado la decisi\u00f3n d\u00edas atr\u00e1s, que ya fue anunciada, de que nos encontramos en condiciones de retomar&nbsp; las clases presenciales en el sistema educativo de nuestra provincia a partir de la finalizaci\u00f3n del receso invernal que comienza el pr\u00f3ximo lunes 19 y que se extender\u00e1&nbsp; durante 15 d\u00edas hasta el d\u00eda 2 de Agosto, fecha en la cual estaremos retornando a clases presenciales en todos los niveles y modalidades del sistema educativo tanto de gesti\u00f3n p\u00fablica como privada. La presencia en las escuelas&nbsp; se llevar\u00e1 a cabo de la misma manera que al comienzo del ciclo lectivo, de manera cuidada. Vamos a seguir aplicando y sigue vigente la resoluci\u00f3n 136 del Ministerio de Educaci\u00f3n de la provincia, que es con la cual dimos inicio al ciclo lectivo este a\u00f1o\u201d.<\/p>\n\n\n\n<p>Asimismo, la ministra apel\u00f3 a la responsabilidad y cuidado de todos, \u201cqueremos hacer hincapi\u00e9 que esa presencialidad cuidada demanda de todos nosotros much\u00edsima responsabilidad. Nuestro objetivo ha sido siempre que la presencilaidad sea la forma en la que deban trabajar en nuestras escuelas docentes y alumnos y siempre trabajamos con ese objetivo.&nbsp;&nbsp; Por eso apelamos a la responsabilidad de todos los que circulen por las escuelas para poder sostener las clases presenciales que tan importante son para nuestros alumnos\u201d y resalt\u00f3 \u201cCon mucha esperanza nosotros nos preparamos para abordar esta segunda etapa del a\u00f1o con grandes desaf\u00edos, porque es un a\u00f1o que tambi\u00e9n se presenta con muchas complejidades. El a\u00f1o 2020 lo hab\u00eda sido y este no deja de ser menos complejo. Por lo tanto vamos a trabajar desde este Ministerio y a trav\u00e9s de los distintos organismos que lo conforman para acompa\u00f1ar a todas las instituciones educativas en lo que haga falta en este proceso que va a demandar de todos nosotros responsabilidad y mucho esfuerzo\u201d.<\/p>\n\n\n\n<p>En otro orden, la titular de la Cartera Educativa de la Provincia hizo referencia a la evaluaci\u00f3n de los alumnos, \u201cse difiri\u00f3 la evaluaci\u00f3n del primer trimestre\/ cuatrimestre seg\u00fan corresponda para aquellos alumnos que no hayan tenido una continuidad pedag\u00f3gica sostenida y que los pone en desigualdad de condiciones con otros que s\u00ed pudieron sostener ese v\u00ednculo pedag\u00f3gico\u201d expres\u00f3 Nassif. Continuando dijo: \u201cQuiero convocarlos a todos para que el d\u00eda 2 de agosto podamos hacer un regreso ordenado y cuidado a nuestras escuelas, y por supuesto desearles a todos, agradeciendo desde ya el esfuerzo que han hecho durante todo este tiempo quienes integran las comunidades educativas, unas felices vacaciones en este receso invernal que comienza a partir del d\u00eda lunes\u201d.<\/p>\n\n\n\n<p>Siguiendo, Nassif remarc\u00f3 que conforme a la resoluci\u00f3n vigente se continuar\u00e1 por el momento con el sistema de burbujas en las escuelas de matr\u00edculas elevadas, \u201ccada grado o secci\u00f3n se va a dividir en dos grupos que se\u00a0 alternar\u00e1n una semana cada uno en la presencialidad. En aquellas escuelas, como en el interior de nuestra provincia, que las matr\u00edculas lo permitan la presencialidad podr\u00e1\u00a0 ser total. Un dato importante -destac\u00f3- es que esta presencialidad cuidada, con este sistema de burbujas en las escuelas, va a ser evaluadas en forma peri\u00f3dica y considerada por el COE, con el objetivo de avanzar en mayor presencialidad si la situaci\u00f3n epidemiol\u00f3gica lo permitiera. Asimismo se seguir\u00e1 respetando en las escuelas el protocolo vigente: distancia adecuada, uso de tapaboca, ventilaci\u00f3n de ambientes, higiene frecuente\u201d.<\/p>\n\n\n\n<figure class=\"wp-block-image size-large\"><a href=\"https:\/\/i0.wp.com\/elterritorialweb.com.ar\/web\/wp-content\/uploads\/2021\/07\/clases-en-la-pcia.jpg\"><img data-recalc-dims=\"1\" decoding=\"async\" width=\"640\" height=\"353\" data-src=\"https:\/\/i0.wp.com\/elterritorialweb.com.ar\/web\/wp-content\/uploads\/2021\/07\/clases-en-la-pcia.jpg?resize=640%2C353\" alt=\"\" class=\"wp-image-24521 lazyload\" data-srcset=\"https:\/\/i0.wp.com\/elterritorialweb.com.ar\/web\/wp-content\/uploads\/2021\/07\/clases-en-la-pcia.jpg?resize=1024%2C565&amp;ssl=1 1024w, https:\/\/i0.wp.com\/elterritorialweb.com.ar\/web\/wp-content\/uploads\/2021\/07\/clases-en-la-pcia.jpg?resize=300%2C166&amp;ssl=1 300w, https:\/\/i0.wp.com\/elterritorialweb.com.ar\/web\/wp-content\/uploads\/2021\/07\/clases-en-la-pcia.jpg?resize=768%2C424&amp;ssl=1 768w, https:\/\/i0.wp.com\/elterritorialweb.com.ar\/web\/wp-content\/uploads\/2021\/07\/clases-en-la-pcia.jpg?resize=1536%2C848&amp;ssl=1 1536w, https:\/\/i0.wp.com\/elterritorialweb.com.ar\/web\/wp-content\/uploads\/2021\/07\/clases-en-la-pcia.jpg?w=1800&amp;ssl=1 1800w, https:\/\/i0.wp.com\/elterritorialweb.com.ar\/web\/wp-content\/uploads\/2021\/07\/clases-en-la-pcia.jpg?w=1280 1280w\" data-sizes=\"(max-width: 640px) 100vw, 640px\" src=\"data:image\/svg+xml;base64,PHN2ZyB3aWR0aD0iMSIgaGVpZ2h0PSIxIiB4bWxucz0iaHR0cDovL3d3dy53My5vcmcvMjAwMC9zdmciPjwvc3ZnPg==\" style=\"--smush-placeholder-width: 640px; --smush-placeholder-aspect-ratio: 640\/353;\" \/><\/a><\/figure>\n\n\n\n<p>Finalizando, la ministra de Educaci\u00f3n, Ciencia y Tecnolog\u00eda, a\u00f1adi\u00f3, \u201cEsta segunda etapa del a\u00f1o nos va a encontrar llevando adelante la presencialidad en mejores condiciones que lo que ven\u00edamos desarrollando en la primera etapa ya que el Estado ha podido desplegar muchas herramientas que hoy ya est\u00e1n al alcance de todos y los organismos de este Ministerio han venido trabajando en ese sentido. Por supuesto la vacunaci\u00f3n ha sido un hito fundamental en este proceso que sabemos que da m\u00e1s tranquilidad y protecci\u00f3n a nuestros docentes. Con todas las herramientas con las que hoy contamos vamos a poder llevar adelante esta nueva etapa que nos proponemos. Por supuesto siempre apelando a la responsabilidad que sigue siendo importante en el cuidado de la salud de cada uno de nosotros\u201d concluy\u00f3.<\/p>\n\n\n\n<p>Por su parte,&nbsp; la presidenta del Consejo General de Educaci\u00f3n, Dra. Mar\u00eda Elena Herrera hizo referencia al esquema de vacunaci\u00f3n de los docentes, \u201cquer\u00eda aprovechar esta oportunidad para precisar que el esquema de vacunaci\u00f3n, en un porcentaje lo estamos por completar, y aquellas personas que son docentes y no docentes que est\u00e1n en las llamadas comunidades de riesgo ya han podido completar su esquema de vacunaci\u00f3n, es decir las dos dosis. Cumpliendo 15 d\u00edas de la segunda aplicaci\u00f3n estar\u00edan en condiciones de ingresar y reincorporarse a cada uno de los establecimientos escolares. Es muy importante tener esto en cuenta para que cada instituci\u00f3n pueda organizarse con los protocolos vigentes, con las normativas vigentes y las burbujas para lograr la continuidad pedag\u00f3gica\u201d.<\/p>\n\n\n\n<p>\u201cNosotros vamos a seguir acompa\u00f1ando a las escuelas sabiendo que es una situaci\u00f3n dif\u00edcil y por ese motivo hay un gran despliegue tambi\u00e9n en los comedores escolares. Se han reforzado aquellos comedores de las comunidades peque\u00f1as con la entrega de m\u00f3dulos muy importantes\u201d.<\/p>\n\n\n\n<p>A continuaci\u00f3n tom\u00f3 la palabra el subsecretario de Educaci\u00f3n, Prof. Alejandro Piccoli quien hizo un repaso del trabajo del programa \u201cAcompa\u00f1ar Puente\u201c, \u201ctiene distintas aristas -explic\u00f3- pero lo m\u00e1s importante es el acompa\u00f1amiento a la trayectoria y la re vinculaci\u00f3n de aquellos alumnos que hab\u00edan quedado con poca o nula continuidad pedag\u00f3gica en el 2020.<\/p>\n\n\n\n<p>\u201cFuncionan en centros comunitarios-sigui\u00f3 Piccoli- y se articula el trabajo con la Subsecretaria de Ni\u00f1ez, Adolescencia y familia. Se trabaja con maestras comunitarias que ayudan a la vinculaci\u00f3n y el acompa\u00f1amiento con aquellos alumnos que han tenido poco contacto con la escuela y que necesitan el acompa\u00f1amiento de una maestra comunitaria.<\/p>\n\n\n\n<p>\u201cTrabajamos con la Subnaf y&nbsp; con la DIGAIA tambi\u00e9n a trav\u00e9s de los cic que existen en diferentes&nbsp; lugares. En este momento est\u00e1 funcionando en 86 sedes de primaria en toda la provincia, y otros tantos de secundaria y se llevan a cabo&nbsp; intervenciones socios comunitarios. Tambi\u00e9n trabajamos en la parte socio emocional de los ni\u00f1os y de los adolescente que es muy importante en esta \u00e9poca con todos los otros programas que funcionan en la \u00f3rbita de la Subsecretar\u00eda de Educaci\u00f3n: teatro programaciones, rob\u00f3ticas, plan de lectura, ajedrez, deporte y recreaci\u00f3n que hacen tambi\u00e9n a la integralidad de la persona\u201d cerr\u00f3.<\/p>\n\n\n\n<p>Por \u00faltimo, la Dra. Susana Muratore, directora del Servicio Provincial de Ense\u00f1anza Privada recalc\u00f3 el compromiso de todos los docentes privados de la Provincia, \u201cesta vuelta a clases presenciales la recibimos con gran satisfacci\u00f3n. La&nbsp; situaci\u00f3n epidemiol\u00f3gica nos est\u00e1 permitiendo volver a las aulas en forma cuidada, con el formato de burbujas. Quiero solicitar por este medio a todos los establecimientos de gesti\u00f3n privada de la provincia que sigamos cuid\u00e1ndonos, que vamos a continuar aplicando los mismos protocolos que se han venido usando en el tiempo que pudimos estar presentes en las escuelas y que no nos descuidemos\u201d.<\/p>\n\n\n\n<p>\u201cQuiero agradecer por este medio al personal de salud que se comprometi\u00f3 en la campa\u00f1a de vacunaci\u00f3n al personal docente y de&nbsp; maestranza de todas nuestras escuelas tanto las de gesti\u00f3n p\u00fablica como de gesti\u00f3n privada. Junto al Consejo General de Educaci\u00f3n se est\u00e1 trabajando para terminar con los esquema de vacunaci\u00f3n que faltan y eso la verdad que nos da tranquilidad a todos\u201d, finaliz\u00f3 la Dra. Muratore.<\/p>\n","protected":false},"excerpt":{"rendered":"<p>En el Ministerio de Educaci\u00f3n de la Provincia se anunci\u00f3 la vuelta a la presencialidad del sistema educativo en toda la Provincia a partir del 2 de agosto del corriente a\u00f1o. La decisi\u00f3n fue dispuesta por el COE y se llevar\u00e1 a cabo luego de la finalizaci\u00f3n del receso invernal que comienza a partir del lunes 19 de Julio.<\/p>\n","protected":false},"author":2,"featured_media":18495,"comment_status":"open","ping_status":"open","sticky":false,"template":"","format":"standard","meta":{"om_disable_all_campaigns":false,"_monsterinsights_skip_tracking":false,"_monsterinsights_sitenote_active":false,"_monsterinsights_sitenote_note":"","_monsterinsights_sitenote_category":0,"_uf_show_specific_survey":0,"_uf_disable_surveys":false,"jetpack_post_was_ever_published":false,"_jetpack_newsletter_access":"","_jetpack_dont_email_post_to_subs":false,"_jetpack_newsletter_tier_id":0,"_jetpack_memberships_contains_paywalled_content":false,"_jetpack_memberships_contains_paid_content":false,"footnotes":"","jetpack_publicize_message":"","jetpack_publicize_feature_enabled":true,"jetpack_social_post_already_shared":false,"jetpack_social_options":{"image_generator_settings":{"template":"highway","default_image_id":0,"font":"","enabled":false},"version":2}},"categories":[19],"tags":[],"class_list":["post-24519","post","type-post","status-publish","format-standard","has-post-thumbnail","hentry","category-educacion"],"aioseo_notices":[],"views":8,"jetpack_publicize_connections":[],"jetpack_featured_media_url":"https:\/\/i0.wp.com\/elterritorialweb.com.ar\/web\/wp-content\/uploads\/2021\/03\/VUELTA-A-CLASES-SAN-JOSE-DE-CALASANZ.jpeg?fit=774%2C1032&ssl=1","jetpack_sharing_enabled":true,"_links":{"self":[{"href":"https:\/\/elterritorialweb.com.ar\/web\/wp-json\/wp\/v2\/posts\/24519","targetHints":{"allow":["GET"]}}],"collection":[{"href":"https:\/\/elterritorialweb.com.ar\/web\/wp-json\/wp\/v2\/posts"}],"about":[{"href":"https:\/\/elterritorialweb.com.ar\/web\/wp-json\/wp\/v2\/types\/post"}],"author":[{"embeddable":true,"href":"https:\/\/elterritorialweb.com.ar\/web\/wp-json\/wp\/v2\/users\/2"}],"replies":[{"embeddable":true,"href":"https:\/\/elterritorialweb.com.ar\/web\/wp-json\/wp\/v2\/comments?post=24519"}],"version-history":[{"count":3,"href":"https:\/\/elterritorialweb.com.ar\/web\/wp-json\/wp\/v2\/posts\/24519\/revisions"}],"predecessor-version":[{"id":24523,"href":"https:\/\/elterritorialweb.com.ar\/web\/wp-json\/wp\/v2\/posts\/24519\/revisions\/24523"}],"wp:featuredmedia":[{"embeddable":true,"href":"https:\/\/elterritorialweb.com.ar\/web\/wp-json\/wp\/v2\/media\/18495"}],"wp:attachment":[{"href":"https:\/\/elterritorialweb.com.ar\/web\/wp-json\/wp\/v2\/media?parent=24519"}],"wp:term":[{"taxonomy":"category","embeddable":true,"href":"https:\/\/elterritorialweb.com.ar\/web\/wp-json\/wp\/v2\/categories?post=24519"},{"taxonomy":"post_tag","embeddable":true,"href":"https:\/\/elterritorialweb.com.ar\/web\/wp-json\/wp\/v2\/tags?post=24519"}],"curies":[{"name":"wp","href":"https:\/\/api.w.org\/{rel}","templated":true}]}}