{"id":24524,"date":"2021-07-17T21:21:45","date_gmt":"2021-07-17T21:21:45","guid":{"rendered":"http:\/\/elterritorialweb.com.ar\/web\/?p=24524"},"modified":"2021-07-17T21:27:04","modified_gmt":"2021-07-17T21:27:04","slug":"taxis-y-remises-habilitados-son-los-unicos-autorizados-para-el-transporte-de-pasajeros","status":"publish","type":"post","link":"https:\/\/elterritorialweb.com.ar\/web\/taxis-y-remises-habilitados-son-los-unicos-autorizados-para-el-transporte-de-pasajeros\/","title":{"rendered":"TAXIS Y REMISES HABILITADOS SON LOS \u00daNICOS AUTORIZADOS PARA EL TRANSPORTE DE PASAJEROS"},"content":{"rendered":"\n<p>Al respecto, el secretario de Planeamiento, Obras y Servicios P\u00fablicos, Arq. Jorge Vila, y el director de Tr\u00e1nsito, Ing. Carlos Bucci, afirmaron que de acuerdo con la ordenanza N\u00ba 4.133 y su modificatoria N\u00ba 5.201 que reglamenta el servicio de autos de alquiler para el transporte de pasajeros no est\u00e1 autorizada la mencionada \u201cactividad y ninguna empresa por parte del municipio, por lo tanto ser\u00e1n secuestrados los veh\u00edculos y multados los infractores\u201d.<\/p>\n\n\n\n<p>\u201cDiariamente, la Direcci\u00f3n de Tr\u00e1nsito lleva adelante operativos de control en distintos sectores de la ciudad con nuestro cuerpo de inspectores, adem\u00e1s de las patrullas de motos y veh\u00edculos que circulan por la ciudad, que pueden detectar a quienes podr\u00edan ejercer esta pr\u00e1ctica no habilitada por la ordenanza vigente y que exige determinados requisitos para cumplir con el servicio de autos de alquiler\u201d, indic\u00f3 Bucci.<\/p>\n\n\n\n<figure class=\"wp-block-image size-large\"><a href=\"https:\/\/i0.wp.com\/elterritorialweb.com.ar\/web\/wp-content\/uploads\/2021\/07\/RADIO-TAXIS-1.jpg\"><img data-recalc-dims=\"1\" decoding=\"async\" width=\"640\" height=\"403\" data-src=\"https:\/\/i0.wp.com\/elterritorialweb.com.ar\/web\/wp-content\/uploads\/2021\/07\/RADIO-TAXIS-1.jpg?resize=640%2C403\" alt=\"\" class=\"wp-image-24528 lazyload\" data-srcset=\"https:\/\/i0.wp.com\/elterritorialweb.com.ar\/web\/wp-content\/uploads\/2021\/07\/RADIO-TAXIS-1.jpg?w=788&amp;ssl=1 788w, https:\/\/i0.wp.com\/elterritorialweb.com.ar\/web\/wp-content\/uploads\/2021\/07\/RADIO-TAXIS-1.jpg?resize=300%2C189&amp;ssl=1 300w, https:\/\/i0.wp.com\/elterritorialweb.com.ar\/web\/wp-content\/uploads\/2021\/07\/RADIO-TAXIS-1.jpg?resize=768%2C483&amp;ssl=1 768w, https:\/\/i0.wp.com\/elterritorialweb.com.ar\/web\/wp-content\/uploads\/2021\/07\/RADIO-TAXIS-1.jpg?resize=540%2C340&amp;ssl=1 540w\" data-sizes=\"(max-width: 640px) 100vw, 640px\" src=\"data:image\/svg+xml;base64,PHN2ZyB3aWR0aD0iMSIgaGVpZ2h0PSIxIiB4bWxucz0iaHR0cDovL3d3dy53My5vcmcvMjAwMC9zdmciPjwvc3ZnPg==\" style=\"--smush-placeholder-width: 640px; --smush-placeholder-aspect-ratio: 640\/403;\" \/><\/a><\/figure>\n\n\n\n<p>En ese sentido, el funcionario se\u00f1al\u00f3 que los taxis y radio taxis que habilita Tr\u00e1nsito y Transporte cuentan con seguros especiales para terceros transportados, verificaci\u00f3n t\u00e9cnica aprobada, identificaci\u00f3n de los choferes y de sus condiciones de aptitud como conductores para la responsabilidad de trasladar personas, entre otros.<\/p>\n\n\n\n<p>Bucci advirti\u00f3 que los veh\u00edculos que incurran en esta pr\u00e1ctica no habilitada \u201ctipo uber\u201d ser\u00e1n retenidos y las actas de infracciones remitidas a la Justicia de Faltas, para que se apliquen las sanciones econ\u00f3micas que correspondan.<\/p>\n","protected":false},"excerpt":{"rendered":"<p>Al tomar conocimiento de la circulaci\u00f3n en las redes sociales de una aplicaci\u00f3n por la cual se buscan choferes, la Direcci\u00f3n de Tr\u00e1nsito y Transporte de la Municipalidad de la Capital inform\u00f3 que no est\u00e1 autorizada ninguna prestaci\u00f3n de servicio \u201ctipo uber\u201d.<\/p>\n","protected":false},"author":2,"featured_media":24525,"comment_status":"open","ping_status":"open","sticky":false,"template":"","format":"standard","meta":{"om_disable_all_campaigns":false,"_monsterinsights_skip_tracking":false,"_monsterinsights_sitenote_active":false,"_monsterinsights_sitenote_note":"","_monsterinsights_sitenote_category":0,"_uf_show_specific_survey":0,"_uf_disable_surveys":false,"jetpack_post_was_ever_published":false,"_jetpack_newsletter_access":"","_jetpack_dont_email_post_to_subs":false,"_jetpack_newsletter_tier_id":0,"_jetpack_memberships_contains_paywalled_content":false,"_jetpack_memberships_contains_paid_content":false,"footnotes":"","jetpack_publicize_message":"","jetpack_publicize_feature_enabled":true,"jetpack_social_post_already_shared":false,"jetpack_social_options":{"image_generator_settings":{"template":"highway","default_image_id":0,"font":"","enabled":false},"version":2}},"categories":[21],"tags":[],"class_list":["post-24524","post","type-post","status-publish","format-standard","has-post-thumbnail","hentry","category-locales"],"aioseo_notices":[],"views":19,"jetpack_publicize_connections":[],"jetpack_featured_media_url":"https:\/\/i0.wp.com\/elterritorialweb.com.ar\/web\/wp-content\/uploads\/2021\/07\/RADIO-TAXIS.jpg?fit=675%2C360&ssl=1","jetpack_sharing_enabled":true,"_links":{"self":[{"href":"https:\/\/elterritorialweb.com.ar\/web\/wp-json\/wp\/v2\/posts\/24524","targetHints":{"allow":["GET"]}}],"collection":[{"href":"https:\/\/elterritorialweb.com.ar\/web\/wp-json\/wp\/v2\/posts"}],"about":[{"href":"https:\/\/elterritorialweb.com.ar\/web\/wp-json\/wp\/v2\/types\/post"}],"author":[{"embeddable":true,"href":"https:\/\/elterritorialweb.com.ar\/web\/wp-json\/wp\/v2\/users\/2"}],"replies":[{"embeddable":true,"href":"https:\/\/elterritorialweb.com.ar\/web\/wp-json\/wp\/v2\/comments?post=24524"}],"version-history":[{"count":2,"href":"https:\/\/elterritorialweb.com.ar\/web\/wp-json\/wp\/v2\/posts\/24524\/revisions"}],"predecessor-version":[{"id":24529,"href":"https:\/\/elterritorialweb.com.ar\/web\/wp-json\/wp\/v2\/posts\/24524\/revisions\/24529"}],"wp:featuredmedia":[{"embeddable":true,"href":"https:\/\/elterritorialweb.com.ar\/web\/wp-json\/wp\/v2\/media\/24525"}],"wp:attachment":[{"href":"https:\/\/elterritorialweb.com.ar\/web\/wp-json\/wp\/v2\/media?parent=24524"}],"wp:term":[{"taxonomy":"category","embeddable":true,"href":"https:\/\/elterritorialweb.com.ar\/web\/wp-json\/wp\/v2\/categories?post=24524"},{"taxonomy":"post_tag","embeddable":true,"href":"https:\/\/elterritorialweb.com.ar\/web\/wp-json\/wp\/v2\/tags?post=24524"}],"curies":[{"name":"wp","href":"https:\/\/api.w.org\/{rel}","templated":true}]}}