{"id":24530,"date":"2021-07-17T21:33:09","date_gmt":"2021-07-17T21:33:09","guid":{"rendered":"http:\/\/elterritorialweb.com.ar\/web\/?p=24530"},"modified":"2021-07-17T21:33:11","modified_gmt":"2021-07-17T21:33:11","slug":"mirolo-estamos-contentos-de-poder-cumplir-con-un-compromiso-que-tenemos-con-los-vecinos","status":"publish","type":"post","link":"https:\/\/elterritorialweb.com.ar\/web\/mirolo-estamos-contentos-de-poder-cumplir-con-un-compromiso-que-tenemos-con-los-vecinos\/","title":{"rendered":"MIROLO: \u00abESTAMOS CONTENTOS DE PODER CUMPLIR CON UN COMPROMISO QUE TENEMOS CON LOS VECINOS\u00bb"},"content":{"rendered":"\n<p>En este sentido, destac\u00f3 que en mencionados barrios, \u00abson protagonistas de obras para el mejoramiento de la circulaci\u00f3n y transitabilidad entre sus calles\u00bb, por lo que el jefe comunal hizo referencia a ciertas acciones y dijo: \u201cSe est\u00e1n desarrollando en diferentes sectores de la ciudad como parte del plan de mejoramiento integral en los barrios\u201d.<\/p>\n\n\n\n<p>Asimismo, expres\u00f3: \u201cEstamos contentos de poder cumplir con un compromiso que tenemos con los vecinos\u201d, y resalt\u00f3 la importancia del trabajo mancomunado con las Juntas Vecinales, que son quienes se encargan de gestionar y transmitir las necesidades de los vecinos al municipio, para mejorar su calidad de vida.<\/p>\n\n\n\n<p>Adem\u00e1s, destac\u00f3 y agradeci\u00f3 la importante labor del trabajo que desarrollan todas las \u00e1reas y trabajadores del municipio desde el primer d\u00eda del comienzo de la pandemia, reforzando las tareas como la desinfecci\u00f3n de las calles y lugares p\u00fablicos fuera del horario de circulaci\u00f3n; adem\u00e1s de las obras, la limpieza y erradicaci\u00f3n de basurales, como tambi\u00e9n el desmalezamiento y fumigaci\u00f3n en los lugares en los que se forman focos infecciosos y atentan la calidad de vida de los habitantes de la zona. \u00c9stas as\u00ed, entre otras de las muchas actividades que desarrolla el municipio para el bienestar de la comunidad bande\u00f1a.<\/p>\n","protected":false},"excerpt":{"rendered":"<p>Como parte de sus visitas a obras, barrios y  dialogar con los vecinos, el intendente Pablo Mirolo junto a su equipo, recorri\u00f3 durante esta semana el barrio Avenida y IV Centenario.<\/p>\n","protected":false},"author":2,"featured_media":24531,"comment_status":"open","ping_status":"open","sticky":false,"template":"","format":"standard","meta":{"om_disable_all_campaigns":false,"_monsterinsights_skip_tracking":false,"_monsterinsights_sitenote_active":false,"_monsterinsights_sitenote_note":"","_monsterinsights_sitenote_category":0,"_uf_show_specific_survey":0,"_uf_disable_surveys":false,"jetpack_post_was_ever_published":false,"_jetpack_newsletter_access":"","_jetpack_dont_email_post_to_subs":false,"_jetpack_newsletter_tier_id":0,"_jetpack_memberships_contains_paywalled_content":false,"_jetpack_memberships_contains_paid_content":false,"footnotes":"","jetpack_publicize_message":"","jetpack_publicize_feature_enabled":true,"jetpack_social_post_already_shared":false,"jetpack_social_options":{"image_generator_settings":{"template":"highway","default_image_id":0,"font":"","enabled":false},"version":2}},"categories":[18],"tags":[],"class_list":["post-24530","post","type-post","status-publish","format-standard","has-post-thumbnail","hentry","category-politica"],"aioseo_notices":[],"views":3,"jetpack_publicize_connections":[],"jetpack_featured_media_url":"https:\/\/i0.wp.com\/elterritorialweb.com.ar\/web\/wp-content\/uploads\/2021\/07\/MIROLO-BARRIOS-e1626557578109.jpeg?fit=1030%2C561&ssl=1","jetpack_sharing_enabled":true,"_links":{"self":[{"href":"https:\/\/elterritorialweb.com.ar\/web\/wp-json\/wp\/v2\/posts\/24530","targetHints":{"allow":["GET"]}}],"collection":[{"href":"https:\/\/elterritorialweb.com.ar\/web\/wp-json\/wp\/v2\/posts"}],"about":[{"href":"https:\/\/elterritorialweb.com.ar\/web\/wp-json\/wp\/v2\/types\/post"}],"author":[{"embeddable":true,"href":"https:\/\/elterritorialweb.com.ar\/web\/wp-json\/wp\/v2\/users\/2"}],"replies":[{"embeddable":true,"href":"https:\/\/elterritorialweb.com.ar\/web\/wp-json\/wp\/v2\/comments?post=24530"}],"version-history":[{"count":1,"href":"https:\/\/elterritorialweb.com.ar\/web\/wp-json\/wp\/v2\/posts\/24530\/revisions"}],"predecessor-version":[{"id":24532,"href":"https:\/\/elterritorialweb.com.ar\/web\/wp-json\/wp\/v2\/posts\/24530\/revisions\/24532"}],"wp:featuredmedia":[{"embeddable":true,"href":"https:\/\/elterritorialweb.com.ar\/web\/wp-json\/wp\/v2\/media\/24531"}],"wp:attachment":[{"href":"https:\/\/elterritorialweb.com.ar\/web\/wp-json\/wp\/v2\/media?parent=24530"}],"wp:term":[{"taxonomy":"category","embeddable":true,"href":"https:\/\/elterritorialweb.com.ar\/web\/wp-json\/wp\/v2\/categories?post=24530"},{"taxonomy":"post_tag","embeddable":true,"href":"https:\/\/elterritorialweb.com.ar\/web\/wp-json\/wp\/v2\/tags?post=24530"}],"curies":[{"name":"wp","href":"https:\/\/api.w.org\/{rel}","templated":true}]}}