{"id":24533,"date":"2021-07-17T21:53:04","date_gmt":"2021-07-17T21:53:04","guid":{"rendered":"http:\/\/elterritorialweb.com.ar\/web\/?p=24533"},"modified":"2021-07-17T21:53:05","modified_gmt":"2021-07-17T21:53:05","slug":"pinto-celebro-la-fiesta-de-la-virgen-del-carmen","status":"publish","type":"post","link":"https:\/\/elterritorialweb.com.ar\/web\/pinto-celebro-la-fiesta-de-la-virgen-del-carmen\/","title":{"rendered":"PINTO CELEBR\u00d3 LA FIESTA DE LA VIRGEN DEL CARMEN"},"content":{"rendered":"\n<p>Antes de que la Virgen inicie el recorrido por los barrios, el intendente Jorge Leguizam\u00f3n, en nombre de los pinte\u00f1os, dio la bienvenida al pastor y agradeci\u00f3 su presencia, hecho que consider\u00f3 \u201cmuy importante para estos tiempos dif\u00edciles que atravesamos a causa de la pandemia de Covid\u201d.<\/p>\n\n\n\n<figure class=\"wp-block-image size-large\"><a href=\"https:\/\/i0.wp.com\/elterritorialweb.com.ar\/web\/wp-content\/uploads\/2021\/07\/PINTO-FIESTA-PATRONAL-1.jpg\"><img data-recalc-dims=\"1\" decoding=\"async\" width=\"640\" height=\"335\" data-src=\"https:\/\/i0.wp.com\/elterritorialweb.com.ar\/web\/wp-content\/uploads\/2021\/07\/PINTO-FIESTA-PATRONAL-1.jpg?resize=640%2C335\" alt=\"\" class=\"wp-image-24535 lazyload\" data-srcset=\"https:\/\/i0.wp.com\/elterritorialweb.com.ar\/web\/wp-content\/uploads\/2021\/07\/PINTO-FIESTA-PATRONAL-1.jpg?resize=1024%2C536&amp;ssl=1 1024w, https:\/\/i0.wp.com\/elterritorialweb.com.ar\/web\/wp-content\/uploads\/2021\/07\/PINTO-FIESTA-PATRONAL-1.jpg?resize=300%2C157&amp;ssl=1 300w, https:\/\/i0.wp.com\/elterritorialweb.com.ar\/web\/wp-content\/uploads\/2021\/07\/PINTO-FIESTA-PATRONAL-1.jpg?resize=768%2C402&amp;ssl=1 768w, https:\/\/i0.wp.com\/elterritorialweb.com.ar\/web\/wp-content\/uploads\/2021\/07\/PINTO-FIESTA-PATRONAL-1.jpg?w=1200&amp;ssl=1 1200w\" data-sizes=\"(max-width: 640px) 100vw, 640px\" src=\"data:image\/svg+xml;base64,PHN2ZyB3aWR0aD0iMSIgaGVpZ2h0PSIxIiB4bWxucz0iaHR0cDovL3d3dy53My5vcmcvMjAwMC9zdmciPjwvc3ZnPg==\" style=\"--smush-placeholder-width: 640px; --smush-placeholder-aspect-ratio: 640\/335;\" \/><\/a><\/figure>\n\n\n\n<p>Al paso de la carroza que trasladaba a la Patrona, cientos vecinos, en especial ni\u00f1os, salieron a saludar y a recibir la bendici\u00f3n. Y a lo largo del recorrido se vivieron muestras de gran emoci\u00f3n. El momento culmine fue la celebraci\u00f3n de la misa en el principal tempo de la ciudad, oficio en el que particip\u00f3 el Intendente, al igual que una veintena de feligreses.\u201c<\/p>\n\n\n\n<figure class=\"wp-block-image size-large\"><a href=\"https:\/\/i0.wp.com\/elterritorialweb.com.ar\/web\/wp-content\/uploads\/2021\/07\/PINTO-FIESTA-PATRONAL-4.jpg\"><img data-recalc-dims=\"1\" decoding=\"async\" width=\"640\" height=\"335\" data-src=\"https:\/\/i0.wp.com\/elterritorialweb.com.ar\/web\/wp-content\/uploads\/2021\/07\/PINTO-FIESTA-PATRONAL-4.jpg?resize=640%2C335\" alt=\"\" class=\"wp-image-24536 lazyload\" data-srcset=\"https:\/\/i0.wp.com\/elterritorialweb.com.ar\/web\/wp-content\/uploads\/2021\/07\/PINTO-FIESTA-PATRONAL-4.jpg?resize=1024%2C536&amp;ssl=1 1024w, https:\/\/i0.wp.com\/elterritorialweb.com.ar\/web\/wp-content\/uploads\/2021\/07\/PINTO-FIESTA-PATRONAL-4.jpg?resize=300%2C157&amp;ssl=1 300w, https:\/\/i0.wp.com\/elterritorialweb.com.ar\/web\/wp-content\/uploads\/2021\/07\/PINTO-FIESTA-PATRONAL-4.jpg?resize=768%2C402&amp;ssl=1 768w, https:\/\/i0.wp.com\/elterritorialweb.com.ar\/web\/wp-content\/uploads\/2021\/07\/PINTO-FIESTA-PATRONAL-4.jpg?w=1200&amp;ssl=1 1200w\" data-sizes=\"(max-width: 640px) 100vw, 640px\" src=\"data:image\/svg+xml;base64,PHN2ZyB3aWR0aD0iMSIgaGVpZ2h0PSIxIiB4bWxucz0iaHR0cDovL3d3dy53My5vcmcvMjAwMC9zdmciPjwvc3ZnPg==\" style=\"--smush-placeholder-width: 640px; --smush-placeholder-aspect-ratio: 640\/335;\" \/><\/a><\/figure>\n\n\n\n<p>La fiesta del pueblo\u201d se vivi\u00f3 dentro de las medidas de distanciamiento social y fueron transmitidas por la p\u00e1gina de Facebook Parroquia San Isidro Labrador y Radio del Sur.<\/p>\n","protected":false},"excerpt":{"rendered":"<p>Con gran emoci\u00f3n los pinte\u00f1os vivieron la festividad en honor a Nuestra Se\u00f1ora del Carmen, la Patrona de la ciudad, celebraci\u00f3n encabezada por el Obispo de Santiago del Estero, Monse\u00f1or Vicente Bokalic y el p\u00e1rroco local, Rub\u00e9n Rold\u00e1n.<\/p>\n","protected":false},"author":2,"featured_media":24534,"comment_status":"open","ping_status":"open","sticky":false,"template":"","format":"standard","meta":{"om_disable_all_campaigns":false,"_monsterinsights_skip_tracking":false,"_monsterinsights_sitenote_active":false,"_monsterinsights_sitenote_note":"","_monsterinsights_sitenote_category":0,"_uf_show_specific_survey":0,"_uf_disable_surveys":false,"jetpack_post_was_ever_published":false,"_jetpack_newsletter_access":"","_jetpack_dont_email_post_to_subs":false,"_jetpack_newsletter_tier_id":0,"_jetpack_memberships_contains_paywalled_content":false,"_jetpack_memberships_contains_paid_content":false,"footnotes":"","jetpack_publicize_message":"","jetpack_publicize_feature_enabled":true,"jetpack_social_post_already_shared":false,"jetpack_social_options":{"image_generator_settings":{"template":"highway","default_image_id":0,"font":"","enabled":false},"version":2}},"categories":[21],"tags":[],"class_list":["post-24533","post","type-post","status-publish","format-standard","has-post-thumbnail","hentry","category-locales"],"aioseo_notices":[],"views":8,"jetpack_publicize_connections":[],"jetpack_featured_media_url":"https:\/\/i0.wp.com\/elterritorialweb.com.ar\/web\/wp-content\/uploads\/2021\/07\/PINTO-FIESTA-PATRONAL.jpg?fit=1200%2C628&ssl=1","jetpack_sharing_enabled":true,"_links":{"self":[{"href":"https:\/\/elterritorialweb.com.ar\/web\/wp-json\/wp\/v2\/posts\/24533","targetHints":{"allow":["GET"]}}],"collection":[{"href":"https:\/\/elterritorialweb.com.ar\/web\/wp-json\/wp\/v2\/posts"}],"about":[{"href":"https:\/\/elterritorialweb.com.ar\/web\/wp-json\/wp\/v2\/types\/post"}],"author":[{"embeddable":true,"href":"https:\/\/elterritorialweb.com.ar\/web\/wp-json\/wp\/v2\/users\/2"}],"replies":[{"embeddable":true,"href":"https:\/\/elterritorialweb.com.ar\/web\/wp-json\/wp\/v2\/comments?post=24533"}],"version-history":[{"count":1,"href":"https:\/\/elterritorialweb.com.ar\/web\/wp-json\/wp\/v2\/posts\/24533\/revisions"}],"predecessor-version":[{"id":24537,"href":"https:\/\/elterritorialweb.com.ar\/web\/wp-json\/wp\/v2\/posts\/24533\/revisions\/24537"}],"wp:featuredmedia":[{"embeddable":true,"href":"https:\/\/elterritorialweb.com.ar\/web\/wp-json\/wp\/v2\/media\/24534"}],"wp:attachment":[{"href":"https:\/\/elterritorialweb.com.ar\/web\/wp-json\/wp\/v2\/media?parent=24533"}],"wp:term":[{"taxonomy":"category","embeddable":true,"href":"https:\/\/elterritorialweb.com.ar\/web\/wp-json\/wp\/v2\/categories?post=24533"},{"taxonomy":"post_tag","embeddable":true,"href":"https:\/\/elterritorialweb.com.ar\/web\/wp-json\/wp\/v2\/tags?post=24533"}],"curies":[{"name":"wp","href":"https:\/\/api.w.org\/{rel}","templated":true}]}}