{"id":24547,"date":"2021-07-18T02:08:14","date_gmt":"2021-07-18T02:08:14","guid":{"rendered":"http:\/\/elterritorialweb.com.ar\/web\/?p=24547"},"modified":"2021-07-18T02:19:15","modified_gmt":"2021-07-18T02:19:15","slug":"anibal-pachano-la-cocaina-es-oscura-tarde-mucho-tiempo-en-salir","status":"publish","type":"post","link":"https:\/\/elterritorialweb.com.ar\/web\/anibal-pachano-la-cocaina-es-oscura-tarde-mucho-tiempo-en-salir\/","title":{"rendered":"AN\u00cdBAL PACHANO: \u00abLA COCA\u00cdNA ES OSCURA, TARD\u00c9 MUCHO TIEMPO EN SALIR\u00bb"},"content":{"rendered":"\n<p>Anoche, en nueva emisi\u00f3n de\u00a0<strong>\u00abSeres libres\u00bb<\/strong>, el ciclo conducido por\u00a0<strong>Gast\u00f3n Pauls<\/strong>\u00a0que recibe cada semana a distintas figuras p\u00fablicas para hablar sobre sus adicciones,\u00a0<strong>An\u00edbal Pachano\u00a0<\/strong>cont\u00f3 su v\u00ednculo con la coca\u00edna<\/p>\n\n\n\n<p>El bailar\u00edn, core\u00f3grafo y director se sum\u00f3 al ciclo de&nbsp;<strong>Cr\u00f3nica TV<\/strong>&nbsp;para compartir su experiencia y asegur\u00f3:&nbsp;<em><strong>\u201cLa adicci\u00f3n tiene que ver con la ansiedad, con situaciones de vida\u201d.<\/strong><\/em><\/p>\n\n\n\n<p>A lo largo de la charla, Pachano cont\u00f3 c\u00f3mo su entorno familiar fue fundamental para introducirlo indirectamente al universo de la dependencia.&nbsp;<em>\u201cMi pap\u00e1 era adicto al cigarrillo y al alcohol, y creo que esas cosas se van trasmitiendo. Yo empec\u00e9 a fumar a los 14 a\u00f1os haci\u00e9ndome el gracioso, y termin\u00e9 fumando dos atados diarios. Era una nicotina que caminaba\u201d,&nbsp;<\/em>se\u00f1al\u00f3 el artista.<\/p>\n\n\n\n<p>Adem\u00e1s, luego indic\u00f3 que su adicci\u00f3n al trabajo tambi\u00e9n se inici\u00f3 a temprana edad, cuando tuvo que salir a buscar ingresos para ayudar en su casa.<em>&nbsp;\u201cYo trabajo desde los 12 a\u00f1os. Mis viejos hab\u00edan perdido absolutamente todo, entonces yo ten\u00eda la responsabilidad de salir a laburar porque mi viejo era muy grande\u201d<\/em>, precis\u00f3.<\/p>\n\n\n\n<p><em>\u201cTrabajar, ir al colegio, tener dos laburos para tener que bancarme y estudiar, tambi\u00e9n me gener\u00f3 una obsesi\u00f3n. Y esa obligaci\u00f3n que yo ten\u00eda de devolverle todo lo que me hab\u00edan dado de alguna manera<\/em>\u201d, reflexion\u00f3.<\/p>\n\n\n\n<p>En relaci\u00f3n a su pap\u00e1, agreg\u00f3:\u00a0<em>\u201cNo me gustaba el juego porque mi viejo era un jugador de cartas y de p\u00f3ker, siempre perd\u00eda todo. Firmaba cheques en blanco, o sea que siempre fue como la p\u00e9rdida la adicci\u00f3n\u201d.<\/em><\/p>\n\n\n\n<figure class=\"wp-block-embed is-type-rich is-provider-gestor-del-servicio wp-block-embed-gestor-del-servicio wp-embed-aspect-16-9 wp-has-aspect-ratio\"><div class=\"wp-block-embed__wrapper\">\n<iframe title=\"ANIBAL PACHANO en SERES LIBRES 1\/2\" width=\"640\" height=\"360\" data-src=\"https:\/\/www.youtube.com\/embed\/fzBOq8qxKgM?feature=oembed\" frameborder=\"0\" allow=\"accelerometer; autoplay; clipboard-write; encrypted-media; gyroscope; picture-in-picture; web-share\" referrerpolicy=\"strict-origin-when-cross-origin\" allowfullscreen src=\"data:image\/svg+xml;base64,PHN2ZyB3aWR0aD0iMSIgaGVpZ2h0PSIxIiB4bWxucz0iaHR0cDovL3d3dy53My5vcmcvMjAwMC9zdmciPjwvc3ZnPg==\" class=\"lazyload\" data-load-mode=\"1\"><\/iframe>\n<\/div><\/figure>\n","protected":false},"excerpt":{"rendered":"<p>El bailar\u00edn y core\u00f3grafo estuvo en \u201cSeres libres\u201d, el ciclo que conduce Gast\u00f3n Pauls, y comparti\u00f3 su experiencia como adicto.<\/p>\n","protected":false},"author":2,"featured_media":24549,"comment_status":"open","ping_status":"open","sticky":false,"template":"","format":"standard","meta":{"om_disable_all_campaigns":false,"_monsterinsights_skip_tracking":false,"_monsterinsights_sitenote_active":false,"_monsterinsights_sitenote_note":"","_monsterinsights_sitenote_category":0,"_uf_show_specific_survey":0,"_uf_disable_surveys":false,"jetpack_post_was_ever_published":false,"_jetpack_newsletter_access":"","_jetpack_dont_email_post_to_subs":false,"_jetpack_newsletter_tier_id":0,"_jetpack_memberships_contains_paywalled_content":false,"_jetpack_memberships_contains_paid_content":false,"footnotes":"","jetpack_publicize_message":"","jetpack_publicize_feature_enabled":true,"jetpack_social_post_already_shared":false,"jetpack_social_options":{"image_generator_settings":{"template":"highway","default_image_id":0,"font":"","enabled":false},"version":2}},"categories":[20],"tags":[],"class_list":["post-24547","post","type-post","status-publish","format-standard","has-post-thumbnail","hentry","category-especysociales"],"aioseo_notices":[],"views":6,"jetpack_publicize_connections":[],"jetpack_featured_media_url":"https:\/\/i0.wp.com\/elterritorialweb.com.ar\/web\/wp-content\/uploads\/2021\/07\/ANIBAL-PACHANO.jpeg?fit=700%2C360&ssl=1","jetpack_sharing_enabled":true,"_links":{"self":[{"href":"https:\/\/elterritorialweb.com.ar\/web\/wp-json\/wp\/v2\/posts\/24547","targetHints":{"allow":["GET"]}}],"collection":[{"href":"https:\/\/elterritorialweb.com.ar\/web\/wp-json\/wp\/v2\/posts"}],"about":[{"href":"https:\/\/elterritorialweb.com.ar\/web\/wp-json\/wp\/v2\/types\/post"}],"author":[{"embeddable":true,"href":"https:\/\/elterritorialweb.com.ar\/web\/wp-json\/wp\/v2\/users\/2"}],"replies":[{"embeddable":true,"href":"https:\/\/elterritorialweb.com.ar\/web\/wp-json\/wp\/v2\/comments?post=24547"}],"version-history":[{"count":2,"href":"https:\/\/elterritorialweb.com.ar\/web\/wp-json\/wp\/v2\/posts\/24547\/revisions"}],"predecessor-version":[{"id":24551,"href":"https:\/\/elterritorialweb.com.ar\/web\/wp-json\/wp\/v2\/posts\/24547\/revisions\/24551"}],"wp:featuredmedia":[{"embeddable":true,"href":"https:\/\/elterritorialweb.com.ar\/web\/wp-json\/wp\/v2\/media\/24549"}],"wp:attachment":[{"href":"https:\/\/elterritorialweb.com.ar\/web\/wp-json\/wp\/v2\/media?parent=24547"}],"wp:term":[{"taxonomy":"category","embeddable":true,"href":"https:\/\/elterritorialweb.com.ar\/web\/wp-json\/wp\/v2\/categories?post=24547"},{"taxonomy":"post_tag","embeddable":true,"href":"https:\/\/elterritorialweb.com.ar\/web\/wp-json\/wp\/v2\/tags?post=24547"}],"curies":[{"name":"wp","href":"https:\/\/api.w.org\/{rel}","templated":true}]}}