{"id":24555,"date":"2021-07-18T04:02:26","date_gmt":"2021-07-18T04:02:26","guid":{"rendered":"http:\/\/elterritorialweb.com.ar\/web\/?p=24555"},"modified":"2021-07-18T04:02:27","modified_gmt":"2021-07-18T04:02:27","slug":"coronavirus-en-santiago-se-confirmaron-480-casos-positivos-en-la-provincia","status":"publish","type":"post","link":"https:\/\/elterritorialweb.com.ar\/web\/coronavirus-en-santiago-se-confirmaron-480-casos-positivos-en-la-provincia\/","title":{"rendered":"CORONAVIRUS EN SANTIAGO: SE CONFIRMARON 480 CASOS POSITIVOS EN LA PROVINCIA"},"content":{"rendered":"\n<p>Se recuperaron doscientos treinta y cinco (235) casos, por lo que son cincuenta y cinco mil cuatrocientos cuarenta y ocho (55.484) los casos recuperados en la provincia<\/p>\n\n\n\n<p><strong>Se notificaron en el d\u00eda de hoy siete (7) personas fallecidas con diagn\u00f3stico de COVID-19 activo. Un hombre de 84 a\u00f1os del Dpto R\u00edo Hondo y un hombre de 84 a\u00f1os, ambos internados en un sanatorio privado de R\u00edo Hondo. Una mujer de 43 a\u00f1os con antecedentes de obesidad del Dpto Copo y una mujer de 55 a\u00f1os con antecedentes de obesidad, ambas internadas en el CIS Banda. Una mujer de 56 a\u00f1os con antecedentes de Obesidad, diabetes e hipertensi\u00f3n que estaba internada en el CIS Banda. Un hombre de 54 a\u00f1os del Dpto Moreno y una mujer de 36 a\u00f1os, ambos internados en el Hospital Independencia. <\/strong><\/p>\n\n\n\n<p>Hay un total de ochocientos setenta y siete (877) personas positivas fallecidas en la provincia<\/p>\n\n\n\n<p>Se procesaron un total de mil seiscientos cuarenta y seis (1646) muestras el d\u00eda de hoy. <\/p>\n\n\n\n<p><strong>Se confirmaron cuatrocientos ochenta (480) casos, Capital-Banda (241) e interior de la provincia (239) distribuidos de la siguiente manera: Amama 1; Anchoringa 2; A\u00f1atuya 3; Averias 1; Atoj Pozo 1; Bandera 10; Beltr\u00e1n 7; Brea Pozo 2; Campo Gallo 11; Ca\u00f1ada de la Costa 2; Ca\u00f1ada Escobar 5; Chaupi Pozo 1; Choya 2; Clodomira 6; Colonia El Simbolar 4; Cuatro Bocas 4; El Aibe 2; El Barrial 1; El Moj\u00f3n 3; Estaci\u00f3n Simbolar 2; Estaci\u00f3n Taboada 1; Fern\u00e1ndez 5; Fr\u00edas 33; Guardia Escolta 1; Higuera Chacras 1; La Bajada 1; La Bolsa 1; La Ca\u00f1ada 1; La D\u00e1rsena 2; La Higuera 1; La Noria 1; La Revancha 1; La Rivera 1; Laprida 2; Las Delicias 3; Lavalle 8; Lilo Viejo 1; Loreto 9; Los Quiroga 4; Los Telares 2; Lote 18 1; Manogasta 1; Monte Redondo 1; Nueva Esperanza 7; Pampa Mayo 1; Paraje Los Pocitos 1; Paraje Santa Elena 2; Pozo Hondo 3; Quimili 13; Sachayoj 1; San Antonio 2; San Lorenzo 3; San Ram\u00f3n 2; Santa Mar\u00eda 2; Selva 1; Siete Arboles 1; Sumampa 5; Suncho Corral 10; Tacanas 1; Termas 12; Tio Pozo 1; Toro Pozo 1; Villa Atamisqui 1; Villa Gim\u00e9nez 1; Villa Hip\u00f3lita 1; Villa Mailin 7; Villa Mercedes 1; Villa Suarez 1; Villa Uni\u00f3n 3; Villa Zanj\u00f3n 1; Vilmer 1; Yacu Yacuna 1<\/strong><\/p>\n\n\n\n<p> Permanecen activos diez mil seiscientos sesenta y seis (10.666) casos en la provincia. <\/p>\n\n\n\n<p>EL total de casos positivos acumulados es de sesenta y ocho mil doscientos noventa y siete (68.297)<\/p>\n\n\n\n<p>Se descartaron mil ciento sesenta y seis (1.166) casos el d\u00eda de hoy, por lo que hay ciento noventa mil quinientos treinta y un (190.531) casos descartados a la fecha. <\/p>\n\n\n\n<p><strong>Importante: <\/strong>La diferencia de casos acumulados, y difundidos en el reporte nacional, obedece a diferentes horarios de carga y a santiague\u00f1os que residen en otras provincias pero que no tienen realizado el cambio de domicilio legal en su DNI. Se ha solicitado el correspondiente pedido de reclasificaci\u00f3n de los casos excedentes cargados para nuestra provincia.<\/p>\n\n\n\n<p><strong>RECOMENDACIONES<\/strong><\/p>\n\n\n\n<p>Se recuerda que TODAS las personas que son contacto estrecho de casos positivos que DEBEN realizar un AISLAMIENTO SANITARIO OBLIGATORIO de 14 d\u00edas, aunque no presenten s\u00edntomas e independientemente si fueron hisopados y su resultado fue no detectable (negativo). <\/p>\n\n\n\n<p>Durante el aislamiento sanitario las personas no pueden salir de su hogar ni recibir visitas y deben cumplir con las medidas de prevenci\u00f3n indicadas por las autoridades sanitarias. <\/p>\n\n\n\n<p>Ante la presencia de fiebre mayor o igual a 37,5\u00b0 y s\u00edntomas respiratorios como tos, dolor de garganta, dificultad para respirar, adem\u00e1s de falta de gusto y olfato de reciente aparici\u00f3n, y tambi\u00e9n cefalea, diarrea y\/o v\u00f3mitos o al haber estado en contacto con un caso confirmado, se insta a la poblaci\u00f3n a que haga un contacto de inmediato con el sistema de salud contact\u00e1ndose con su centro de salud m\u00e1s cercano o comunic\u00e1ndose al 107 y evite el contacto social <\/p>\n\n\n\n<p>Tambi\u00e9n se recuerda que se realiza el hisopado a los contactos estrechos de casos positivos que presenten s\u00edntomas o que tengan factores de riesgo (mayores de 60 a\u00f1os, embarazadas, inmunocomprometidos, enfermos oncol\u00f3gicos o dializados).<\/p>\n\n\n\n<p>Recordemos continuar respetando las medidas de distancia f\u00edsica y lavarnos frecuentemente las manos con agua y jab\u00f3n. Si necesitamos salir usemos el barbijo correctamente sin tocarlo ni tocarnos la cara. <\/p>\n\n\n\n<p>Respetar todos los protocolos vigentes y las actividades permitidas, y no realizar reuniones sociales o familiares evitando contacto estrecho con personas que no sean convivientes.<\/p>\n","protected":false},"excerpt":{"rendered":"<p>Informe del Ministerio de Salud de la Provincia de Santiago del Estero.<\/p>\n","protected":false},"author":2,"featured_media":24556,"comment_status":"open","ping_status":"open","sticky":false,"template":"","format":"standard","meta":{"om_disable_all_campaigns":false,"_monsterinsights_skip_tracking":false,"_monsterinsights_sitenote_active":false,"_monsterinsights_sitenote_note":"","_monsterinsights_sitenote_category":0,"_uf_show_specific_survey":0,"_uf_disable_surveys":false,"jetpack_post_was_ever_published":false,"_jetpack_newsletter_access":"","_jetpack_dont_email_post_to_subs":false,"_jetpack_newsletter_tier_id":0,"_jetpack_memberships_contains_paywalled_content":false,"_jetpack_memberships_contains_paid_content":false,"footnotes":"","jetpack_publicize_message":"","jetpack_publicize_feature_enabled":true,"jetpack_social_post_already_shared":false,"jetpack_social_options":{"image_generator_settings":{"template":"highway","default_image_id":0,"font":"","enabled":false},"version":2}},"categories":[3],"tags":[],"class_list":["post-24555","post","type-post","status-publish","format-standard","has-post-thumbnail","hentry","category-salud"],"aioseo_notices":[],"views":2,"jetpack_publicize_connections":[],"jetpack_featured_media_url":"https:\/\/i0.wp.com\/elterritorialweb.com.ar\/web\/wp-content\/uploads\/2021\/07\/reporte-diario-17-de-julio.jpg?fit=960%2C640&ssl=1","jetpack_sharing_enabled":true,"_links":{"self":[{"href":"https:\/\/elterritorialweb.com.ar\/web\/wp-json\/wp\/v2\/posts\/24555","targetHints":{"allow":["GET"]}}],"collection":[{"href":"https:\/\/elterritorialweb.com.ar\/web\/wp-json\/wp\/v2\/posts"}],"about":[{"href":"https:\/\/elterritorialweb.com.ar\/web\/wp-json\/wp\/v2\/types\/post"}],"author":[{"embeddable":true,"href":"https:\/\/elterritorialweb.com.ar\/web\/wp-json\/wp\/v2\/users\/2"}],"replies":[{"embeddable":true,"href":"https:\/\/elterritorialweb.com.ar\/web\/wp-json\/wp\/v2\/comments?post=24555"}],"version-history":[{"count":1,"href":"https:\/\/elterritorialweb.com.ar\/web\/wp-json\/wp\/v2\/posts\/24555\/revisions"}],"predecessor-version":[{"id":24557,"href":"https:\/\/elterritorialweb.com.ar\/web\/wp-json\/wp\/v2\/posts\/24555\/revisions\/24557"}],"wp:featuredmedia":[{"embeddable":true,"href":"https:\/\/elterritorialweb.com.ar\/web\/wp-json\/wp\/v2\/media\/24556"}],"wp:attachment":[{"href":"https:\/\/elterritorialweb.com.ar\/web\/wp-json\/wp\/v2\/media?parent=24555"}],"wp:term":[{"taxonomy":"category","embeddable":true,"href":"https:\/\/elterritorialweb.com.ar\/web\/wp-json\/wp\/v2\/categories?post=24555"},{"taxonomy":"post_tag","embeddable":true,"href":"https:\/\/elterritorialweb.com.ar\/web\/wp-json\/wp\/v2\/tags?post=24555"}],"curies":[{"name":"wp","href":"https:\/\/api.w.org\/{rel}","templated":true}]}}