{"id":24563,"date":"2021-07-18T15:18:45","date_gmt":"2021-07-18T15:18:45","guid":{"rendered":"http:\/\/elterritorialweb.com.ar\/web\/?p=24563"},"modified":"2021-07-18T15:18:46","modified_gmt":"2021-07-18T15:18:46","slug":"plantan-3-900-arboles-en-el-barrio-autonomia","status":"publish","type":"post","link":"https:\/\/elterritorialweb.com.ar\/web\/plantan-3-900-arboles-en-el-barrio-autonomia\/","title":{"rendered":"PLANTAN 3.900 ARBOLES EN EL BARRIO AUTONOM\u00cdA"},"content":{"rendered":"\n<p>Al respecto, la coordinadora de la Cooperativa Eco Vida, Yanina P\u00e9rez, destac\u00f3 la tarea en el \u201cmarco de la campa\u00f1a del municipio a trav\u00e9s de su intendente Ing. Norma Fuentes que viene impulsando desde hace tiempo y en esta oportunidad le toc\u00f3 a nuestro barrio Autonom\u00eda\u00bb.<\/p>\n\n\n\n<p>\u00abSignifica mucho esta nueva plantaci\u00f3n para los vecinos y la ciudad ya que la colocaci\u00f3n de nuevos \u00e1rboles traen un beneficio para la salud y desde nuestro \u00e1mbito como cooperativa que nos enfocamos en los servicios ambientales siempre acompa\u00f1amos las pol\u00edticas p\u00fablicas que impulsa el Gobierno\u00bb, expres\u00f3.\u00bb<\/p>\n\n\n\n<p>En este sector de la ciudad \u2013dijo-, fuimos los primeros junto los chicos del club Estrella Roja en trabajar acerca del medio ambiente, desde la comuna nos dieron para reforestar \u00e1rboles para el club, con un compromiso importante de participaci\u00f3n del vecino del barrio y sus alrededores\u00bb.<\/p>\n\n\n\n<p>Durante la plantaci\u00f3n masiva se colocaron diversas especies moras h\u00edbridas, fresnos y Tipas.<\/p>\n","protected":false},"excerpt":{"rendered":"<p>Personal de la Municipalidad de la Capital, acompa\u00f1ados por vecinos del barrio Autonom\u00eda, participaron de la \u00faltima jornada de plantaci\u00f3n de 3.900 \u00e1rboles, tarea que se llev\u00f3 a cabo durante dos semanas.<\/p>\n","protected":false},"author":2,"featured_media":24564,"comment_status":"open","ping_status":"open","sticky":false,"template":"","format":"standard","meta":{"om_disable_all_campaigns":false,"_monsterinsights_skip_tracking":false,"_monsterinsights_sitenote_active":false,"_monsterinsights_sitenote_note":"","_monsterinsights_sitenote_category":0,"_uf_show_specific_survey":0,"_uf_disable_surveys":false,"jetpack_post_was_ever_published":false,"_jetpack_newsletter_access":"","_jetpack_dont_email_post_to_subs":false,"_jetpack_newsletter_tier_id":0,"_jetpack_memberships_contains_paywalled_content":false,"_jetpack_memberships_contains_paid_content":false,"footnotes":"","jetpack_publicize_message":"","jetpack_publicize_feature_enabled":true,"jetpack_social_post_already_shared":false,"jetpack_social_options":{"image_generator_settings":{"template":"highway","default_image_id":0,"font":"","enabled":false},"version":2}},"categories":[21],"tags":[],"class_list":["post-24563","post","type-post","status-publish","format-standard","has-post-thumbnail","hentry","category-locales"],"aioseo_notices":[],"views":6,"jetpack_publicize_connections":[],"jetpack_featured_media_url":"https:\/\/i0.wp.com\/elterritorialweb.com.ar\/web\/wp-content\/uploads\/2021\/07\/MUNI-BARRIO-AUTONOMIA.jpg?fit=1296%2C864&ssl=1","jetpack_sharing_enabled":true,"_links":{"self":[{"href":"https:\/\/elterritorialweb.com.ar\/web\/wp-json\/wp\/v2\/posts\/24563","targetHints":{"allow":["GET"]}}],"collection":[{"href":"https:\/\/elterritorialweb.com.ar\/web\/wp-json\/wp\/v2\/posts"}],"about":[{"href":"https:\/\/elterritorialweb.com.ar\/web\/wp-json\/wp\/v2\/types\/post"}],"author":[{"embeddable":true,"href":"https:\/\/elterritorialweb.com.ar\/web\/wp-json\/wp\/v2\/users\/2"}],"replies":[{"embeddable":true,"href":"https:\/\/elterritorialweb.com.ar\/web\/wp-json\/wp\/v2\/comments?post=24563"}],"version-history":[{"count":1,"href":"https:\/\/elterritorialweb.com.ar\/web\/wp-json\/wp\/v2\/posts\/24563\/revisions"}],"predecessor-version":[{"id":24565,"href":"https:\/\/elterritorialweb.com.ar\/web\/wp-json\/wp\/v2\/posts\/24563\/revisions\/24565"}],"wp:featuredmedia":[{"embeddable":true,"href":"https:\/\/elterritorialweb.com.ar\/web\/wp-json\/wp\/v2\/media\/24564"}],"wp:attachment":[{"href":"https:\/\/elterritorialweb.com.ar\/web\/wp-json\/wp\/v2\/media?parent=24563"}],"wp:term":[{"taxonomy":"category","embeddable":true,"href":"https:\/\/elterritorialweb.com.ar\/web\/wp-json\/wp\/v2\/categories?post=24563"},{"taxonomy":"post_tag","embeddable":true,"href":"https:\/\/elterritorialweb.com.ar\/web\/wp-json\/wp\/v2\/tags?post=24563"}],"curies":[{"name":"wp","href":"https:\/\/api.w.org\/{rel}","templated":true}]}}