{"id":24571,"date":"2021-07-18T18:31:11","date_gmt":"2021-07-18T18:31:11","guid":{"rendered":"http:\/\/elterritorialweb.com.ar\/web\/?p=24571"},"modified":"2021-07-18T19:24:53","modified_gmt":"2021-07-18T19:24:53","slug":"alberto-fernandez-sobre-el-atentado-a-la-amia-debemos-unirnos-contra-la-impunidad","status":"publish","type":"post","link":"https:\/\/elterritorialweb.com.ar\/web\/alberto-fernandez-sobre-el-atentado-a-la-amia-debemos-unirnos-contra-la-impunidad\/","title":{"rendered":"ALBERTO FERN\u00c1NDEZ SOBRE EL ATENTADO A LA AMIA: \u00abDEBEMOS UNIRNOS CONTRA LA IMPUNIDAD\u00bb"},"content":{"rendered":"\n<p>Este domingo\u00a0<strong>se cumplen 27 a\u00f1os del atentado a la AMIA<\/strong>. Con motivo de esta fecha especial, muchos dirigentes del arco pol\u00edtico utilizaron sus redes sociales para reclamar justicia, y entre ellos, se destac\u00f3\u00a0<strong>Alberto Fern\u00e1ndez<\/strong>. El presidente pidi\u00f3<strong>\u00a0unirse \u201ccontra la impunidad\u201d<\/strong>.<\/p>\n\n\n\n<p>Mediante un mensaje en su cuenta de Twitter, el mandatario escribi\u00f3: \u201dA 27 a\u00f1os del atentado a la AMIA,\u00a0<strong>los familiares de las 85 v\u00edctimas contin\u00faan firmes en su reclamo\u00a0<\/strong>de verdad y de justicia. En memoria de cada uno de ellos y en honor a quienes perdieron a sus seres queridos, debemos unirnos contra la impunidad\u201d.<\/p>\n\n\n\n<figure class=\"wp-block-embed is-type-rich is-provider-twitter wp-block-embed-twitter\"><div class=\"wp-block-embed__wrapper\">\n<blockquote class=\"twitter-tweet\" data-width=\"550\" data-dnt=\"true\"><p lang=\"es\" dir=\"ltr\">A 27 a\u00f1os del atentado a la AMIA, los familiares de las 85 v\u00edctimas contin\u00faan firmes en su reclamo de verdad y de justicia.<br> <br>En memoria de cada uno de ellos y en honor a quienes perdieron a sus seres queridos, debemos unirnos contra la impunidad.<a href=\"https:\/\/twitter.com\/hashtag\/AMIA27a%C3%B1os?src=hash&amp;ref_src=twsrc%5Etfw\">#AMIA27a\u00f1os<\/a> <a href=\"https:\/\/t.co\/M8ao2soMFe\">pic.twitter.com\/M8ao2soMFe<\/a><\/p>&mdash; Alberto Fern\u00e1ndez (@alferdez) <a href=\"https:\/\/twitter.com\/alferdez\/status\/1416754337800499209?ref_src=twsrc%5Etfw\">July 18, 2021<\/a><\/blockquote><script async src=\"https:\/\/platform.twitter.com\/widgets.js\" charset=\"utf-8\"><\/script>\n<\/div><\/figure>\n\n\n\n<p>Por su parte la asociaci\u00f3n Memoria Activa, que re\u00fane a familiares de las v\u00edctimas del atentado, realiz\u00f3 un acto virtual este domingo a las 9.53, hora exacta en que un coche bomba destruy\u00f3 el hist\u00f3rico edificio de la AMIA (Asociaci\u00f3n Mutual Israelita Argentina) el 18 de julio de 1994. El hecho, por el cual a\u00fan no hay condenas, dej\u00f3<strong>\u00a0un saldo de 85 v\u00edctimas fatales y m\u00e1s de 300 personas heridas<\/strong>. Esta es la segunda vez que el acto homenaje se hace de manera virtual, la primera fue en 2020 cuando comenz\u00f3 la pandemia de coronavirus.<\/p>\n\n\n\n<figure class=\"wp-block-image size-large\"><a href=\"https:\/\/i0.wp.com\/elterritorialweb.com.ar\/web\/wp-content\/uploads\/2021\/07\/ATENTADO-AMIA.jpg\"><img data-recalc-dims=\"1\" decoding=\"async\" width=\"631\" height=\"900\" data-src=\"https:\/\/i0.wp.com\/elterritorialweb.com.ar\/web\/wp-content\/uploads\/2021\/07\/ATENTADO-AMIA.jpg?resize=631%2C900\" alt=\"\" class=\"wp-image-24573 lazyload\" data-srcset=\"https:\/\/i0.wp.com\/elterritorialweb.com.ar\/web\/wp-content\/uploads\/2021\/07\/ATENTADO-AMIA.jpg?w=631&amp;ssl=1 631w, https:\/\/i0.wp.com\/elterritorialweb.com.ar\/web\/wp-content\/uploads\/2021\/07\/ATENTADO-AMIA.jpg?resize=210%2C300&amp;ssl=1 210w\" data-sizes=\"(max-width: 631px) 100vw, 631px\" src=\"data:image\/svg+xml;base64,PHN2ZyB3aWR0aD0iMSIgaGVpZ2h0PSIxIiB4bWxucz0iaHR0cDovL3d3dy53My5vcmcvMjAwMC9zdmciPjwvc3ZnPg==\" style=\"--smush-placeholder-width: 631px; --smush-placeholder-aspect-ratio: 631\/900;\" \/><\/a><\/figure>\n","protected":false},"excerpt":{"rendered":"<p>El mandatario utiliz\u00f3 las redes sociales para referirse al nuevo aniversario del ataque a la mutual jud\u00eda que caus\u00f3 la muerte de 85 personas.<\/p>\n","protected":false},"author":2,"featured_media":24572,"comment_status":"open","ping_status":"open","sticky":false,"template":"","format":"standard","meta":{"om_disable_all_campaigns":false,"_monsterinsights_skip_tracking":false,"_monsterinsights_sitenote_active":false,"_monsterinsights_sitenote_note":"","_monsterinsights_sitenote_category":0,"_uf_show_specific_survey":0,"_uf_disable_surveys":false,"jetpack_post_was_ever_published":false,"_jetpack_newsletter_access":"","_jetpack_dont_email_post_to_subs":false,"_jetpack_newsletter_tier_id":0,"_jetpack_memberships_contains_paywalled_content":false,"_jetpack_memberships_contains_paid_content":false,"footnotes":"","jetpack_publicize_message":"","jetpack_publicize_feature_enabled":true,"jetpack_social_post_already_shared":false,"jetpack_social_options":{"image_generator_settings":{"template":"highway","default_image_id":0,"font":"","enabled":false},"version":2}},"categories":[7],"tags":[],"class_list":["post-24571","post","type-post","status-publish","format-standard","has-post-thumbnail","hentry","category-nacionales"],"aioseo_notices":[],"views":5,"jetpack_publicize_connections":[],"jetpack_featured_media_url":"https:\/\/i0.wp.com\/elterritorialweb.com.ar\/web\/wp-content\/uploads\/2021\/07\/FERNANDEZ-SOBRE-AMIA.jpg?fit=680%2C453&ssl=1","jetpack_sharing_enabled":true,"_links":{"self":[{"href":"https:\/\/elterritorialweb.com.ar\/web\/wp-json\/wp\/v2\/posts\/24571","targetHints":{"allow":["GET"]}}],"collection":[{"href":"https:\/\/elterritorialweb.com.ar\/web\/wp-json\/wp\/v2\/posts"}],"about":[{"href":"https:\/\/elterritorialweb.com.ar\/web\/wp-json\/wp\/v2\/types\/post"}],"author":[{"embeddable":true,"href":"https:\/\/elterritorialweb.com.ar\/web\/wp-json\/wp\/v2\/users\/2"}],"replies":[{"embeddable":true,"href":"https:\/\/elterritorialweb.com.ar\/web\/wp-json\/wp\/v2\/comments?post=24571"}],"version-history":[{"count":2,"href":"https:\/\/elterritorialweb.com.ar\/web\/wp-json\/wp\/v2\/posts\/24571\/revisions"}],"predecessor-version":[{"id":24576,"href":"https:\/\/elterritorialweb.com.ar\/web\/wp-json\/wp\/v2\/posts\/24571\/revisions\/24576"}],"wp:featuredmedia":[{"embeddable":true,"href":"https:\/\/elterritorialweb.com.ar\/web\/wp-json\/wp\/v2\/media\/24572"}],"wp:attachment":[{"href":"https:\/\/elterritorialweb.com.ar\/web\/wp-json\/wp\/v2\/media?parent=24571"}],"wp:term":[{"taxonomy":"category","embeddable":true,"href":"https:\/\/elterritorialweb.com.ar\/web\/wp-json\/wp\/v2\/categories?post=24571"},{"taxonomy":"post_tag","embeddable":true,"href":"https:\/\/elterritorialweb.com.ar\/web\/wp-json\/wp\/v2\/tags?post=24571"}],"curies":[{"name":"wp","href":"https:\/\/api.w.org\/{rel}","templated":true}]}}