{"id":24577,"date":"2021-07-18T20:26:46","date_gmt":"2021-07-18T20:26:46","guid":{"rendered":"http:\/\/elterritorialweb.com.ar\/web\/?p=24577"},"modified":"2021-07-18T20:56:39","modified_gmt":"2021-07-18T20:56:39","slug":"gran-victoria-de-guemes-de-visitante-ante-deportivo-moron","status":"publish","type":"post","link":"https:\/\/elterritorialweb.com.ar\/web\/gran-victoria-de-guemes-de-visitante-ante-deportivo-moron\/","title":{"rendered":"GRAN VICTORIA DE G\u00dcEMES DE VISITANTE ANTE DEPORTIVO MORON"},"content":{"rendered":"\n<p><strong>G\u00fcemes&nbsp;<\/strong>cumpli\u00f3 con un s\u00f3lido trabajo en su visita a&nbsp;<strong>Deportivo Mor\u00f3n<\/strong>. Se qued\u00f3 con una gran victoria por 2-0 sobre el due\u00f1o de casa, en uno de los encuentros correspondientes a la 17\u00aa fecha de la&nbsp;<strong>Primera Nacional<\/strong>, para sacar ventaja como l\u00edder de la zona B.<\/p>\n\n\n\n<figure class=\"wp-block-image size-large is-resized\"><a href=\"https:\/\/i0.wp.com\/elterritorialweb.com.ar\/web\/wp-content\/uploads\/2021\/07\/GUEMES-VS-MORON-1.jpg\"><img data-recalc-dims=\"1\" decoding=\"async\" data-src=\"https:\/\/i0.wp.com\/elterritorialweb.com.ar\/web\/wp-content\/uploads\/2021\/07\/GUEMES-VS-MORON-1.jpg?resize=640%2C479\" alt=\"\" class=\"wp-image-24579 lazyload\" width=\"640\" height=\"479\" data-srcset=\"https:\/\/i0.wp.com\/elterritorialweb.com.ar\/web\/wp-content\/uploads\/2021\/07\/GUEMES-VS-MORON-1.jpg?w=680&amp;ssl=1 680w, https:\/\/i0.wp.com\/elterritorialweb.com.ar\/web\/wp-content\/uploads\/2021\/07\/GUEMES-VS-MORON-1.jpg?resize=300%2C225&amp;ssl=1 300w\" data-sizes=\"(max-width: 640px) 100vw, 640px\" src=\"data:image\/svg+xml;base64,PHN2ZyB3aWR0aD0iMSIgaGVpZ2h0PSIxIiB4bWxucz0iaHR0cDovL3d3dy53My5vcmcvMjAwMC9zdmciPjwvc3ZnPg==\" style=\"--smush-placeholder-width: 640px; --smush-placeholder-aspect-ratio: 640\/479;\" \/><\/a><\/figure>\n\n\n\n<p>Gran victoria para cerrar la primera ronda en la 17ma fecha de la Primera Nacional, G\u00fcemes en su visita a Deportivo Moron consigui\u00f3 los tres puntos que le permite seguir con el liderazgo en el torneo al vencer por 2-0 al \u201cGallito\u201d. <\/p>\n\n\n\n<p>El encuentro arranc\u00f3 parejo, no generaron situaciones y con el correr del tiempo comenzaron a jugar en mitad de cancha. A ambos equipos les cost\u00f3 ser punzantes y generar peligro concreto. Sobre el final de cierre, en el tiempo suplementario Moron se qued\u00f3 con 10 hombres por la expulsi\u00f3n del jugador Nag\u00fcel. <\/p>\n\n\n\n<p>G\u00fcemes logr\u00f3 reacomodarse en los primeros minutos del complemento con el local retrasado. El. \u201cGaucho\u201d empez\u00f3 a presionar arriba y sobre los 10 minutos se encontr\u00f3 con un penal a favor, Boasso con un derechazo fue en el encargado de abrir el marcador. El equipo de Martel empezaba a responder y a ubicarse mejor en cancha. En otra jugada que tuvo, Diellos convierte el 2-0 para el \u201cGaucho\u201d. <\/p>\n\n\n\n<p>La visita estuvo cerca de ampliar el margen pero no lo pudo hacer. Finalmente fue triunfo para G\u00fcemes que estira a\u00fan m\u00e1s la ventaja en la tabla de posiciones. De esta manera obtiene 33 puntos. En la siguiente fecha, visita a Ferro. <\/p>\n\n\n\n<figure class=\"wp-block-embed is-type-wp-embed is-provider-streamable wp-block-embed-streamable\"><div class=\"wp-block-embed__wrapper\">\nhttps:\/\/streamable.com\/us9dqx\n<\/div><\/figure>\n\n\n\n<p><strong>S\u00cdNTESIS DEL PARTIDO<\/strong><\/p>\n\n\n\n<p><strong>Dep.Moron:<\/strong> Rojas; Ver\u00f3n, Bontempo, Broggi, Palmieri, Norberto, Molina, Lillo, Gonz\u00e1lez, Z\u00e1rate, Nag\u00fcel y Sch\u00f6nfeld. DT: Lucas Bovaglio<\/p>\n\n\n\n<p><strong>G\u00fcemes:<\/strong> Salv\u00e1; Fern\u00e1ndez, Cardozo, Salas, Z\u00e1rate; Pav\u00f3n, L\u00f3pez, Morales, Boasso; Diellos y Vega. DT: Pablo Martel<\/p>\n\n\n\n<p><strong>Goles:<\/strong> 13&#8217;ST Boasso (penal), 17&#8217;ST Diellos (G)<\/p>\n\n\n\n<p><strong>Amonestados:<\/strong> Vega, Boasso, Fern\u00e1ndez, Cardozo, Salas (G);Rojas, Villalba (D.M)<\/p>\n\n\n\n<p><strong>Expulsados:<\/strong> Nag\u00fcel (D.M) Sustituciones: Gonz\u00e1lez por Villalba, Lolo y Gonz\u00e1lez por Goycochea y Sala (D.M) Boasso por Lucero, L\u00f3pez por Z\u00e1rate, Morales por Algozino y Diellos por Linas (G)<a href=\"https:\/\/www.facebook.com\/ClubAGuemes\/photos\/a.2459840074325071\/2590947604547650\/?__cft__[0]=AZUpZ_Xj1WzoxDPA5bctBbagmMSuSdIDjkr3Wcs4KmPVunmtTqnXBsFXxmbmD2Q_ZSGY_CohFvPp29DsfDd6MBs7kA9ACapE0n6zy7NXuLKoJYltimFrB2JtIHznkdIpCaQCwosqFFOI-9tq1dFatKc4&amp;__tn__=EH-R\"><\/a><\/p>\n\n\n\n<p><\/p>\n","protected":false},"excerpt":{"rendered":"<p>G\u00fcemes&nbsp;cumpli\u00f3 con un s\u00f3lido trabajo en su visita a&nbsp;Deportivo Mor\u00f3n. Se qued\u00f3 con una gran&#8230;<\/p>\n","protected":false},"author":2,"featured_media":24578,"comment_status":"open","ping_status":"open","sticky":false,"template":"","format":"standard","meta":{"om_disable_all_campaigns":false,"_monsterinsights_skip_tracking":false,"_monsterinsights_sitenote_active":false,"_monsterinsights_sitenote_note":"","_monsterinsights_sitenote_category":0,"_uf_show_specific_survey":0,"_uf_disable_surveys":false,"jetpack_post_was_ever_published":false,"_jetpack_newsletter_access":"","_jetpack_dont_email_post_to_subs":false,"_jetpack_newsletter_tier_id":0,"_jetpack_memberships_contains_paywalled_content":false,"_jetpack_memberships_contains_paid_content":false,"footnotes":"","jetpack_publicize_message":"","jetpack_publicize_feature_enabled":true,"jetpack_social_post_already_shared":false,"jetpack_social_options":{"image_generator_settings":{"template":"highway","default_image_id":0,"font":"","enabled":false},"version":2}},"categories":[6],"tags":[],"class_list":["post-24577","post","type-post","status-publish","format-standard","has-post-thumbnail","hentry","category-deportes"],"aioseo_notices":[],"views":15,"jetpack_publicize_connections":[],"jetpack_featured_media_url":"https:\/\/i0.wp.com\/elterritorialweb.com.ar\/web\/wp-content\/uploads\/2021\/07\/GUEMES-VS-MORON.jpg?fit=680%2C480&ssl=1","jetpack_sharing_enabled":true,"_links":{"self":[{"href":"https:\/\/elterritorialweb.com.ar\/web\/wp-json\/wp\/v2\/posts\/24577","targetHints":{"allow":["GET"]}}],"collection":[{"href":"https:\/\/elterritorialweb.com.ar\/web\/wp-json\/wp\/v2\/posts"}],"about":[{"href":"https:\/\/elterritorialweb.com.ar\/web\/wp-json\/wp\/v2\/types\/post"}],"author":[{"embeddable":true,"href":"https:\/\/elterritorialweb.com.ar\/web\/wp-json\/wp\/v2\/users\/2"}],"replies":[{"embeddable":true,"href":"https:\/\/elterritorialweb.com.ar\/web\/wp-json\/wp\/v2\/comments?post=24577"}],"version-history":[{"count":6,"href":"https:\/\/elterritorialweb.com.ar\/web\/wp-json\/wp\/v2\/posts\/24577\/revisions"}],"predecessor-version":[{"id":24590,"href":"https:\/\/elterritorialweb.com.ar\/web\/wp-json\/wp\/v2\/posts\/24577\/revisions\/24590"}],"wp:featuredmedia":[{"embeddable":true,"href":"https:\/\/elterritorialweb.com.ar\/web\/wp-json\/wp\/v2\/media\/24578"}],"wp:attachment":[{"href":"https:\/\/elterritorialweb.com.ar\/web\/wp-json\/wp\/v2\/media?parent=24577"}],"wp:term":[{"taxonomy":"category","embeddable":true,"href":"https:\/\/elterritorialweb.com.ar\/web\/wp-json\/wp\/v2\/categories?post=24577"},{"taxonomy":"post_tag","embeddable":true,"href":"https:\/\/elterritorialweb.com.ar\/web\/wp-json\/wp\/v2\/tags?post=24577"}],"curies":[{"name":"wp","href":"https:\/\/api.w.org\/{rel}","templated":true}]}}