{"id":24595,"date":"2021-07-18T22:36:59","date_gmt":"2021-07-18T22:36:59","guid":{"rendered":"http:\/\/elterritorialweb.com.ar\/web\/?p=24595"},"modified":"2021-07-18T22:37:00","modified_gmt":"2021-07-18T22:37:00","slug":"6-935-nuevos-casos-de-covid-19-en-un-dia-con-un-total-de-4-756-378-infectados-en-el-pais","status":"publish","type":"post","link":"https:\/\/elterritorialweb.com.ar\/web\/6-935-nuevos-casos-de-covid-19-en-un-dia-con-un-total-de-4-756-378-infectados-en-el-pais\/","title":{"rendered":"6.935 NUEVOS CASOS DE COVID-19 EN UN D\u00cdA, CON UN TOTAL DE 4.756.378 INFECTADOS EN EL PA\u00cdS"},"content":{"rendered":"\n<p>El Ministerio de Salud inform\u00f3 este domingo\u00a0<strong>6935 nuevos contagios y 115 muertos\u00a0<\/strong>por\u00a0<strong>Covid-19<\/strong>. Seg\u00fan el reporte diario, ya son\u00a0<strong>4.756.378\u00a0<\/strong>los casos confirmados y\u00a0<strong>101.549 las v\u00edctimas fatales\u00a0<\/strong>en la Argentina. Los casos activos, en tanto, suman\u00a0<strong>260.134\u00a0<\/strong>y las personas dadas de alta totalizan\u00a0<strong>4.394.695.<\/strong><\/p>\n\n\n\n<p>De los 115 fallecidos que fueron reportados,&nbsp;<strong>55 son hombres y 59 mujeres.<\/strong>&nbsp;Adem\u00e1s se inform\u00f3 que una personas que fue registrada sin datos de sexo en la provincia de Mendoza.<\/p>\n\n\n\n<figure class=\"wp-block-image\"><img data-recalc-dims=\"1\" decoding=\"async\" data-src=\"https:\/\/i0.wp.com\/tn.com.ar\/resizer\/9g4807Zn9JPPmEem18qUiOG5i4Q%3D\/767x0\/smart\/filters%3Aquality%2860%29\/cloudfront-us-east-1.images.arcpublishing.com\/artear\/46WXASKCPBCQNC7RYIHOD4SZRU.jpg?w=640&#038;ssl=1\" alt=\"\" src=\"data:image\/svg+xml;base64,PHN2ZyB3aWR0aD0iMSIgaGVpZ2h0PSIxIiB4bWxucz0iaHR0cDovL3d3dy53My5vcmcvMjAwMC9zdmciPjwvc3ZnPg==\" class=\"lazyload\" \/><\/figure>\n\n\n\n<p>Adem\u00e1s, los pacientes que permanecen internados con Covid-19 en las distintas unidades de&nbsp;<strong>terapia intensiva (UTI)<\/strong>&nbsp;del pa\u00eds son&nbsp;<strong>4783.<\/strong>&nbsp;Mientras que el porcentaje de ocupaci\u00f3n total de camas en las UTI adulto es del&nbsp;<strong>60.7%<\/strong>&nbsp;a nivel&nbsp;<strong>nacional<\/strong>&nbsp;y del&nbsp;<strong>58%<\/strong>&nbsp;en el denominado \u00c1rea Metropolitana de Buenos Aires&nbsp;<strong>(AMBA).<\/strong><\/p>\n\n\n\n<p>La cartera sanitaria tambi\u00e9n indic\u00f3 que se realizaron en las \u00faltimas 24 horas\u00a0<strong>52.894 testeos<\/strong>\u00a0y que, desde el inicio de la pandemia, ascienden a\u00a0<strong>18.256.320\u00a0<\/strong>las pruebas diagn\u00f3sticas realizadas.<\/p>\n\n\n\n<div class=\"infogram-embed\" data-id=\"09886bfe-6728-477a-b639-3e6b4ba92211\" data-type=\"interactive\" data-title=\"Curva\"><\/div><script>!function(e,i,n,s){var t=\"InfogramEmbeds\",d=e.getElementsByTagName(\"script\")[0];if(window[t]&&window[t].initialized)window[t].process&&window[t].process();else if(!e.getElementById(n)){var o=e.createElement(\"script\");o.async=1,o.id=n,o.src=\"https:\/\/e.infogram.com\/js\/dist\/embed-loader-min.js\",d.parentNode.insertBefore(o,d)}}(document,0,\"infogram-async\");<\/scri\n\n\n\n<p>En las \u00faltimas 24 horas se registraron en\u00a0<strong>la provincia de Buenos Aires 1711 casos;<\/strong>\u00a0en la Ciudad de Buenos Aires, 685; en Catamarca, 194; en Chaco, 264; en Chubut, 78; en Corrientes, 387; en C\u00f3rdoba, 473; en Entre R\u00edos, 206; en Formosa, 221; en Jujuy, 189; en La Pampa, 183; en La Rioja, 128; en Mendoza, 125; en Misiones, 8; en Neuqu\u00e9n, 126; en R\u00edo Negro, 180; en Salta, 199; en San Juan, 62; en San Luis, 203; en Santa Cruz, 28; en Santa Fe, 663; en Santiago del Estero, 335; Tierra del Fuego, 15; y en Tucum\u00e1n, 272.<\/p>\n\n\n\n<p>El total de acumulados por distrito es:\u00a0<strong>provincia de Buenos Aires, 1.927.399;<\/strong>\u00a0Ciudad de Buenos Aires, 481.843; Catamarca, 38.986; Chaco, 86.069; Chubut, 73.898; Corrientes, 74.771; C\u00f3rdoba, 445.174; Entre R\u00edos, 122.158; Formosa, 52.763; Jujuy, 40.770; La Pampa, 57.779; La Rioja, 25.733; Mendoza, 148.430; Misiones, 28.498; Neuqu\u00e9n, 104.864; R\u00edo Negro, 88.287; Salta, 70.494; San Juan, 56.685; San Luis, 71.659; Santa Cruz, 57.075; Santa Fe, 432.051; Santiago del Estero, 69.084; Tierra del Fuego, 30.553, y Tucum\u00e1n, 171.355.<\/p>\n","protected":false},"excerpt":{"rendered":"<p>Informe del Ministerio de Salud de la Naci\u00f3n.<\/p>\n","protected":false},"author":2,"featured_media":24596,"comment_status":"open","ping_status":"open","sticky":false,"template":"","format":"standard","meta":{"om_disable_all_campaigns":false,"_monsterinsights_skip_tracking":false,"_monsterinsights_sitenote_active":false,"_monsterinsights_sitenote_note":"","_monsterinsights_sitenote_category":0,"_uf_show_specific_survey":0,"_uf_disable_surveys":false,"jetpack_post_was_ever_published":false,"_jetpack_newsletter_access":"","_jetpack_dont_email_post_to_subs":false,"_jetpack_newsletter_tier_id":0,"_jetpack_memberships_contains_paywalled_content":false,"_jetpack_memberships_contains_paid_content":false,"footnotes":"","jetpack_publicize_message":"","jetpack_publicize_feature_enabled":true,"jetpack_social_post_already_shared":false,"jetpack_social_options":{"image_generator_settings":{"template":"highway","default_image_id":0,"font":"","enabled":false},"version":2}},"categories":[3],"tags":[],"class_list":["post-24595","post","type-post","status-publish","format-standard","has-post-thumbnail","hentry","category-salud"],"aioseo_notices":[],"views":5,"jetpack_publicize_connections":[],"jetpack_featured_media_url":"https:\/\/i0.wp.com\/elterritorialweb.com.ar\/web\/wp-content\/uploads\/2021\/07\/nuevos-casos-18-de-julio.jpg?fit=680%2C383&ssl=1","jetpack_sharing_enabled":true,"_links":{"self":[{"href":"https:\/\/elterritorialweb.com.ar\/web\/wp-json\/wp\/v2\/posts\/24595","targetHints":{"allow":["GET"]}}],"collection":[{"href":"https:\/\/elterritorialweb.com.ar\/web\/wp-json\/wp\/v2\/posts"}],"about":[{"href":"https:\/\/elterritorialweb.com.ar\/web\/wp-json\/wp\/v2\/types\/post"}],"author":[{"embeddable":true,"href":"https:\/\/elterritorialweb.com.ar\/web\/wp-json\/wp\/v2\/users\/2"}],"replies":[{"embeddable":true,"href":"https:\/\/elterritorialweb.com.ar\/web\/wp-json\/wp\/v2\/comments?post=24595"}],"version-history":[{"count":1,"href":"https:\/\/elterritorialweb.com.ar\/web\/wp-json\/wp\/v2\/posts\/24595\/revisions"}],"predecessor-version":[{"id":24597,"href":"https:\/\/elterritorialweb.com.ar\/web\/wp-json\/wp\/v2\/posts\/24595\/revisions\/24597"}],"wp:featuredmedia":[{"embeddable":true,"href":"https:\/\/elterritorialweb.com.ar\/web\/wp-json\/wp\/v2\/media\/24596"}],"wp:attachment":[{"href":"https:\/\/elterritorialweb.com.ar\/web\/wp-json\/wp\/v2\/media?parent=24595"}],"wp:term":[{"taxonomy":"category","embeddable":true,"href":"https:\/\/elterritorialweb.com.ar\/web\/wp-json\/wp\/v2\/categories?post=24595"},{"taxonomy":"post_tag","embeddable":true,"href":"https:\/\/elterritorialweb.com.ar\/web\/wp-json\/wp\/v2\/tags?post=24595"}],"curies":[{"name":"wp","href":"https:\/\/api.w.org\/{rel}","templated":true}]}}