{"id":24606,"date":"2021-07-18T23:43:06","date_gmt":"2021-07-18T23:43:06","guid":{"rendered":"http:\/\/elterritorialweb.com.ar\/web\/?p=24606"},"modified":"2021-07-18T23:43:13","modified_gmt":"2021-07-18T23:43:13","slug":"abel-pinto-se-quebro-al-recordar-a-una-amiga-de-la-infancia-que-fallecio-la-recuerdo-cada-dia-de-mi-vida","status":"publish","type":"post","link":"https:\/\/elterritorialweb.com.ar\/web\/abel-pinto-se-quebro-al-recordar-a-una-amiga-de-la-infancia-que-fallecio-la-recuerdo-cada-dia-de-mi-vida\/","title":{"rendered":"ABEL PINTO SE QUEBR\u00d3 AL RECORDAR A UNA AMIGA DE LA INFANCIA QUE FALLECI\u00d3: \u00abLA RECUERDO CADA D\u00cdA DE MI VIDA\u00bb"},"content":{"rendered":"\n<p><strong>Abel Pintos\u00a0<\/strong>se quebr\u00f3 en su visita al ciclo<strong>\u00a0\u00abPodemos hablar\u00bb, Telefe,<\/strong>\u00a0al recordar a una amiga su infancia que falleci\u00f3. El cantante se mostr\u00f3 conmovido desde el comienzo de su relato al hablar de\u00a0<strong>Corina<\/strong>.<\/p>\n\n\n\n<p><em>\u00abIr\u00eda al momento de mi comuni\u00f3n. Fue la \u00faltima vez que vi a mi amiga de la infancia, Corina, que cuando se fue, porque no se pod\u00eda quedar mucho tiempo por cuestiones de salud, me mand\u00f3 a decir por otra amiga que me quer\u00eda dar un beso en el cachete\u00bb,<\/em>\u00a0precis\u00f3 entre l\u00e1grimas\u00a0<strong>Abel<\/strong>.<\/p>\n\n\n\n<p>Y agreg\u00f3:&nbsp;<em>\u00abTodav\u00eda hoy me dio un beso y yo le di un beso a ella. Me dijo te quiero y yo no sab\u00eda decir te quiero. Y no la vi nunca m\u00e1s y la recuerdo cada d\u00eda de mi vida\u00bb.<\/em><\/p>\n\n\n\n<p>Sin dudase trat\u00f3 de un emotivo durante la din\u00e1mica del fuego en el centro del estudio donde\u00a0<strong>Abel\u00a0<\/strong>abri\u00f3 su coraz\u00f3n con su fuerte historia de la amistad.\u00a0<strong>Andy Kusnetzoff\u00a0<\/strong>le pidi\u00f3 incluso que \u00abest\u00e9 tranquilo\u00bb al verlo tan movilizado por ese recuerdo.<\/p>\n","protected":false},"excerpt":{"rendered":"<p>El cantante llor\u00f3 en su visita al \u00abPodemos Hablar\u00bb al hablar de su amiga Corina<\/p>\n","protected":false},"author":2,"featured_media":24607,"comment_status":"open","ping_status":"open","sticky":false,"template":"","format":"standard","meta":{"om_disable_all_campaigns":false,"_monsterinsights_skip_tracking":false,"_monsterinsights_sitenote_active":false,"_monsterinsights_sitenote_note":"","_monsterinsights_sitenote_category":0,"_uf_show_specific_survey":0,"_uf_disable_surveys":false,"jetpack_post_was_ever_published":false,"_jetpack_newsletter_access":"","_jetpack_dont_email_post_to_subs":false,"_jetpack_newsletter_tier_id":0,"_jetpack_memberships_contains_paywalled_content":false,"_jetpack_memberships_contains_paid_content":false,"footnotes":"","jetpack_publicize_message":"","jetpack_publicize_feature_enabled":true,"jetpack_social_post_already_shared":false,"jetpack_social_options":{"image_generator_settings":{"template":"highway","default_image_id":0,"font":"","enabled":false},"version":2}},"categories":[20],"tags":[],"class_list":["post-24606","post","type-post","status-publish","format-standard","has-post-thumbnail","hentry","category-especysociales"],"aioseo_notices":[],"views":5,"jetpack_publicize_connections":[],"jetpack_featured_media_url":"https:\/\/i0.wp.com\/elterritorialweb.com.ar\/web\/wp-content\/uploads\/2021\/07\/ABEL-PINTO-SE-QUEBRO.jpeg?fit=700%2C360&ssl=1","jetpack_sharing_enabled":true,"_links":{"self":[{"href":"https:\/\/elterritorialweb.com.ar\/web\/wp-json\/wp\/v2\/posts\/24606","targetHints":{"allow":["GET"]}}],"collection":[{"href":"https:\/\/elterritorialweb.com.ar\/web\/wp-json\/wp\/v2\/posts"}],"about":[{"href":"https:\/\/elterritorialweb.com.ar\/web\/wp-json\/wp\/v2\/types\/post"}],"author":[{"embeddable":true,"href":"https:\/\/elterritorialweb.com.ar\/web\/wp-json\/wp\/v2\/users\/2"}],"replies":[{"embeddable":true,"href":"https:\/\/elterritorialweb.com.ar\/web\/wp-json\/wp\/v2\/comments?post=24606"}],"version-history":[{"count":1,"href":"https:\/\/elterritorialweb.com.ar\/web\/wp-json\/wp\/v2\/posts\/24606\/revisions"}],"predecessor-version":[{"id":24608,"href":"https:\/\/elterritorialweb.com.ar\/web\/wp-json\/wp\/v2\/posts\/24606\/revisions\/24608"}],"wp:featuredmedia":[{"embeddable":true,"href":"https:\/\/elterritorialweb.com.ar\/web\/wp-json\/wp\/v2\/media\/24607"}],"wp:attachment":[{"href":"https:\/\/elterritorialweb.com.ar\/web\/wp-json\/wp\/v2\/media?parent=24606"}],"wp:term":[{"taxonomy":"category","embeddable":true,"href":"https:\/\/elterritorialweb.com.ar\/web\/wp-json\/wp\/v2\/categories?post=24606"},{"taxonomy":"post_tag","embeddable":true,"href":"https:\/\/elterritorialweb.com.ar\/web\/wp-json\/wp\/v2\/tags?post=24606"}],"curies":[{"name":"wp","href":"https:\/\/api.w.org\/{rel}","templated":true}]}}