{"id":24615,"date":"2021-07-19T18:02:28","date_gmt":"2021-07-19T18:02:28","guid":{"rendered":"http:\/\/elterritorialweb.com.ar\/web\/?p=24615"},"modified":"2021-07-19T18:03:04","modified_gmt":"2021-07-19T18:03:04","slug":"la-banda-continua-con-las-tareas-de-sanitizacion-y-fumigacion-en-barrios-de-la-ciudad","status":"publish","type":"post","link":"https:\/\/elterritorialweb.com.ar\/web\/la-banda-continua-con-las-tareas-de-sanitizacion-y-fumigacion-en-barrios-de-la-ciudad\/","title":{"rendered":"LA BANDA CONTIN\u00daA CON LAS TAREAS DE SANITIZACI\u00d3N Y FUMIGACI\u00d3N EN BARRIOS DE LA CIUDAD"},"content":{"rendered":"\n<p>Las acciones son llevadas a cabo por personal de la Secretaria de Servicios P\u00fablicos de la comuna&nbsp;&nbsp;con la utilizaci\u00f3n del&nbsp;&nbsp;cami\u00f3n Volkswagen que posee tanques de 3 mil litros, motores independientes y una turbina con capacidad de 10 litros por minutos en la expansi\u00f3n de desinfectante, que fuera donado por el Gobierno de la Provincia de Santiago del Estero.<\/p>\n\n\n\n<p>Desde el \u00e1rea, explicaron que \u201cel rociado brinda sanitizacion completa de calles,&nbsp;&nbsp;veredas y frentes de los domicilios y que se realizan en el horario de restricci\u00f3n para evitar tr\u00e1nsito y transe\u00fantes\u201d.<\/p>\n\n\n\n<p>Adem\u00e1s, hicieron hincapi\u00e9 en la importancia de que cada familia se cuide y tenga respeto a las normas sanitarias para que se evite la propagaci\u00f3n del virus. Como tambi\u00e9n, se ruega a padres y tutores que se aseguren con los menores de edad cumplan con la restricci\u00f3n horaria.<\/p>\n\n\n\n<p>Durante&nbsp;&nbsp;esta semana se realizaron tareas en los barrios Fraternidad, Ramos Taboada, Finca de Ramos, Santa Clara, Uni\u00f3n Ferroviaria y San Carlos.<\/p>\n","protected":false},"excerpt":{"rendered":"<p>La Municipalidad de La Banda refuerza los protocolos de seguridad sanitaria en la ciudad a trav\u00e9s de la desafecci\u00f3n y sanitizaci\u00f3n en general por las calles.<\/p>\n","protected":false},"author":2,"featured_media":24616,"comment_status":"open","ping_status":"open","sticky":false,"template":"","format":"standard","meta":{"om_disable_all_campaigns":false,"_monsterinsights_skip_tracking":false,"_monsterinsights_sitenote_active":false,"_monsterinsights_sitenote_note":"","_monsterinsights_sitenote_category":0,"_uf_show_specific_survey":0,"_uf_disable_surveys":false,"jetpack_post_was_ever_published":false,"_jetpack_newsletter_access":"","_jetpack_dont_email_post_to_subs":false,"_jetpack_newsletter_tier_id":0,"_jetpack_memberships_contains_paywalled_content":false,"_jetpack_memberships_contains_paid_content":false,"footnotes":"","jetpack_publicize_message":"","jetpack_publicize_feature_enabled":true,"jetpack_social_post_already_shared":false,"jetpack_social_options":{"image_generator_settings":{"template":"highway","default_image_id":0,"font":"","enabled":false},"version":2}},"categories":[21],"tags":[],"class_list":["post-24615","post","type-post","status-publish","format-standard","has-post-thumbnail","hentry","category-locales"],"aioseo_notices":[],"views":8,"jetpack_publicize_connections":[],"jetpack_featured_media_url":"https:\/\/i0.wp.com\/elterritorialweb.com.ar\/web\/wp-content\/uploads\/2021\/07\/LA-BANDA-SANITIZACION.jpeg?fit=1030%2C775&ssl=1","jetpack_sharing_enabled":true,"_links":{"self":[{"href":"https:\/\/elterritorialweb.com.ar\/web\/wp-json\/wp\/v2\/posts\/24615","targetHints":{"allow":["GET"]}}],"collection":[{"href":"https:\/\/elterritorialweb.com.ar\/web\/wp-json\/wp\/v2\/posts"}],"about":[{"href":"https:\/\/elterritorialweb.com.ar\/web\/wp-json\/wp\/v2\/types\/post"}],"author":[{"embeddable":true,"href":"https:\/\/elterritorialweb.com.ar\/web\/wp-json\/wp\/v2\/users\/2"}],"replies":[{"embeddable":true,"href":"https:\/\/elterritorialweb.com.ar\/web\/wp-json\/wp\/v2\/comments?post=24615"}],"version-history":[{"count":1,"href":"https:\/\/elterritorialweb.com.ar\/web\/wp-json\/wp\/v2\/posts\/24615\/revisions"}],"predecessor-version":[{"id":24617,"href":"https:\/\/elterritorialweb.com.ar\/web\/wp-json\/wp\/v2\/posts\/24615\/revisions\/24617"}],"wp:featuredmedia":[{"embeddable":true,"href":"https:\/\/elterritorialweb.com.ar\/web\/wp-json\/wp\/v2\/media\/24616"}],"wp:attachment":[{"href":"https:\/\/elterritorialweb.com.ar\/web\/wp-json\/wp\/v2\/media?parent=24615"}],"wp:term":[{"taxonomy":"category","embeddable":true,"href":"https:\/\/elterritorialweb.com.ar\/web\/wp-json\/wp\/v2\/categories?post=24615"},{"taxonomy":"post_tag","embeddable":true,"href":"https:\/\/elterritorialweb.com.ar\/web\/wp-json\/wp\/v2\/tags?post=24615"}],"curies":[{"name":"wp","href":"https:\/\/api.w.org\/{rel}","templated":true}]}}