{"id":24635,"date":"2021-07-19T23:14:33","date_gmt":"2021-07-19T23:14:33","guid":{"rendered":"http:\/\/elterritorialweb.com.ar\/web\/?p=24635"},"modified":"2021-07-20T01:23:14","modified_gmt":"2021-07-20T01:23:14","slug":"liga-profesional-central-cordoba-empato-con-banfield-en-el-madre-de-ciudades","status":"publish","type":"post","link":"https:\/\/elterritorialweb.com.ar\/web\/liga-profesional-central-cordoba-empato-con-banfield-en-el-madre-de-ciudades\/","title":{"rendered":"LIGA PROFESIONAL: CENTRAL C\u00d3RDOBA EMPAT\u00d3 CON BANFIELD EN EL MADRE DE CIUDADES"},"content":{"rendered":"\n<p><strong>Giuliano Galopo<\/strong>&nbsp;abri\u00f3 el marcador para el Taladro a los 20 minutos del primer tiempo, sin embargo&nbsp;<strong>Milton Gim\u00e9nez<\/strong>&nbsp;alcanz\u00f3 el empate para el Ferroviario a los 42 de esa primera etapa tras capitalizar un penal.<\/p>\n\n\n\n<figure class=\"wp-block-embed is-type-wp-embed is-provider-streamable wp-block-embed-streamable\"><div class=\"wp-block-embed__wrapper\">\nhttps:\/\/streamable.com\/rye8n8\n<\/div><\/figure>\n\n\n\n<p><strong>Banfield\u00a0<\/strong>se mostr\u00f3 superior en el arranque del encuentro y prolong\u00f3 esa primac\u00eda durante la primera media hora del per\u00edodo inicial, lapso en el que pudo ponerse en ventaja con un tanto de su volante-goleador,\u00a0<strong>Giuliano Galoppo<\/strong>, quien convirti\u00f3 de zurda contra el palo izquierdo del arquero\u00a0<strong>Andr\u00e9s Mehring<\/strong>.<\/p>\n\n\n\n<figure class=\"wp-block-embed is-type-wp-embed is-provider-streamable wp-block-embed-streamable\"><div class=\"wp-block-embed__wrapper\">\nhttps:\/\/streamable.com\/7uyeoz\n<\/div><\/figure>\n\n\n\n<p>Ese tanto se produjo a los 21 minutos y\u00a0<strong>Central C\u00f3rdoba<\/strong>\u00a0tard\u00f3 otros 10 en reaccionar, apropi\u00e1ndose del dominio del juego durante el cuarto de hora final de la primera etapa, a cuyas postrimer\u00edas lleg\u00f3 a la igualdad tras un tiro penal convertido por\u00a0<strong>Milton Gim\u00e9nez<\/strong>\u00a0a los 43.<\/p>\n\n\n\n<figure class=\"wp-block-image size-large\"><a href=\"https:\/\/i0.wp.com\/elterritorialweb.com.ar\/web\/wp-content\/uploads\/2021\/07\/CENTRAL-BANFIELD.jpg\"><img data-recalc-dims=\"1\" decoding=\"async\" width=\"640\" height=\"446\" data-src=\"https:\/\/i0.wp.com\/elterritorialweb.com.ar\/web\/wp-content\/uploads\/2021\/07\/CENTRAL-BANFIELD.jpg?resize=640%2C446\" alt=\"\" class=\"wp-image-24657 lazyload\" data-srcset=\"https:\/\/i0.wp.com\/elterritorialweb.com.ar\/web\/wp-content\/uploads\/2021\/07\/CENTRAL-BANFIELD.jpg?w=852&amp;ssl=1 852w, https:\/\/i0.wp.com\/elterritorialweb.com.ar\/web\/wp-content\/uploads\/2021\/07\/CENTRAL-BANFIELD.jpg?resize=300%2C209&amp;ssl=1 300w, https:\/\/i0.wp.com\/elterritorialweb.com.ar\/web\/wp-content\/uploads\/2021\/07\/CENTRAL-BANFIELD.jpg?resize=768%2C535&amp;ssl=1 768w\" data-sizes=\"(max-width: 640px) 100vw, 640px\" src=\"data:image\/svg+xml;base64,PHN2ZyB3aWR0aD0iMSIgaGVpZ2h0PSIxIiB4bWxucz0iaHR0cDovL3d3dy53My5vcmcvMjAwMC9zdmciPjwvc3ZnPg==\" style=\"--smush-placeholder-width: 640px; --smush-placeholder-aspect-ratio: 640\/446;\" \/><\/a><\/figure>\n\n\n\n<p>El segundo per\u00edodo arranc\u00f3 con las mismas caracter\u00edsticas con las que hab\u00eda finalizado el primero, vale decir con los santiague\u00f1os jugando en campo banfile\u00f1o, pero con mayor profundidad de la demostrada por los dirigidos por&nbsp;<strong>Javier Sanguinetti<\/strong>&nbsp;cuando fueron ellos los due\u00f1os del desarrollo.<\/p>\n\n\n\n<figure class=\"wp-block-image size-large\"><a href=\"https:\/\/i0.wp.com\/elterritorialweb.com.ar\/web\/wp-content\/uploads\/2021\/07\/CENTRAL-BANFIELD-4.jpg\"><img data-recalc-dims=\"1\" decoding=\"async\" width=\"640\" height=\"456\" data-src=\"https:\/\/i0.wp.com\/elterritorialweb.com.ar\/web\/wp-content\/uploads\/2021\/07\/CENTRAL-BANFIELD-4.jpg?resize=640%2C456\" alt=\"\" class=\"wp-image-24658 lazyload\" data-srcset=\"https:\/\/i0.wp.com\/elterritorialweb.com.ar\/web\/wp-content\/uploads\/2021\/07\/CENTRAL-BANFIELD-4.jpg?resize=1024%2C730&amp;ssl=1 1024w, https:\/\/i0.wp.com\/elterritorialweb.com.ar\/web\/wp-content\/uploads\/2021\/07\/CENTRAL-BANFIELD-4.jpg?resize=300%2C214&amp;ssl=1 300w, https:\/\/i0.wp.com\/elterritorialweb.com.ar\/web\/wp-content\/uploads\/2021\/07\/CENTRAL-BANFIELD-4.jpg?resize=768%2C547&amp;ssl=1 768w, https:\/\/i0.wp.com\/elterritorialweb.com.ar\/web\/wp-content\/uploads\/2021\/07\/CENTRAL-BANFIELD-4.jpg?w=1280&amp;ssl=1 1280w\" data-sizes=\"(max-width: 640px) 100vw, 640px\" src=\"data:image\/svg+xml;base64,PHN2ZyB3aWR0aD0iMSIgaGVpZ2h0PSIxIiB4bWxucz0iaHR0cDovL3d3dy53My5vcmcvMjAwMC9zdmciPjwvc3ZnPg==\" style=\"--smush-placeholder-width: 640px; --smush-placeholder-aspect-ratio: 640\/456;\" \/><\/a><\/figure>\n\n\n\n<p>Y de hecho esa condici\u00f3n ofensiva les permiti\u00f3 estar cerca de ponerse en ventaja en tres oportunidades, pero all\u00ed fue clave la aparici\u00f3n del arquero&nbsp;<strong>Facundo Altamirano<\/strong>, al que le vino bien la temporada de \u00abfogueo\u00bb en&nbsp;<strong>Estudiantes de Buenos Aires<\/strong>.<\/p>\n","protected":false},"excerpt":{"rendered":"<p>El Ferroviario y el Taladro empataron 1-1, pero en el cierre hubo pol\u00e9mica con el \u00e1rbitro y hasta pedido de penal en el Madre de Ciudades.<\/p>\n","protected":false},"author":2,"featured_media":24636,"comment_status":"open","ping_status":"open","sticky":false,"template":"","format":"standard","meta":{"om_disable_all_campaigns":false,"_monsterinsights_skip_tracking":false,"_monsterinsights_sitenote_active":false,"_monsterinsights_sitenote_note":"","_monsterinsights_sitenote_category":0,"_uf_show_specific_survey":0,"_uf_disable_surveys":false,"jetpack_post_was_ever_published":false,"_jetpack_newsletter_access":"","_jetpack_dont_email_post_to_subs":false,"_jetpack_newsletter_tier_id":0,"_jetpack_memberships_contains_paywalled_content":false,"_jetpack_memberships_contains_paid_content":false,"footnotes":"","jetpack_publicize_message":"","jetpack_publicize_feature_enabled":true,"jetpack_social_post_already_shared":false,"jetpack_social_options":{"image_generator_settings":{"template":"highway","default_image_id":0,"font":"","enabled":false},"version":2}},"categories":[6],"tags":[],"class_list":["post-24635","post","type-post","status-publish","format-standard","has-post-thumbnail","hentry","category-deportes"],"aioseo_notices":[],"views":7,"jetpack_publicize_connections":[],"jetpack_featured_media_url":"https:\/\/i0.wp.com\/elterritorialweb.com.ar\/web\/wp-content\/uploads\/2021\/07\/CENTRAL-BANFIELD-3.jpg?fit=1280%2C908&ssl=1","jetpack_sharing_enabled":true,"_links":{"self":[{"href":"https:\/\/elterritorialweb.com.ar\/web\/wp-json\/wp\/v2\/posts\/24635","targetHints":{"allow":["GET"]}}],"collection":[{"href":"https:\/\/elterritorialweb.com.ar\/web\/wp-json\/wp\/v2\/posts"}],"about":[{"href":"https:\/\/elterritorialweb.com.ar\/web\/wp-json\/wp\/v2\/types\/post"}],"author":[{"embeddable":true,"href":"https:\/\/elterritorialweb.com.ar\/web\/wp-json\/wp\/v2\/users\/2"}],"replies":[{"embeddable":true,"href":"https:\/\/elterritorialweb.com.ar\/web\/wp-json\/wp\/v2\/comments?post=24635"}],"version-history":[{"count":4,"href":"https:\/\/elterritorialweb.com.ar\/web\/wp-json\/wp\/v2\/posts\/24635\/revisions"}],"predecessor-version":[{"id":24661,"href":"https:\/\/elterritorialweb.com.ar\/web\/wp-json\/wp\/v2\/posts\/24635\/revisions\/24661"}],"wp:featuredmedia":[{"embeddable":true,"href":"https:\/\/elterritorialweb.com.ar\/web\/wp-json\/wp\/v2\/media\/24636"}],"wp:attachment":[{"href":"https:\/\/elterritorialweb.com.ar\/web\/wp-json\/wp\/v2\/media?parent=24635"}],"wp:term":[{"taxonomy":"category","embeddable":true,"href":"https:\/\/elterritorialweb.com.ar\/web\/wp-json\/wp\/v2\/categories?post=24635"},{"taxonomy":"post_tag","embeddable":true,"href":"https:\/\/elterritorialweb.com.ar\/web\/wp-json\/wp\/v2\/tags?post=24635"}],"curies":[{"name":"wp","href":"https:\/\/api.w.org\/{rel}","templated":true}]}}