{"id":24667,"date":"2021-07-20T01:53:29","date_gmt":"2021-07-20T01:53:29","guid":{"rendered":"http:\/\/elterritorialweb.com.ar\/web\/?p=24667"},"modified":"2021-07-20T01:53:30","modified_gmt":"2021-07-20T01:53:30","slug":"coronavirus-en-santiago-se-confirmaron-149-casos-positivos-y-10-muertos-en-la-provincia","status":"publish","type":"post","link":"https:\/\/elterritorialweb.com.ar\/web\/coronavirus-en-santiago-se-confirmaron-149-casos-positivos-y-10-muertos-en-la-provincia\/","title":{"rendered":"CORONAVIRUS EN SANTIAGO: SE CONFIRMARON 149 CASOS POSITIVOS Y 10 MUERTOS EN LA PROVINCIA"},"content":{"rendered":"\n<p>Se recuperaron seiscientos setenta y nueve (679) casos, por lo que son cincuenta y seis mil trescientos treinta y tres (56.333) los casos recuperados en la provincia.<\/p>\n\n\n\n<p><strong>Se notificaron en el d\u00eda de hoy diez (10) personas fallecidas con diagn\u00f3stico de COVID-19 activo. Una mujer de 93 a\u00f1os del Dpto Atamisqui y una mujer de 47 a\u00f1os internada en el Hospital Zonal A\u00f1atuya. Un hombre de 85 a\u00f1os con antecedente de insuficiencia card\u00edaca y una mujer de 67 a\u00f1os del Dpto Choya, ambas internadas en una cl\u00ednica privada. Una mujer de 54 a\u00f1os del Dpto. Banda que estaba internada en el Hospital Distrital Clodomira. Un hombre de 40 a\u00f1os con antecedentes de obesidad internada en el Centro de Salud Mama Antula. Una mujer de 81 a\u00f1os con antecedentes de hipertensi\u00f3n y un hombre de 84 a\u00f1os con antecedentes de hipertensi\u00f3n, ambos internados en sanatorios privados de la Capital. Una mujer de 89 a\u00f1os y una mujer de 66 a\u00f1os con antecedentes de diabetes e Hipertensi\u00f3n del Dpto Robles, ambos internadas en un sanatorio privado de la ciudad Capital. <\/strong><\/p>\n\n\n\n<p>Hay un total de ochocientos noventa y un (891) personas positivas fallecidas en la provincia.<\/p>\n\n\n\n<p>Se procesaron un total de setecientos noventa (790) muestras el d\u00eda de hoy.<\/p>\n\n\n\n<p><strong>Se confirmaron ciento cuarenta y nueve (149) casos, Santiago Banda (77) e interior de la provincia (72) distribuidos de la siguiente manera: Beltr\u00e1n 2; Campo Gallo 1; Colonia Dora 3; Colonia El Simbolar 1; El Dean 1; El Polear 1; Estacion Taca\u00f1itas 1; Estancia Vieja 13; Forres 1; Frias 1; Garza 1; Herrera 2; Ica\u00f1o 5; La Fragua 1; Lavalle 1; Linton 1; Los Quiroga 1; Loreto 2; Los Juries 3; Manogasta 1; Monte Quemado 3; Pampa de los Guanacos 3; Pozuelos 1; Selva 1; Sumampa 8; Suncho Corral 2; Termas 9; Villa Brana 1; Villa Mailin 1.<\/strong><\/p>\n\n\n\n<p>Permanecen activos diez mil ciento setenta y ocho (10.178) casos en la provincia. <\/p>\n\n\n\n<p>El total de casos positivos acumulados es de sesenta y ocho mil seiscientos cincuenta y cuatro (68.654).<\/p>\n\n\n\n<p>Se descartaron quinientos treinta y tres (533) casos el d\u00eda de hoy, por lo que hay ciento noventa y un mil setecientos diecinueve (191.719) casos descartados a la fecha. <\/p>\n\n\n\n<p><strong>Importante: <\/strong>La diferencia de casos acumulados, y difundidos en el reporte nacional, obedece a diferentes horarios de carga y a santiague\u00f1os que residen en otras provincias pero que no tienen realizado el cambio de domicilio legal en su DNI. Se ha solicitado el correspondiente pedido de reclasificaci\u00f3n de los casos excedentes cargados para nuestra provincia.<\/p>\n\n\n\n<p><strong>RECOMENDACIONES<\/strong><\/p>\n\n\n\n<p>Se recuerda que TODAS las personas que son contacto estrecho de casos positivos que DEBEN realizar un AISLAMIENTO SANITARIO OBLIGATORIO de 14 d\u00edas, aunque no presenten s\u00edntomas e independientemente si fueron hisopados y su resultado fue no detectable (negativo). <\/p>\n\n\n\n<p>Durante el aislamiento sanitario las personas no pueden salir de su hogar ni recibir visitas y deben cumplir con las medidas de prevenci\u00f3n indicadas por las autoridades sanitarias. <\/p>\n\n\n\n<p>Ante la presencia de fiebre mayor o igual a 37,5\u00b0 y s\u00edntomas respiratorios como tos, dolor de garganta, dificultad para respirar, adem\u00e1s de falta de gusto y olfato de reciente aparici\u00f3n, y tambi\u00e9n cefalea, diarrea y\/o v\u00f3mitos o al haber estado en contacto con un caso confirmado, se insta a la poblaci\u00f3n a que haga un contacto de inmediato con el sistema de salud contact\u00e1ndose con su centro de salud m\u00e1s cercano o comunic\u00e1ndose al 107 y evite el contacto social <\/p>\n\n\n\n<p>Tambi\u00e9n se recuerda que se realiza el hisopado a los contactos estrechos de casos positivos que presenten s\u00edntomas o que tengan factores de riesgo (mayores de 60 a\u00f1os, embarazadas, inmunocomprometidos, enfermos oncol\u00f3gicos o dializados).<\/p>\n\n\n\n<p>Recordemos continuar respetando las medidas de distancia f\u00edsica y lavarnos frecuentemente las manos con agua y jab\u00f3n. Si necesitamos salir usemos el barbijo correctamente sin tocarlo ni tocarnos la cara. <\/p>\n\n\n\n<p>Respetar todos los protocolos vigentes y las actividades permitidas, y no realizar reuniones sociales o familiares evitando contacto estrecho con personas que no sean convivientes.<\/p>\n","protected":false},"excerpt":{"rendered":"<p>Informe del Ministerio de Salud de la provincia de Santiago del Estero.<\/p>\n","protected":false},"author":2,"featured_media":24668,"comment_status":"open","ping_status":"open","sticky":false,"template":"","format":"standard","meta":{"om_disable_all_campaigns":false,"_monsterinsights_skip_tracking":false,"_monsterinsights_sitenote_active":false,"_monsterinsights_sitenote_note":"","_monsterinsights_sitenote_category":0,"_uf_show_specific_survey":0,"_uf_disable_surveys":false,"jetpack_post_was_ever_published":false,"_jetpack_newsletter_access":"","_jetpack_dont_email_post_to_subs":false,"_jetpack_newsletter_tier_id":0,"_jetpack_memberships_contains_paywalled_content":false,"_jetpack_memberships_contains_paid_content":false,"footnotes":"","jetpack_publicize_message":"","jetpack_publicize_feature_enabled":true,"jetpack_social_post_already_shared":false,"jetpack_social_options":{"image_generator_settings":{"template":"highway","default_image_id":0,"font":"","enabled":false},"version":2}},"categories":[3],"tags":[],"class_list":["post-24667","post","type-post","status-publish","format-standard","has-post-thumbnail","hentry","category-salud"],"aioseo_notices":[],"views":3,"jetpack_publicize_connections":[],"jetpack_featured_media_url":"https:\/\/i0.wp.com\/elterritorialweb.com.ar\/web\/wp-content\/uploads\/2021\/07\/reporte-diario-19-de-julio-e1626746002879.jpg?fit=720%2C765&ssl=1","jetpack_sharing_enabled":true,"_links":{"self":[{"href":"https:\/\/elterritorialweb.com.ar\/web\/wp-json\/wp\/v2\/posts\/24667","targetHints":{"allow":["GET"]}}],"collection":[{"href":"https:\/\/elterritorialweb.com.ar\/web\/wp-json\/wp\/v2\/posts"}],"about":[{"href":"https:\/\/elterritorialweb.com.ar\/web\/wp-json\/wp\/v2\/types\/post"}],"author":[{"embeddable":true,"href":"https:\/\/elterritorialweb.com.ar\/web\/wp-json\/wp\/v2\/users\/2"}],"replies":[{"embeddable":true,"href":"https:\/\/elterritorialweb.com.ar\/web\/wp-json\/wp\/v2\/comments?post=24667"}],"version-history":[{"count":1,"href":"https:\/\/elterritorialweb.com.ar\/web\/wp-json\/wp\/v2\/posts\/24667\/revisions"}],"predecessor-version":[{"id":24669,"href":"https:\/\/elterritorialweb.com.ar\/web\/wp-json\/wp\/v2\/posts\/24667\/revisions\/24669"}],"wp:featuredmedia":[{"embeddable":true,"href":"https:\/\/elterritorialweb.com.ar\/web\/wp-json\/wp\/v2\/media\/24668"}],"wp:attachment":[{"href":"https:\/\/elterritorialweb.com.ar\/web\/wp-json\/wp\/v2\/media?parent=24667"}],"wp:term":[{"taxonomy":"category","embeddable":true,"href":"https:\/\/elterritorialweb.com.ar\/web\/wp-json\/wp\/v2\/categories?post=24667"},{"taxonomy":"post_tag","embeddable":true,"href":"https:\/\/elterritorialweb.com.ar\/web\/wp-json\/wp\/v2\/tags?post=24667"}],"curies":[{"name":"wp","href":"https:\/\/api.w.org\/{rel}","templated":true}]}}