{"id":24670,"date":"2021-07-20T13:29:14","date_gmt":"2021-07-20T13:29:14","guid":{"rendered":"http:\/\/elterritorialweb.com.ar\/web\/?p=24670"},"modified":"2021-07-20T13:29:14","modified_gmt":"2021-07-20T13:29:14","slug":"cine-renzi-funciones-gratuitas-para-las-vacaciones-de-invierno","status":"publish","type":"post","link":"https:\/\/elterritorialweb.com.ar\/web\/cine-renzi-funciones-gratuitas-para-las-vacaciones-de-invierno\/","title":{"rendered":"CINE RENZI: FUNCIONES GRATUITAS PARA LAS VACACIONES DE INVIERNO"},"content":{"rendered":"\n<p>La idea es que los ni\u00f1os disfruten de la pantalla grande del Cine Renzi junto a sus amigos, los que deseen participar pueden retirar sus entradas desde las oficinas de Desarrollo Social, ubicado en Arist\u00f3bulo del Valle 640 , de 9 a 12 de lunes a viernes.<\/p>\n\n\n\n<p>Las funciones gratuitas ser\u00e1n durante la ma\u00f1ana, y acompa\u00f1an la propuesta las Oficinas de la Ni\u00f1ez, Adolescencia y Familia y Discapacidad.&nbsp;<\/p>\n\n\n\n<p>Asimismo, desde la direcci\u00f3n del Cine especificaron la importancia del cumplimiento de los protocolos sanitarios, como el uso del barbijo y de la higiene en las manos. Por lo que destac\u00f3 que contin\u00faa con su ocupaci\u00f3n reducida cumpliendo con el distanciamiento contra el Covid-19.<\/p>\n","protected":false},"excerpt":{"rendered":"<p>La Direcci\u00f3n de Desarrollo Social y Pol\u00edticas Sanitarias dependiente de la Secretaria de Desarrollo Humano lanz\u00f3 la propuesta para los peque\u00f1os en vacaciones de invierno, junto al Cine Teatro Municipal Renzi; denominada \u201cUn d\u00eda de pel\u00edcula\u201d.<\/p>\n","protected":false},"author":2,"featured_media":14591,"comment_status":"open","ping_status":"open","sticky":false,"template":"","format":"standard","meta":{"om_disable_all_campaigns":false,"_monsterinsights_skip_tracking":false,"_monsterinsights_sitenote_active":false,"_monsterinsights_sitenote_note":"","_monsterinsights_sitenote_category":0,"_uf_show_specific_survey":0,"_uf_disable_surveys":false,"jetpack_post_was_ever_published":false,"_jetpack_newsletter_access":"","_jetpack_dont_email_post_to_subs":false,"_jetpack_newsletter_tier_id":0,"_jetpack_memberships_contains_paywalled_content":false,"_jetpack_memberships_contains_paid_content":false,"footnotes":"","jetpack_publicize_message":"","jetpack_publicize_feature_enabled":true,"jetpack_social_post_already_shared":false,"jetpack_social_options":{"image_generator_settings":{"template":"highway","default_image_id":0,"font":"","enabled":false},"version":2}},"categories":[20],"tags":[],"class_list":["post-24670","post","type-post","status-publish","format-standard","has-post-thumbnail","hentry","category-especysociales"],"aioseo_notices":[],"views":6,"jetpack_publicize_connections":[],"jetpack_featured_media_url":"https:\/\/i0.wp.com\/elterritorialweb.com.ar\/web\/wp-content\/uploads\/2020\/12\/RENZI.jpg?fit=1030%2C773&ssl=1","jetpack_sharing_enabled":true,"_links":{"self":[{"href":"https:\/\/elterritorialweb.com.ar\/web\/wp-json\/wp\/v2\/posts\/24670","targetHints":{"allow":["GET"]}}],"collection":[{"href":"https:\/\/elterritorialweb.com.ar\/web\/wp-json\/wp\/v2\/posts"}],"about":[{"href":"https:\/\/elterritorialweb.com.ar\/web\/wp-json\/wp\/v2\/types\/post"}],"author":[{"embeddable":true,"href":"https:\/\/elterritorialweb.com.ar\/web\/wp-json\/wp\/v2\/users\/2"}],"replies":[{"embeddable":true,"href":"https:\/\/elterritorialweb.com.ar\/web\/wp-json\/wp\/v2\/comments?post=24670"}],"version-history":[{"count":1,"href":"https:\/\/elterritorialweb.com.ar\/web\/wp-json\/wp\/v2\/posts\/24670\/revisions"}],"predecessor-version":[{"id":24671,"href":"https:\/\/elterritorialweb.com.ar\/web\/wp-json\/wp\/v2\/posts\/24670\/revisions\/24671"}],"wp:featuredmedia":[{"embeddable":true,"href":"https:\/\/elterritorialweb.com.ar\/web\/wp-json\/wp\/v2\/media\/14591"}],"wp:attachment":[{"href":"https:\/\/elterritorialweb.com.ar\/web\/wp-json\/wp\/v2\/media?parent=24670"}],"wp:term":[{"taxonomy":"category","embeddable":true,"href":"https:\/\/elterritorialweb.com.ar\/web\/wp-json\/wp\/v2\/categories?post=24670"},{"taxonomy":"post_tag","embeddable":true,"href":"https:\/\/elterritorialweb.com.ar\/web\/wp-json\/wp\/v2\/tags?post=24670"}],"curies":[{"name":"wp","href":"https:\/\/api.w.org\/{rel}","templated":true}]}}