{"id":24672,"date":"2021-07-20T13:52:21","date_gmt":"2021-07-20T13:52:21","guid":{"rendered":"http:\/\/elterritorialweb.com.ar\/web\/?p=24672"},"modified":"2021-07-20T14:29:59","modified_gmt":"2021-07-20T14:29:59","slug":"el-viernes-23-continuaran-con-la-entrega-de-la-tarjeta-alimentar-en-la-capital","status":"publish","type":"post","link":"https:\/\/elterritorialweb.com.ar\/web\/el-viernes-23-continuaran-con-la-entrega-de-la-tarjeta-alimentar-en-la-capital\/","title":{"rendered":"EL VIERNES 23 CONTINUAR\u00c1N CON LA ENTREGA DE LA TARJETA ALIMENTAR EN LA CAPITAL"},"content":{"rendered":"\n<p>En una acci\u00f3n coordinada con la Provincia, el municipio participa en la distribuci\u00f3n de estas tarjetas que dependen del Ministerio de Desarrollo Social de la Naci\u00f3n, siendo \u00e9sta la tercera entrega para los beneficiarios que residen en la ciudad Capital.<\/p>\n\n\n\n<p>Esta semana el centro de distribuci\u00f3n funcionar\u00e1 en el horario de 8.30 a 12.30 en club Red Star, ubicado en avenida Rivadavia 945. Previamente, los vecinos deben consultar si est\u00e1n incluidos entre los beneficiarios de las tarjetas ingresando a <a rel=\"noreferrer noopener\" href=\"https:\/\/l.facebook.com\/l.php?u=http%3A%2F%2Fsantiagociudad.com%2F%3Ffbclid%3DIwAR0SQD1iJM5QTxoqWZVYdQo-zv7e6CE4Ni5m5r5f2U8oyaecSrHZjYcLvNU&amp;h=AT3Op0HhEKKBm1-TG_6nLn7hJUUqh1P_d-YngVdS7xdtH2nTj1B6Yd-oe7AafAA2sGPcLLK-8yb1QtLsycCfGPf69oWWr7y0VFDJZDd9Ya_Ctzs0nqV6gWUgAVOZ15tGDA3W&amp;__tn__=-UK-R&amp;c[0]=AT2KC4xyVvhzyJqGE6xd5UFw-N6XJ4HU9zAbPWXr8TxuxuiKlwOiwvR15XXGM-IRp_hjGDXpIMQ1baeeOjwqKW4EUS3fAkE64lyEVgaKn5BabLIGt0t6X-Ix_iDiQSDKWfAKSIeu6UR_wXBUEEChFJjm0RM3v1k_qwnhTT74i5bAFA\" target=\"_blank\">http:\/\/santiagociudad.com<\/a> en donde adem\u00e1s podr\u00e1n verificar el d\u00eda y horario asignado para la entrega. EL municipio dise\u00f1\u00f3 esta aplicaci\u00f3n especialmente para organizar la asistencia a los clubes y evitar las aglomeraciones en este contexto de pandemia.<\/p>\n\n\n\n<p>La tarjeta Alimentar es una pol\u00edtica complementaria que garantiza el acceso a la canasta b\u00e1sica alimentaria. No suplanta a la Asignaci\u00f3n Universal por Hija\/o ni a ninguna pol\u00edtica existente.<\/p>\n","protected":false},"excerpt":{"rendered":"<p>La Capital inform\u00f3 que contin\u00faa hasta el pr\u00f3ximo viernes la entrega de la tarjeta Alimentar, en el marco del plan Argentina Contra El Hambre.<\/p>\n","protected":false},"author":2,"featured_media":24673,"comment_status":"open","ping_status":"open","sticky":false,"template":"","format":"standard","meta":{"om_disable_all_campaigns":false,"_monsterinsights_skip_tracking":false,"_monsterinsights_sitenote_active":false,"_monsterinsights_sitenote_note":"","_monsterinsights_sitenote_category":0,"_uf_show_specific_survey":0,"_uf_disable_surveys":false,"jetpack_post_was_ever_published":false,"_jetpack_newsletter_access":"","_jetpack_dont_email_post_to_subs":false,"_jetpack_newsletter_tier_id":0,"_jetpack_memberships_contains_paywalled_content":false,"_jetpack_memberships_contains_paid_content":false,"footnotes":"","jetpack_publicize_message":"","jetpack_publicize_feature_enabled":true,"jetpack_social_post_already_shared":false,"jetpack_social_options":{"image_generator_settings":{"template":"highway","default_image_id":0,"font":"","enabled":false},"version":2}},"categories":[21],"tags":[],"class_list":["post-24672","post","type-post","status-publish","format-standard","has-post-thumbnail","hentry","category-locales"],"aioseo_notices":[],"views":6,"jetpack_publicize_connections":[],"jetpack_featured_media_url":"https:\/\/i0.wp.com\/elterritorialweb.com.ar\/web\/wp-content\/uploads\/2021\/07\/TARJETA-ALIMENTAR-1.jpg?fit=809%2C540&ssl=1","jetpack_sharing_enabled":true,"_links":{"self":[{"href":"https:\/\/elterritorialweb.com.ar\/web\/wp-json\/wp\/v2\/posts\/24672","targetHints":{"allow":["GET"]}}],"collection":[{"href":"https:\/\/elterritorialweb.com.ar\/web\/wp-json\/wp\/v2\/posts"}],"about":[{"href":"https:\/\/elterritorialweb.com.ar\/web\/wp-json\/wp\/v2\/types\/post"}],"author":[{"embeddable":true,"href":"https:\/\/elterritorialweb.com.ar\/web\/wp-json\/wp\/v2\/users\/2"}],"replies":[{"embeddable":true,"href":"https:\/\/elterritorialweb.com.ar\/web\/wp-json\/wp\/v2\/comments?post=24672"}],"version-history":[{"count":1,"href":"https:\/\/elterritorialweb.com.ar\/web\/wp-json\/wp\/v2\/posts\/24672\/revisions"}],"predecessor-version":[{"id":24674,"href":"https:\/\/elterritorialweb.com.ar\/web\/wp-json\/wp\/v2\/posts\/24672\/revisions\/24674"}],"wp:featuredmedia":[{"embeddable":true,"href":"https:\/\/elterritorialweb.com.ar\/web\/wp-json\/wp\/v2\/media\/24673"}],"wp:attachment":[{"href":"https:\/\/elterritorialweb.com.ar\/web\/wp-json\/wp\/v2\/media?parent=24672"}],"wp:term":[{"taxonomy":"category","embeddable":true,"href":"https:\/\/elterritorialweb.com.ar\/web\/wp-json\/wp\/v2\/categories?post=24672"},{"taxonomy":"post_tag","embeddable":true,"href":"https:\/\/elterritorialweb.com.ar\/web\/wp-json\/wp\/v2\/tags?post=24672"}],"curies":[{"name":"wp","href":"https:\/\/api.w.org\/{rel}","templated":true}]}}