{"id":24679,"date":"2021-07-20T20:37:22","date_gmt":"2021-07-20T20:37:22","guid":{"rendered":"http:\/\/elterritorialweb.com.ar\/web\/?p=24679"},"modified":"2021-07-21T00:26:18","modified_gmt":"2021-07-21T00:26:18","slug":"infarto-agudo-de-miocardio-se-puede-revenir","status":"publish","type":"post","link":"https:\/\/elterritorialweb.com.ar\/web\/infarto-agudo-de-miocardio-se-puede-revenir\/","title":{"rendered":"INFARTO AGUDO DE MIOCARDIO \u00bfSE PUEDE PREVENIR?"},"content":{"rendered":"\n<p>El primer encuentro de este ciclo dedicado a la salud estar\u00e1 a cargo del Dr. Luis Orellana, quien abordar\u00e1 el tema \u201cInfarto Agudo de Miocardio. \u00bfSe puede prevenir?\u201d, en adhesi\u00f3n a la campa\u00f1a de prevenci\u00f3n que lleva a cabo la Sociedad Argentina de Hipertensi\u00f3n Arterial (SAHA).<\/p>\n\n\n\n<p><strong>La charla se transmitir\u00e1 en vivo por las p\u00e1ginas de facebook del Ministerio de Salud y del ISSPSE el pr\u00f3ximo viernes 23 de Julio a las 11.30 horas.<\/strong><\/p>\n\n\n\n<p>EL Dr. Luis Orellana es especialista y Master en Cardiolog\u00eda por la Sociedad Espa\u00f1ola de Cardiolog\u00eda con una vasta trayectoria en el \u00e1mbito de la salud p\u00fablica y privada. Actualmente es coordinador de Prevenci\u00f3n Cardiovascular, referente provincia de enfermedades cr\u00f3nicas no transmisibles, de contraparte del programa PROTEGER&nbsp; y Coordinador de la Red para Manejo del Infarto Agudo de Miocardio del Ministerio de Salud de la Provincia. Se desempe\u00f1a como Jefe de Trabajos pr\u00e1cticos de la Facultad de Medicina de la UNSE. En el \u00e1mbito privado se desempe\u00f1a como responsable de recuperaci\u00f3n cardiovascular en el Centro Cardiovascular Alberdi. Fue presidente de la Sociedad de Cardiolog\u00eda de Santiago del Estero entre los a\u00f1os 2007 y 2008. Ha realizado publicaciones cient\u00edficas sobre la Evoluci\u00f3n de los trastornos de conducci\u00f3n en pacientes Chag\u00e1sicos, sobre programas de prevenci\u00f3n de enfermedades cardiovasculares, es coautor de las Gu\u00edas para el manejo de la Hipertensi\u00f3n Arterial, entre otras.<\/p>\n\n\n\n<p><strong>El infarto agudo de miocardio<\/strong>, conocido tambi\u00e9n como&nbsp;<strong>ataque al coraz\u00f3n,<\/strong>&nbsp;se produce cuando se obstruye completamente el flujo sangu\u00edneo en una de las arterias coronarias. En la Argentina se producen entre 40 y 50 mil infartos de miocardio al a\u00f1o y en los \u00faltimos diez a\u00f1os las muertes por esta causa crecieron un 18%. A las causas ya conocidas, como estr\u00e9s, hipertensi\u00f3n o antecedentes familiares, se le ha sumado estos \u00faltimos meses la pandemia. Las manifestaciones del infarto aparecen de forma s\u00fabita, y el riesgo de muerte o complicaciones graves a corto plazo es elevado.<\/p>\n\n\n\n<p>El Dr. Orellana abordar\u00e1 todas las formas de prevenir y los chequeos que podemos realizar para evitar este problema de salud.<\/p>\n\n\n\n<p>El espacio de Salud Responde es ciclo informativo del Ministerio de Salud que, en este caso articular\u00e1 con el ciclo ISSPSE CONECTA para brindar charlas virtuales con profesionales y expertos referentes de distintos campos, pensado para acercar informaci\u00f3n y conversar sobre tem\u00e1ticas relevantes para la comunidad en general.<\/p>\n\n\n\n<p>Los interesados en escuchar y realizar consultas podr\u00e1n unirse al evento ingresando a la p\u00e1gina de facebook del ISSPSE (@Isspse) y del Ministerio de Salud de Santiago del Estero (@Ministerio Salud Santiago).<\/p>\n","protected":false},"excerpt":{"rendered":"<p>El Ministerio de Salud en articulaci\u00f3n con el Instituto de seguridad social para profesionales (ISSPSE) brindar\u00e1 una serie de charlas virtuales con profesionales locales en el marco de la campa\u00f1a  \u201cConoc\u00e9 y control\u00e1 tu presi\u00f3n arterial\u201d.<\/p>\n","protected":false},"author":2,"featured_media":24680,"comment_status":"open","ping_status":"open","sticky":false,"template":"","format":"standard","meta":{"om_disable_all_campaigns":false,"_monsterinsights_skip_tracking":false,"_monsterinsights_sitenote_active":false,"_monsterinsights_sitenote_note":"","_monsterinsights_sitenote_category":0,"_uf_show_specific_survey":0,"_uf_disable_surveys":false,"jetpack_post_was_ever_published":false,"_jetpack_newsletter_access":"","_jetpack_dont_email_post_to_subs":false,"_jetpack_newsletter_tier_id":0,"_jetpack_memberships_contains_paywalled_content":false,"_jetpack_memberships_contains_paid_content":false,"footnotes":"","jetpack_publicize_message":"","jetpack_publicize_feature_enabled":true,"jetpack_social_post_already_shared":false,"jetpack_social_options":{"image_generator_settings":{"template":"highway","default_image_id":0,"font":"","enabled":false},"version":2}},"categories":[3],"tags":[],"class_list":["post-24679","post","type-post","status-publish","format-standard","has-post-thumbnail","hentry","category-salud"],"aioseo_notices":[],"views":6,"jetpack_publicize_connections":[],"jetpack_featured_media_url":"https:\/\/i0.wp.com\/elterritorialweb.com.ar\/web\/wp-content\/uploads\/2021\/07\/INFARTO.jpg?fit=626%2C417&ssl=1","jetpack_sharing_enabled":true,"_links":{"self":[{"href":"https:\/\/elterritorialweb.com.ar\/web\/wp-json\/wp\/v2\/posts\/24679","targetHints":{"allow":["GET"]}}],"collection":[{"href":"https:\/\/elterritorialweb.com.ar\/web\/wp-json\/wp\/v2\/posts"}],"about":[{"href":"https:\/\/elterritorialweb.com.ar\/web\/wp-json\/wp\/v2\/types\/post"}],"author":[{"embeddable":true,"href":"https:\/\/elterritorialweb.com.ar\/web\/wp-json\/wp\/v2\/users\/2"}],"replies":[{"embeddable":true,"href":"https:\/\/elterritorialweb.com.ar\/web\/wp-json\/wp\/v2\/comments?post=24679"}],"version-history":[{"count":2,"href":"https:\/\/elterritorialweb.com.ar\/web\/wp-json\/wp\/v2\/posts\/24679\/revisions"}],"predecessor-version":[{"id":24702,"href":"https:\/\/elterritorialweb.com.ar\/web\/wp-json\/wp\/v2\/posts\/24679\/revisions\/24702"}],"wp:featuredmedia":[{"embeddable":true,"href":"https:\/\/elterritorialweb.com.ar\/web\/wp-json\/wp\/v2\/media\/24680"}],"wp:attachment":[{"href":"https:\/\/elterritorialweb.com.ar\/web\/wp-json\/wp\/v2\/media?parent=24679"}],"wp:term":[{"taxonomy":"category","embeddable":true,"href":"https:\/\/elterritorialweb.com.ar\/web\/wp-json\/wp\/v2\/categories?post=24679"},{"taxonomy":"post_tag","embeddable":true,"href":"https:\/\/elterritorialweb.com.ar\/web\/wp-json\/wp\/v2\/tags?post=24679"}],"curies":[{"name":"wp","href":"https:\/\/api.w.org\/{rel}","templated":true}]}}