{"id":24682,"date":"2021-07-20T20:48:49","date_gmt":"2021-07-20T20:48:49","guid":{"rendered":"http:\/\/elterritorialweb.com.ar\/web\/?p=24682"},"modified":"2021-07-20T20:48:49","modified_gmt":"2021-07-20T20:48:49","slug":"mirolo-visito-el-avance-de-obra-de-adoquinado-en-el-barrio-villa-union","status":"publish","type":"post","link":"https:\/\/elterritorialweb.com.ar\/web\/mirolo-visito-el-avance-de-obra-de-adoquinado-en-el-barrio-villa-union\/","title":{"rendered":"MIROLO VISIT\u00d3 EL AVANCE DE OBRA DE ADOQUINADO EN EL BARRIO VILLA UNI\u00d3N"},"content":{"rendered":"\n<p>En su visita, el jefe comunal estuvo acompa\u00f1ado por el secretario de Obras P\u00fablicas, Cristian Alzamora; el secretario de Desarrollo Humano, Ramiro Barrera, y la subsecretaria, Valeria Chazarreta; el director de Juntas Vecinales, Diego Torres; la Directora de la Juventud, Florencia Ledesma; el director de Tr\u00e1nsito y Transporte, Diego Ju\u00e1rez, y vecinos de la zona e integrantes de la junta vecinal. \u00c1reas del municipio que trabajan en conjunto realizando diferentes actividades de sensibilizaci\u00f3n con los habitantes de la zona, complementando la obra.<\/p>\n\n\n\n<p>Asimismo, el intendente Mirolo hizo referencia a lo importante de este trabajo que se lleva a cabo en el hist\u00f3rico Villa Uni\u00f3n, y dijo: \u201cContento de poder desarrollar este anhelado pedido de los vecinos, con quienes venimos trabajando sobre diferentes problem\u00e1ticas que tiene el sector para el mejoramiento de este. Ahora cumpliendo con ellos para mejorar la transitabilidad, y sobre todo la calidad de vida\u201d.<\/p>\n\n\n\n<p>Adem\u00e1s, anticip\u00f3 a vecinos algunos de los futuros proyectos a realizar y dijo: \u201cQuiero decirle a los vecinos que no bajen los brazos y revivan las esperanzas, que seguiremos trabajando en todo este sector, con obras similares a esta en distintas calles adyacentes. Tal es as\u00ed como la inauguraci\u00f3n de la plaza a pocas cuadras de esta obra, en el barrio Salido, un nuevo espacio verde, para que puedan disfrutar los vecinos de ambos barrios. Adem\u00e1s, as\u00ed tambi\u00e9n como la mejora del balneario municipal que es algo hist\u00f3rico, un patrimonio para nuestra ciudad\u201d.<\/p>\n\n\n\n<p>Dicha obra, consiste en 400 metros lineales de adoquinado en el mencionado pasaje, as\u00ed lo explic\u00f3 el secretario de obras,&nbsp;&nbsp;quien adem\u00e1s dijo que&nbsp;&nbsp;esta es una acci\u00f3n de alto impacto en el barrio, y que se tiene proyectado hacer alrededor de 1200 metros de adoquinado, como as\u00ed tambi\u00e9n diferentes trabajos que beneficiaran el bienestar de los vecinos.<\/p>\n\n\n\n<p>En este sentido, vecinos del emblem\u00e1tico barrio, comentaron lo significativo de la obra y se mostraron muy agradecidos, ya que llevan a\u00f1orando mucho tiempo el hecho, que sin este, las casas y sus habitantes se ve\u00edan damnificados en d\u00edas de abundantes lluvias.<\/p>\n\n\n\n<p>Adem\u00e1s, Mirolo se refiri\u00f3 al esfuerzo realizado durante este \u00faltimo tiempo, y agradeci\u00f3 a cada uno de los empleados que d\u00eda a d\u00eda colaboran y agreg\u00f3: \u201cEste a\u00f1o estamos comprometidos con los vecinos, en el que estamos llevando a cabo muchas obras p\u00fablicas, no solamente en pavimento, adoqu\u00edn, mejoramiento de espacios p\u00fablicos, sino tambi\u00e9n con cobras de gran envergadura como la de la Avenida 25 de Mayo, y la repavimentaci\u00f3n de la Avenida Belgrano, calles principales de la ciudad, tratando de estar y responder de la mejor manera, a pesar de las complicaciones impuestas por la pandemia que hace dif\u00edcil desplegar todo lo que quisi\u00e9ramos como municipio\u201d.<\/p>\n","protected":false},"excerpt":{"rendered":"<p>En la ma\u00f1ana del mi\u00e9rcoles, el intendente Pablo Mirolo junto a su equipo, visit\u00f3 el avance de la obra de adoquinado que desarrolla la Secretar\u00eda de Obras P\u00fablicas de la Municipalidad  de La Banda, en el Pasaje Santa Mar\u00eda de Oro del barrio Villa Uni\u00f3n, en el marco del plan de pavimentaci\u00f3n y mejoramiento de calles que se realiza en diferentes puntos de la ciudad.<\/p>\n","protected":false},"author":2,"featured_media":24683,"comment_status":"open","ping_status":"open","sticky":false,"template":"","format":"standard","meta":{"om_disable_all_campaigns":false,"_monsterinsights_skip_tracking":false,"_monsterinsights_sitenote_active":false,"_monsterinsights_sitenote_note":"","_monsterinsights_sitenote_category":0,"_uf_show_specific_survey":0,"_uf_disable_surveys":false,"jetpack_post_was_ever_published":false,"_jetpack_newsletter_access":"","_jetpack_dont_email_post_to_subs":false,"_jetpack_newsletter_tier_id":0,"_jetpack_memberships_contains_paywalled_content":false,"_jetpack_memberships_contains_paid_content":false,"footnotes":"","jetpack_publicize_message":"","jetpack_publicize_feature_enabled":true,"jetpack_social_post_already_shared":false,"jetpack_social_options":{"image_generator_settings":{"template":"highway","default_image_id":0,"font":"","enabled":false},"version":2}},"categories":[21],"tags":[],"class_list":["post-24682","post","type-post","status-publish","format-standard","has-post-thumbnail","hentry","category-locales"],"aioseo_notices":[],"views":13,"jetpack_publicize_connections":[],"jetpack_featured_media_url":"https:\/\/i0.wp.com\/elterritorialweb.com.ar\/web\/wp-content\/uploads\/2021\/07\/MIROLO-ADOQUINADO.jpeg?fit=1030%2C487&ssl=1","jetpack_sharing_enabled":true,"_links":{"self":[{"href":"https:\/\/elterritorialweb.com.ar\/web\/wp-json\/wp\/v2\/posts\/24682","targetHints":{"allow":["GET"]}}],"collection":[{"href":"https:\/\/elterritorialweb.com.ar\/web\/wp-json\/wp\/v2\/posts"}],"about":[{"href":"https:\/\/elterritorialweb.com.ar\/web\/wp-json\/wp\/v2\/types\/post"}],"author":[{"embeddable":true,"href":"https:\/\/elterritorialweb.com.ar\/web\/wp-json\/wp\/v2\/users\/2"}],"replies":[{"embeddable":true,"href":"https:\/\/elterritorialweb.com.ar\/web\/wp-json\/wp\/v2\/comments?post=24682"}],"version-history":[{"count":1,"href":"https:\/\/elterritorialweb.com.ar\/web\/wp-json\/wp\/v2\/posts\/24682\/revisions"}],"predecessor-version":[{"id":24684,"href":"https:\/\/elterritorialweb.com.ar\/web\/wp-json\/wp\/v2\/posts\/24682\/revisions\/24684"}],"wp:featuredmedia":[{"embeddable":true,"href":"https:\/\/elterritorialweb.com.ar\/web\/wp-json\/wp\/v2\/media\/24683"}],"wp:attachment":[{"href":"https:\/\/elterritorialweb.com.ar\/web\/wp-json\/wp\/v2\/media?parent=24682"}],"wp:term":[{"taxonomy":"category","embeddable":true,"href":"https:\/\/elterritorialweb.com.ar\/web\/wp-json\/wp\/v2\/categories?post=24682"},{"taxonomy":"post_tag","embeddable":true,"href":"https:\/\/elterritorialweb.com.ar\/web\/wp-json\/wp\/v2\/tags?post=24682"}],"curies":[{"name":"wp","href":"https:\/\/api.w.org\/{rel}","templated":true}]}}