{"id":26254,"date":"2021-08-21T00:13:06","date_gmt":"2021-08-21T00:13:06","guid":{"rendered":"http:\/\/elterritorialweb.com.ar\/web\/?p=26254"},"modified":"2021-08-21T00:13:07","modified_gmt":"2021-08-21T00:13:07","slug":"campana-electoral-mirolo-sumo-apoyo-en-clodomira","status":"publish","type":"post","link":"https:\/\/elterritorialweb.com.ar\/web\/campana-electoral-mirolo-sumo-apoyo-en-clodomira\/","title":{"rendered":"CAMPA\u00d1A ELECTORAL: MIROLO SUM\u00d3 APOYO EN CLODOMIRA"},"content":{"rendered":"\n<p>En la ma\u00f1ana del viernes, el precandidato bande\u00f1o fue recibido por Ana Bonardi y Juan Prado, vecinos de la ciudad que comenzaron a trabajar dirigencialmente para consolidar una nueva propuesta pol\u00edtica para la ciudad. <\/p>\n\n\n\n<p>Adem\u00e1s, Mirolo estuvo acompa\u00f1ado por la precandidata suplente Claudia Acu\u00f1a, Roger Nediani, el dirigente Hugo \u00abMongusi\u00bb Montenegro y un grupo de vecinos de zonas aleda\u00f1as y de la ciudad de Clodomira. <\/p>\n\n\n\n<p>Durante la reuni\u00f3n, la <strong>docente Ana Bonardi<\/strong>, indic\u00f3: <em>\u00abNos unimos con la esperanza de que pueda cambiar la situaci\u00f3n de nuestra ciudad, para que los j\u00f3venes dejen de irse a otros lugares en b\u00fasqueda de un futuro mejor y queden a ser protagonistas de una realidad mejor en el mismo lugar donde nacieron\u00bb<\/em>. <\/p>\n\n\n\n<p>Asimismo, <strong>el profesor Juan Prado<\/strong>, manifest\u00f3: <em>\u00abAsumimos el compromiso de trabajar con Pablo Mirolo con la esperanza de que el Frente Renovador pueda instalarse en Clodomira como una verdadera alternativa de gobierno. Clodomira no es un pueblo es una ciudad que ha ido creciendo y que necesita que se generen cambios, obras y servicios que est\u00e9n a la altura de las necesidades de la gente\u00bb<\/em>. <\/p>\n\n\n\n<p>Al hacer uso de la palabra, <strong>Mirolo,<\/strong> se\u00f1al\u00f3: <em>\u00abA Santiago del Estero le hace falta un cambio, y con total seguridad podemos decir que tenemos una mirada distinta a la que tiene el actual provincial. Por eso tenemos la esperanza de llevar la voz de los santiague\u00f1os a la C\u00e1mara de Diputados\u00bb<\/em>. <\/p>\n\n\n\n<p>Agreg\u00f3: <em>\u00abEstamos muy contentos de visitar esta ciudad, La Banda y Clodomira se encuentran hermanadas y venimos a decirle que es el momento de comprometerse, queremos apoyar a los vecinos que trabajen en beneficio de los vecinos, gente sensible a las necesidades del sector en el que viven\u00bb<\/em>. <\/p>\n\n\n\n<p>Finaliz\u00f3: <em>\u00abSon momentos complicados para todos, y no solo nos quedamos en la cr\u00edtica, queremos gestionar m\u00faltiples beneficios para los santiague\u00f1os, atendiendo las necesidades que se presentan en sectores postergados dejando de lado los ego\u00edsmos y la soberbia que son formas de hacer pol\u00edtica que debe dejar de existir en nuestra provincia\u00bb<\/em>.<\/p>\n\n\n\n<p>EnterAa<\/p>\n","protected":false},"excerpt":{"rendered":"<p>El precandidato a diputado Nacional por el Frente Renovador, Pablo Mirolo visit\u00f3 la ciudad de Clodomira para tomar contacto con dirigentes del lugar que manifestaron su intenci\u00f3n de sumarse a una nueva alternativa de gesti\u00f3n de gobierno.<\/p>\n","protected":false},"author":2,"featured_media":26259,"comment_status":"open","ping_status":"open","sticky":false,"template":"","format":"standard","meta":{"om_disable_all_campaigns":false,"_monsterinsights_skip_tracking":false,"_monsterinsights_sitenote_active":false,"_monsterinsights_sitenote_note":"","_monsterinsights_sitenote_category":0,"_uf_show_specific_survey":0,"_uf_disable_surveys":false,"jetpack_post_was_ever_published":false,"_jetpack_newsletter_access":"","_jetpack_dont_email_post_to_subs":false,"_jetpack_newsletter_tier_id":0,"_jetpack_memberships_contains_paywalled_content":false,"_jetpack_memberships_contains_paid_content":false,"footnotes":"","jetpack_publicize_message":"","jetpack_publicize_feature_enabled":true,"jetpack_social_post_already_shared":false,"jetpack_social_options":{"image_generator_settings":{"template":"highway","default_image_id":0,"font":"","enabled":false},"version":2}},"categories":[18],"tags":[],"class_list":["post-26254","post","type-post","status-publish","format-standard","has-post-thumbnail","hentry","category-politica"],"aioseo_notices":[],"views":4,"jetpack_publicize_connections":[],"jetpack_featured_media_url":"https:\/\/i0.wp.com\/elterritorialweb.com.ar\/web\/wp-content\/uploads\/2021\/08\/235810583_424660275602840_1052007107719230571_n-1.jpg?fit=913%2C608&ssl=1","jetpack_sharing_enabled":true,"_links":{"self":[{"href":"https:\/\/elterritorialweb.com.ar\/web\/wp-json\/wp\/v2\/posts\/26254","targetHints":{"allow":["GET"]}}],"collection":[{"href":"https:\/\/elterritorialweb.com.ar\/web\/wp-json\/wp\/v2\/posts"}],"about":[{"href":"https:\/\/elterritorialweb.com.ar\/web\/wp-json\/wp\/v2\/types\/post"}],"author":[{"embeddable":true,"href":"https:\/\/elterritorialweb.com.ar\/web\/wp-json\/wp\/v2\/users\/2"}],"replies":[{"embeddable":true,"href":"https:\/\/elterritorialweb.com.ar\/web\/wp-json\/wp\/v2\/comments?post=26254"}],"version-history":[{"count":1,"href":"https:\/\/elterritorialweb.com.ar\/web\/wp-json\/wp\/v2\/posts\/26254\/revisions"}],"predecessor-version":[{"id":26260,"href":"https:\/\/elterritorialweb.com.ar\/web\/wp-json\/wp\/v2\/posts\/26254\/revisions\/26260"}],"wp:featuredmedia":[{"embeddable":true,"href":"https:\/\/elterritorialweb.com.ar\/web\/wp-json\/wp\/v2\/media\/26259"}],"wp:attachment":[{"href":"https:\/\/elterritorialweb.com.ar\/web\/wp-json\/wp\/v2\/media?parent=26254"}],"wp:term":[{"taxonomy":"category","embeddable":true,"href":"https:\/\/elterritorialweb.com.ar\/web\/wp-json\/wp\/v2\/categories?post=26254"},{"taxonomy":"post_tag","embeddable":true,"href":"https:\/\/elterritorialweb.com.ar\/web\/wp-json\/wp\/v2\/tags?post=26254"}],"curies":[{"name":"wp","href":"https:\/\/api.w.org\/{rel}","templated":true}]}}