{"id":26261,"date":"2021-08-21T00:28:21","date_gmt":"2021-08-21T00:28:21","guid":{"rendered":"http:\/\/elterritorialweb.com.ar\/web\/?p=26261"},"modified":"2021-08-21T00:54:15","modified_gmt":"2021-08-21T00:54:15","slug":"cartelera-de-espectaculos-para-este-fin-de-semana-2","status":"publish","type":"post","link":"https:\/\/elterritorialweb.com.ar\/web\/cartelera-de-espectaculos-para-este-fin-de-semana-2\/","title":{"rendered":"CARTELERA DE ESPECTACULOS PARA ESTE FIN DE SEMANA"},"content":{"rendered":"\n<p><strong>Por Carlos \u00abCachito\u00bb Corpos<\/strong><\/p>\n\n\n\n<p><strong>VIERNES 20 DE AGOSTO<\/strong> <\/p>\n\n\n\n<p>21:00 hs. DAVID \u201cEL PROFE\u201d, gran ac\u00fastico en Vivo. Sasha Club Resto-Bar, Jujuy y Almafuerte. <\/p>\n\n\n\n<p>21:00 hs. D\u00daO ARIAS-C\u00c1CERES y D\u00daO PAYCUNA shows ac\u00fasticos en Vivo. Teatro La Casa, San Lorenzo 2723 casi Su\u00e1rez. <\/p>\n\n\n\n<p>21:00 hs. JAVIER REA, presentaci\u00f3n en Vivo en La Casona, San Mart\u00edn 724, La Banda. _21:00 hs. NATAL\u00cd JUGO y su gran Show en Vivo, en Rouss Bar, Av. Bolivia N\u00ba 97, La Banda. <\/p>\n\n\n\n<p>21:00 hs. JOS\u00c9 \u201cEL NEGRO\u201d MONGE y su ac\u00fastico en Vivo, El Nuevo Vasco, parrillada y restaurant. Av. Besares y Alberdi, La Banda. <\/p>\n\n\n\n<p>21:00 hs. MARCELO TOLEDO Exclusivo en Vivo. La Esquina resto-pub, Av. San Martin y Antenor Alvarez, Beltr\u00e1n. <\/p>\n\n\n\n<p>22:00 hs. WHATSAPE\u00d1A 2021 7\u00aa Edici\u00f3n con RENE JIMENEZ, RAFA MAGUNA, DANI CABRERA, GRINGO CONCHA, PUMA BENITEZ, DANY LOPEZ y otros. Por el Facebook: Mario Alberto Lito Coronel. <\/p>\n\n\n\n<p><strong>S\u00c1BADO 21 DE AGOSTO <\/strong><\/p>\n\n\n\n<p>13:00 hs. LOS KIJANOS y su gran Show en Vivo. El Nuevo Vasco parrilla y restaurant, Av. Besares y Alberdi, La Banda. <\/p>\n\n\n\n<p>14:00 hs. ALE CARABAJAL ac\u00fastico en Vivo en Antares Santiago, Pellegrini 480. <\/p>\n\n\n\n<p>14:00 hs. THE VINTAGE BAND ac\u00fastico en Vivo, Retro Wine Tour, en Bodega Finca Mar\u00eda del Pilar, Camino Higuera Chacra sin n\u00famero, Beltr\u00e1n. <\/p>\n\n\n\n<p>De 17:30 a 21:00 hs. \u201cPOES\u00cdA EN LA CALLE\u201d Evento Cultural Itinerante, artistas en Vivo. Plaza Sarmiento, Independencia y Alsina. <\/p>\n\n\n\n<p>21:00 hs. WALTER CASTA\u00d1O show ac\u00fastico en Vivo. Sasha Club Resto Bar, Jujuy y Almafuerte. <\/p>\n\n\n\n<p>21:00 hs. METACHANGO (JAVY JORGE &#8211; MUSHA MONTENEGRO) ac\u00fastico en Vivo. El Templo Disco-Bar, Aguirre casi Formosa. <\/p>\n\n\n\n<figure class=\"wp-block-image size-large\"><a href=\"https:\/\/i0.wp.com\/elterritorialweb.com.ar\/web\/wp-content\/uploads\/2021\/08\/natali-jgo.jpg\"><img data-recalc-dims=\"1\" decoding=\"async\" width=\"640\" height=\"427\" data-src=\"https:\/\/i0.wp.com\/elterritorialweb.com.ar\/web\/wp-content\/uploads\/2021\/08\/natali-jgo.jpg?resize=640%2C427\" alt=\"\" class=\"wp-image-26268 lazyload\" data-srcset=\"https:\/\/i0.wp.com\/elterritorialweb.com.ar\/web\/wp-content\/uploads\/2021\/08\/natali-jgo.jpg?w=960&amp;ssl=1 960w, https:\/\/i0.wp.com\/elterritorialweb.com.ar\/web\/wp-content\/uploads\/2021\/08\/natali-jgo.jpg?resize=300%2C200&amp;ssl=1 300w, https:\/\/i0.wp.com\/elterritorialweb.com.ar\/web\/wp-content\/uploads\/2021\/08\/natali-jgo.jpg?resize=768%2C512&amp;ssl=1 768w\" data-sizes=\"(max-width: 640px) 100vw, 640px\" src=\"data:image\/svg+xml;base64,PHN2ZyB3aWR0aD0iMSIgaGVpZ2h0PSIxIiB4bWxucz0iaHR0cDovL3d3dy53My5vcmcvMjAwMC9zdmciPjwvc3ZnPg==\" style=\"--smush-placeholder-width: 640px; --smush-placeholder-aspect-ratio: 640\/427;\" \/><\/a><figcaption>Natal\u00ed Jugo<\/figcaption><\/figure>\n\n\n\n<p>21:00 hs. NATAL\u00cd JUGO gran show en Vivo, El Nuevo Vasco parrilla y restaurant. Av. Besares y Alberdi, La Banda. <\/p>\n\n\n\n<p>21:00 hs. MAGDA DARCHUK Dj Set en Vivo en Caf\u00e9 de la B, Las Heras 83, La Banda. <\/p>\n\n\n\n<p>21:00 hs. CUERDAS CALIENTES show en Vivo. Rouss Bar, Av. Bolivia N\u00ba 97, La Banda. <\/p>\n\n\n\n<p>21:00 hs. JORGE DANIEL VELIZ y LOS LIBRAS Show ac\u00fastico en Vivo. Wolf Bar, Fern\u00e1ndez. <\/p>\n\n\n\n<figure class=\"wp-block-image\"><img decoding=\"async\" data-src=\"https:\/\/scontent.fsde2-1.fna.fbcdn.net\/v\/t39.30808-6\/239572286_10220046431172207_3832695115089956971_n.jpg?_nc_cat=103&amp;ccb=1-5&amp;_nc_sid=8bfeb9&amp;_nc_ohc=Sl96-g2l0P4AX9Hi-TF&amp;_nc_ht=scontent.fsde2-1.fna&amp;oh=08ab7e7958772fd2d7d532562167ddd2&amp;oe=6124F7FF\" alt=\"Puede ser una imagen de 3 personas, personas tocando instrumentos musicales, guitarra y texto\" src=\"data:image\/svg+xml;base64,PHN2ZyB3aWR0aD0iMSIgaGVpZ2h0PSIxIiB4bWxucz0iaHR0cDovL3d3dy53My5vcmcvMjAwMC9zdmciPjwvc3ZnPg==\" class=\"lazyload\" \/><\/figure>\n\n\n\n<p>21:00 hs. CARLOS ROLD\u00c1N, JOS\u00c9 COSTILLA y DAVID ROBLES en Vivo. El Alto de la Lechuza, nueva pe\u00f1a cultural. 24 de Septiembre 1199, Tucum\u00e1n. <\/p>\n\n\n\n<p>22:00 hs. PEDRO SILVA In The House, los mejores temas para vos. Facebook: Pedro Silva. <\/p>\n\n\n\n<figure class=\"wp-block-image size-large is-resized\"><a href=\"https:\/\/i0.wp.com\/elterritorialweb.com.ar\/web\/wp-content\/uploads\/2021\/08\/pedro-silva.jpg\"><img data-recalc-dims=\"1\" decoding=\"async\" data-src=\"https:\/\/i0.wp.com\/elterritorialweb.com.ar\/web\/wp-content\/uploads\/2021\/08\/pedro-silva.jpg?resize=634%2C911\" alt=\"\" class=\"wp-image-26267 lazyload\" width=\"634\" height=\"911\" data-srcset=\"https:\/\/i0.wp.com\/elterritorialweb.com.ar\/web\/wp-content\/uploads\/2021\/08\/pedro-silva.jpg?w=501&amp;ssl=1 501w, https:\/\/i0.wp.com\/elterritorialweb.com.ar\/web\/wp-content\/uploads\/2021\/08\/pedro-silva.jpg?resize=209%2C300&amp;ssl=1 209w\" data-sizes=\"(max-width: 634px) 100vw, 634px\" src=\"data:image\/svg+xml;base64,PHN2ZyB3aWR0aD0iMSIgaGVpZ2h0PSIxIiB4bWxucz0iaHR0cDovL3d3dy53My5vcmcvMjAwMC9zdmciPjwvc3ZnPg==\" style=\"--smush-placeholder-width: 634px; --smush-placeholder-aspect-ratio: 634\/911;\" \/><\/a><\/figure>\n\n\n\n<p><strong>DOMINGO 22 DE AGOSTO <\/strong><\/p>\n\n\n\n<p>13:00 hs. D\u00daO TURAYQUI y RAMIRO LEMOS dos shows ac\u00fasticos en Vivo, en el Patio de Comidas \u201cLo de Naranja\u201d, Coronel Rivas casi Beruti, La Banda. <\/p>\n\n\n\n<p>13:00 hs. FREDDY ARGA\u00d1ARAZ, EL PULPO Y CRISTIAN HEREDIA en Vivo. Patio Cultural El Nuevo Vasco, parrilla y restaurant. Espa\u00f1a casi Av. Besares, La Banda. <\/p>\n\n\n\n<p>15:00 hs. PATIO DEL INDIO FROIL\u00c1N, apertura desde el Patio con Tere y Froil\u00e1n y shows en Vivo de varios artistas, desde distintos puntos del pa\u00eds, en horarios a confirmar. Todo a trav\u00e9s del Facebook: Patio del Indio Froil\u00e1n. <\/p>\n\n\n\n<p>20:00 hs. AY AMOR (Tributo a Leo Mattioli), invitados: LEONEL DIAZ y RODY L\u00d3PEZ. El Templo Modo-Bar, Av. Aguirre casi Formosa. <\/p>\n\n\n\n<p>20:00 hs. FER LEAL vs. DJ. SOGA, Set Music, por primera vez Juntos en Vivo. Wolf Bar, Fern\u00e1ndez. <\/p>\n\n\n\n<figure class=\"wp-block-image size-large\"><a href=\"https:\/\/i0.wp.com\/elterritorialweb.com.ar\/web\/wp-content\/uploads\/2021\/03\/demi-carabajal.jpg\"><img data-recalc-dims=\"1\" decoding=\"async\" width=\"640\" height=\"360\" data-src=\"https:\/\/i0.wp.com\/elterritorialweb.com.ar\/web\/wp-content\/uploads\/2021\/03\/demi-carabajal.jpg?resize=640%2C360\" alt=\"\" class=\"wp-image-18615 lazyload\" data-srcset=\"https:\/\/i0.wp.com\/elterritorialweb.com.ar\/web\/wp-content\/uploads\/2021\/03\/demi-carabajal.jpg?w=680&amp;ssl=1 680w, https:\/\/i0.wp.com\/elterritorialweb.com.ar\/web\/wp-content\/uploads\/2021\/03\/demi-carabajal.jpg?resize=300%2C169&amp;ssl=1 300w\" data-sizes=\"(max-width: 640px) 100vw, 640px\" src=\"data:image\/svg+xml;base64,PHN2ZyB3aWR0aD0iMSIgaGVpZ2h0PSIxIiB4bWxucz0iaHR0cDovL3d3dy53My5vcmcvMjAwMC9zdmciPjwvc3ZnPg==\" style=\"--smush-placeholder-width: 640px; --smush-placeholder-aspect-ratio: 640\/360;\" \/><\/a><figcaption>Demi Carabajal<\/figcaption><\/figure>\n\n\n\n<p>20:00 hs. DEMI CARABAJAL ac\u00fastico en Vivo en Caf\u00e9 de la B, Las Heras 83, La Banda. <\/p>\n\n\n\n<p>21:00 hs. METACHANGO y KIKE OYOLA (Desde Frias) ac\u00fastico en Vivo. Patio Cultural El Nuevo Vasco parrilla y restaurant, Espa\u00f1a casi Av. Besares, La Banda. <\/p>\n\n\n\n<p>21:00 hs. EL PULPO HEREDIA y CRISTIAN HEREDIA en Vivo, La Casona, San Martin 724, La Banda. <\/p>\n\n\n\n<p>21:00 hs. SUPER BAND (Ex BANDA XXI) en Vivo. Lo del Hechicero, patio cervecero, Rep\u00fablica 325, Clodomira.<\/p>\n","protected":false},"excerpt":{"rendered":"<p>Con una variada cartelera de espect\u00e1culos en vivo y virtual para disfrutar este fin de semana en la provincia.<\/p>\n","protected":false},"author":2,"featured_media":26262,"comment_status":"open","ping_status":"open","sticky":false,"template":"","format":"standard","meta":{"om_disable_all_campaigns":false,"_monsterinsights_skip_tracking":false,"_monsterinsights_sitenote_active":false,"_monsterinsights_sitenote_note":"","_monsterinsights_sitenote_category":0,"_uf_show_specific_survey":0,"_uf_disable_surveys":false,"jetpack_post_was_ever_published":false,"_jetpack_newsletter_access":"","_jetpack_dont_email_post_to_subs":false,"_jetpack_newsletter_tier_id":0,"_jetpack_memberships_contains_paywalled_content":false,"_jetpack_memberships_contains_paid_content":false,"footnotes":"","jetpack_publicize_message":"","jetpack_publicize_feature_enabled":true,"jetpack_social_post_already_shared":false,"jetpack_social_options":{"image_generator_settings":{"template":"highway","default_image_id":0,"font":"","enabled":false},"version":2}},"categories":[20],"tags":[],"class_list":["post-26261","post","type-post","status-publish","format-standard","has-post-thumbnail","hentry","category-especysociales"],"aioseo_notices":[],"views":14,"jetpack_publicize_connections":[],"jetpack_featured_media_url":"https:\/\/i0.wp.com\/elterritorialweb.com.ar\/web\/wp-content\/uploads\/2021\/08\/MARCELO-TOLEDO.jpg?fit=1500%2C850&ssl=1","jetpack_sharing_enabled":true,"_links":{"self":[{"href":"https:\/\/elterritorialweb.com.ar\/web\/wp-json\/wp\/v2\/posts\/26261","targetHints":{"allow":["GET"]}}],"collection":[{"href":"https:\/\/elterritorialweb.com.ar\/web\/wp-json\/wp\/v2\/posts"}],"about":[{"href":"https:\/\/elterritorialweb.com.ar\/web\/wp-json\/wp\/v2\/types\/post"}],"author":[{"embeddable":true,"href":"https:\/\/elterritorialweb.com.ar\/web\/wp-json\/wp\/v2\/users\/2"}],"replies":[{"embeddable":true,"href":"https:\/\/elterritorialweb.com.ar\/web\/wp-json\/wp\/v2\/comments?post=26261"}],"version-history":[{"count":4,"href":"https:\/\/elterritorialweb.com.ar\/web\/wp-json\/wp\/v2\/posts\/26261\/revisions"}],"predecessor-version":[{"id":26271,"href":"https:\/\/elterritorialweb.com.ar\/web\/wp-json\/wp\/v2\/posts\/26261\/revisions\/26271"}],"wp:featuredmedia":[{"embeddable":true,"href":"https:\/\/elterritorialweb.com.ar\/web\/wp-json\/wp\/v2\/media\/26262"}],"wp:attachment":[{"href":"https:\/\/elterritorialweb.com.ar\/web\/wp-json\/wp\/v2\/media?parent=26261"}],"wp:term":[{"taxonomy":"category","embeddable":true,"href":"https:\/\/elterritorialweb.com.ar\/web\/wp-json\/wp\/v2\/categories?post=26261"},{"taxonomy":"post_tag","embeddable":true,"href":"https:\/\/elterritorialweb.com.ar\/web\/wp-json\/wp\/v2\/tags?post=26261"}],"curies":[{"name":"wp","href":"https:\/\/api.w.org\/{rel}","templated":true}]}}