{"id":26307,"date":"2021-08-21T15:32:14","date_gmt":"2021-08-21T15:32:14","guid":{"rendered":"http:\/\/elterritorialweb.com.ar\/web\/?p=26307"},"modified":"2021-08-21T15:32:14","modified_gmt":"2021-08-21T15:32:14","slug":"la-banda-el-coro-franklin-ponce-llama-a-audiciones-a-interesados","status":"publish","type":"post","link":"https:\/\/elterritorialweb.com.ar\/web\/la-banda-el-coro-franklin-ponce-llama-a-audiciones-a-interesados\/","title":{"rendered":"LA BANDA: EL CORO \u201cFRANKLIN PONCE\u201d LLAMA A AUDICIONES A INTERESADOS"},"content":{"rendered":"\n<p>Las mismas ser\u00e1n de soprano, contralto, tenor y bajo; preferentemente con experiencia&nbsp;&nbsp;y se realizar\u00e1n desde el 24 de agosto de 21 a 22.30 en la direcci\u00f3n de Cultura ubicada en Irigoyen y San Carlos.<\/p>\n\n\n\n<p>La actividad cuenta con el acompa\u00f1amiento de la Subsecretaria de Educaci\u00f3n y Cultura de la Municipalidad de La Banda; y se encuentra bajo la direcci\u00f3n del maestro Mariano Valladares.<\/p>\n","protected":false},"excerpt":{"rendered":"<p>El Coro \u201cFranklin Ponce\u201d de la ciudad de La Banda llama a audiciones a todas las personas que deseen formar parte del coro.<\/p>\n","protected":false},"author":2,"featured_media":26308,"comment_status":"open","ping_status":"open","sticky":false,"template":"","format":"standard","meta":{"om_disable_all_campaigns":false,"_monsterinsights_skip_tracking":false,"_monsterinsights_sitenote_active":false,"_monsterinsights_sitenote_note":"","_monsterinsights_sitenote_category":0,"_uf_show_specific_survey":0,"_uf_disable_surveys":false,"jetpack_post_was_ever_published":false,"_jetpack_newsletter_access":"","_jetpack_dont_email_post_to_subs":false,"_jetpack_newsletter_tier_id":0,"_jetpack_memberships_contains_paywalled_content":false,"_jetpack_memberships_contains_paid_content":false,"footnotes":"","jetpack_publicize_message":"","jetpack_publicize_feature_enabled":true,"jetpack_social_post_already_shared":false,"jetpack_social_options":{"image_generator_settings":{"template":"highway","default_image_id":0,"font":"","enabled":false},"version":2}},"categories":[21],"tags":[],"class_list":["post-26307","post","type-post","status-publish","format-standard","has-post-thumbnail","hentry","category-locales"],"aioseo_notices":[],"views":4,"jetpack_publicize_connections":[],"jetpack_featured_media_url":"https:\/\/i0.wp.com\/elterritorialweb.com.ar\/web\/wp-content\/uploads\/2021\/08\/LA-BANDA-CORO-FRANKLIN.jpeg?fit=680%2C448&ssl=1","jetpack_sharing_enabled":true,"_links":{"self":[{"href":"https:\/\/elterritorialweb.com.ar\/web\/wp-json\/wp\/v2\/posts\/26307","targetHints":{"allow":["GET"]}}],"collection":[{"href":"https:\/\/elterritorialweb.com.ar\/web\/wp-json\/wp\/v2\/posts"}],"about":[{"href":"https:\/\/elterritorialweb.com.ar\/web\/wp-json\/wp\/v2\/types\/post"}],"author":[{"embeddable":true,"href":"https:\/\/elterritorialweb.com.ar\/web\/wp-json\/wp\/v2\/users\/2"}],"replies":[{"embeddable":true,"href":"https:\/\/elterritorialweb.com.ar\/web\/wp-json\/wp\/v2\/comments?post=26307"}],"version-history":[{"count":1,"href":"https:\/\/elterritorialweb.com.ar\/web\/wp-json\/wp\/v2\/posts\/26307\/revisions"}],"predecessor-version":[{"id":26309,"href":"https:\/\/elterritorialweb.com.ar\/web\/wp-json\/wp\/v2\/posts\/26307\/revisions\/26309"}],"wp:featuredmedia":[{"embeddable":true,"href":"https:\/\/elterritorialweb.com.ar\/web\/wp-json\/wp\/v2\/media\/26308"}],"wp:attachment":[{"href":"https:\/\/elterritorialweb.com.ar\/web\/wp-json\/wp\/v2\/media?parent=26307"}],"wp:term":[{"taxonomy":"category","embeddable":true,"href":"https:\/\/elterritorialweb.com.ar\/web\/wp-json\/wp\/v2\/categories?post=26307"},{"taxonomy":"post_tag","embeddable":true,"href":"https:\/\/elterritorialweb.com.ar\/web\/wp-json\/wp\/v2\/tags?post=26307"}],"curies":[{"name":"wp","href":"https:\/\/api.w.org\/{rel}","templated":true}]}}