{"id":26310,"date":"2021-08-21T15:45:15","date_gmt":"2021-08-21T15:45:15","guid":{"rendered":"http:\/\/elterritorialweb.com.ar\/web\/?p=26310"},"modified":"2021-08-21T15:45:16","modified_gmt":"2021-08-21T15:45:16","slug":"los-jardines-de-infantes-municipales-disfrutaron-de-jornadas-recreativas-en-el-mes-de-las-infancias","status":"publish","type":"post","link":"https:\/\/elterritorialweb.com.ar\/web\/los-jardines-de-infantes-municipales-disfrutaron-de-jornadas-recreativas-en-el-mes-de-las-infancias\/","title":{"rendered":"LOS JARDINES DE INFANTES MUNICIPALES DISFRUTARON DE JORNADAS RECREATIVAS EN EL MES DE LAS INFANCIAS"},"content":{"rendered":"\n<p>En la oportunidad, la subsecretaria Stella Mirolo, acompa\u00f1\u00f3 al personal docente y alumnos del Jard\u00edn Municipal N\u00b011 \u201cArco Iris\u201d del barrio Primero de Mayo, donde los peque\u00f1os compartieron una jornada divertida, realizando diferentes actividades recreativas con animaci\u00f3n, y recibiendo a modo de regalo viandas con golosinas y dem\u00e1s presentes.<\/p>\n\n\n\n<p>En este sentido, Stella Mirolo expres\u00f3 la alegr\u00eda de poder realizar esta actividad, que se lleva a cabo todos los a\u00f1os, despu\u00e9s de un a\u00f1o en pausa, donde no se puedo hacer cierta jornada, y dijo: \u201cContentos de poder realizar las jornadas recreativas este a\u00f1o, las cuales pens\u00e1bamos que no se iban a poder realizar, pero afortunadamente, nos encontramos aqu\u00ed, respetando todos los protocolos como las burbujas, con un grupo reducido de ni\u00f1os acompa\u00f1ados por las \u00e1reas especiales\u201d.<\/p>\n\n\n\n<p>Asimismo, dijo que \u201ccumpliendo con el objetivo de esta actividad, que es trabajar las inteligencias m\u00faltiples y que nuestros ni\u00f1os puedan bailar, cantar, y sobre todo, en estos tiempos que despu\u00e9s de una dura cuarentena, ellos no estuvieron en contacto con sus compa\u00f1eros y sus se\u00f1oritas. Tal es as\u00ed, que al realizar estas actividades resaltamos y remarcamos la importancia de la socializaci\u00f3n para nuestros peque\u00f1os\u201d.<\/p>\n","protected":false},"excerpt":{"rendered":"<p>La Subsecretar\u00eda de Educaci\u00f3n y Cultura, desarroll\u00f3 jornadas recreativas en todos los jardines de infantes dependientes de la Municipalidad de La Banda, en el marco del mes de las infancias.<\/p>\n","protected":false},"author":2,"featured_media":26311,"comment_status":"open","ping_status":"open","sticky":false,"template":"","format":"standard","meta":{"om_disable_all_campaigns":false,"_monsterinsights_skip_tracking":false,"_monsterinsights_sitenote_active":false,"_monsterinsights_sitenote_note":"","_monsterinsights_sitenote_category":0,"_uf_show_specific_survey":0,"_uf_disable_surveys":false,"jetpack_post_was_ever_published":false,"_jetpack_newsletter_access":"","_jetpack_dont_email_post_to_subs":false,"_jetpack_newsletter_tier_id":0,"_jetpack_memberships_contains_paywalled_content":false,"_jetpack_memberships_contains_paid_content":false,"footnotes":"","jetpack_publicize_message":"","jetpack_publicize_feature_enabled":true,"jetpack_social_post_already_shared":false,"jetpack_social_options":{"image_generator_settings":{"template":"highway","default_image_id":0,"font":"","enabled":false},"version":2}},"categories":[19],"tags":[],"class_list":["post-26310","post","type-post","status-publish","format-standard","has-post-thumbnail","hentry","category-educacion"],"aioseo_notices":[],"views":7,"jetpack_publicize_connections":[],"jetpack_featured_media_url":"https:\/\/i0.wp.com\/elterritorialweb.com.ar\/web\/wp-content\/uploads\/2021\/08\/JARDINES-DE-LA-BANDA.jpeg?fit=1030%2C579&ssl=1","jetpack_sharing_enabled":true,"_links":{"self":[{"href":"https:\/\/elterritorialweb.com.ar\/web\/wp-json\/wp\/v2\/posts\/26310","targetHints":{"allow":["GET"]}}],"collection":[{"href":"https:\/\/elterritorialweb.com.ar\/web\/wp-json\/wp\/v2\/posts"}],"about":[{"href":"https:\/\/elterritorialweb.com.ar\/web\/wp-json\/wp\/v2\/types\/post"}],"author":[{"embeddable":true,"href":"https:\/\/elterritorialweb.com.ar\/web\/wp-json\/wp\/v2\/users\/2"}],"replies":[{"embeddable":true,"href":"https:\/\/elterritorialweb.com.ar\/web\/wp-json\/wp\/v2\/comments?post=26310"}],"version-history":[{"count":1,"href":"https:\/\/elterritorialweb.com.ar\/web\/wp-json\/wp\/v2\/posts\/26310\/revisions"}],"predecessor-version":[{"id":26312,"href":"https:\/\/elterritorialweb.com.ar\/web\/wp-json\/wp\/v2\/posts\/26310\/revisions\/26312"}],"wp:featuredmedia":[{"embeddable":true,"href":"https:\/\/elterritorialweb.com.ar\/web\/wp-json\/wp\/v2\/media\/26311"}],"wp:attachment":[{"href":"https:\/\/elterritorialweb.com.ar\/web\/wp-json\/wp\/v2\/media?parent=26310"}],"wp:term":[{"taxonomy":"category","embeddable":true,"href":"https:\/\/elterritorialweb.com.ar\/web\/wp-json\/wp\/v2\/categories?post=26310"},{"taxonomy":"post_tag","embeddable":true,"href":"https:\/\/elterritorialweb.com.ar\/web\/wp-json\/wp\/v2\/tags?post=26310"}],"curies":[{"name":"wp","href":"https:\/\/api.w.org\/{rel}","templated":true}]}}