{"id":26323,"date":"2021-08-21T21:11:09","date_gmt":"2021-08-21T21:11:09","guid":{"rendered":"http:\/\/elterritorialweb.com.ar\/web\/?p=26323"},"modified":"2021-08-21T21:11:09","modified_gmt":"2021-08-21T21:11:09","slug":"cargos-y-horas-catedras-titulares-y-suplentes-del-primer-grado-del-escalafon","status":"publish","type":"post","link":"https:\/\/elterritorialweb.com.ar\/web\/cargos-y-horas-catedras-titulares-y-suplentes-del-primer-grado-del-escalafon\/","title":{"rendered":"CARGOS Y HORAS C\u00c1TEDRAS TITULARES Y SUPLENTES DEL PRIMER GRADO DEL ESCALAF\u00d3N"},"content":{"rendered":"\n<p>Los ofrecimientos se realizar\u00e1n conforme al LOM 2021 y las pautas establecidas en la Resoluci\u00f3n N\u00b0 320\/2021, en forma progresiva respetando las medidas sanitarias establecidas para frenar el avance del COVID-19.<\/p>\n\n\n\n<p><strong>Nivel Inicial<\/strong><\/p>\n\n\n\n<p>1-Jard\u00edn de Infantes N\u00ba 172&nbsp; Dr. J. F. L. Castiglione&nbsp; &#8211; REGI\u00d3N 1 &#8211; Santiago del Estero, Dpto. Capital<\/p>\n\n\n\n<p>2- Jard\u00edn de Infantes N\u00ba 103&nbsp; Santiaguito \u2013 REGI\u00d3N 1 &#8211; Santiago del Estero, Dpto. Capital<\/p>\n\n\n\n<p>3- Jard\u00edn de Infantes N\u00ba 20&nbsp; Ositos Cari\u00f1osos &#8211; REGI\u00d3N 8 &#8211; Ojo de Agua, Dpto. Ojo de Agua<\/p>\n\n\n\n<p><strong>Nivel Primario<\/strong><\/p>\n\n\n\n<p>1- Escuela N\u00b0 464 &#8211; Jornada Simple (Regi\u00f3n I) &#8211; La Paloma, Dpto. Atamisqui<\/p>\n\n\n\n<p>2-Escuela N\u00ba 252 Jos\u00e9 Bravo de Rueda&nbsp; &#8211; Jornada Simple (Regi\u00f3n II) &#8211; Buey Muerto, Dpto. Robles<\/p>\n\n\n\n<p>3- Escuela Infantil N\u00b0 407 Ricardo Rojas &#8211; Jornada Simple (Regi\u00f3n I) Santiago del Estero, Dpto. Capital<\/p>\n\n\n\n<p>4-Escuela N\u00b0 982 &#8211; Jornada Simple (Regi\u00f3n VIII) \u2013 Sumampa, Dpto. Quebrachos<\/p>\n\n\n\n<p>5-Escuela N\u00ba 375&nbsp; Mercedes Salaberry de Irurzun &#8211; Jornada Completa &#8211; La Banda,&nbsp; Dpto. Banda<\/p>\n\n\n\n<p>6-Escuela N\u00b0 673 Fuerzas Armadas &#8211; Jornada Simple (Regi\u00f3n III) &#8211; Termas de R\u00edo Hondo, Dpto. R\u00edo Hondo<\/p>\n\n\n\n<p>7-Escuela N\u00ba 32 Pedro Firmo \u00danzaga &#8211; Jornada Simple (Regi\u00f3n I) \u2013 Maco, Dpto. Capital<\/p>\n\n\n\n<p>8-Escuela N\u00b0 754 Dr. Jos\u00e9 Mar\u00eda Ramos Mej\u00eda &#8211; Jornada Simple (Regi\u00f3n II) &#8211; Clodomira Dpto. Banda<\/p>\n\n\n\n<p>9-Escuela N\u00b0 418 Jos\u00e9 Ra\u00fal Villagr\u00e1n &#8211; Jornada Simple (Regi\u00f3n III) &#8211; Nueva Esperanza, Dpto. Pellegrini<\/p>\n\n\n\n<p>10-Centro Experimental N\u00b0 7 Nicol\u00e1s Avellaneda&nbsp; &#8211; Jornada Simple (Regi\u00f3n I) &#8211; Santiago del Estero,&nbsp; Dpto. Capital<\/p>\n\n\n\n<p>11-Escuela N\u00b0 328 Pablo Ra\u00fal Trullenque &#8211;&nbsp; Jornada Simple (Regi\u00f3n II) &#8211; Colonia Gamara, Dpto. Banda<\/p>\n\n\n\n<p><strong>Nivel Secundario<\/strong><\/p>\n\n\n\n<p>1-Inst. \u00abMieccio Osvaldo Lagazzi\u00bb- Sol de Julio, Dpto. Ojo De Agua<\/p>\n\n\n\n<p>2-Escuela \u00abFrancisca Jacques\u00bb &#8211; Santiago del Estero, Dpto. Capital<\/p>\n\n\n\n<p>3-Escuela T\u00e9cnica N\u00ba 6 \u00abCte. Manuel Besares\u00bb &#8211; La Banda, Dpto. Banda<\/p>\n\n\n\n<p>4-Escuela T\u00e9cnica N\u00ba 11 \u00abIndependencia\u00bb \u2013 Sgo. del Estero, Dpto. Capital<\/p>\n\n\n\n<p>5-Escuela T\u00e9cnica N\u00ba 2 \u00abSantiago Barabino\u00bb &#8211; La Banda, Dpto. Banda<\/p>\n\n\n\n<p>6-Colegio Fundaci\u00f3n Cultural \u00abLa Brasa\u00bb \u2013 Sgo. del Estero, Dpto. Capital<\/p>\n\n\n\n<p>7-Agrupamiento N\u00ba 86157 \u2013 Mail\u00edn, Dpto. Avellaneda<\/p>\n\n\n\n<p>8- Colegio Secundario \u00abTrist\u00e1n Adri\u00e1n Malbr\u00e1n\u00bb \u2013 Malbr\u00e1n, Dpto. Aguirre<\/p>\n\n\n\n<p>9-Esc. Sec. Sor Antonia de Paz y Figueroa \u2013 Sgo. del Estero, Dpto. Capital<\/p>\n\n\n\n<p>10-Colegio Agrot\u00e9cnico N\u00ba 3 \u00abRep\u00fablica de Venezuela\u00bb \u2013 Herrera, Dpto. Avellaneda<\/p>\n\n\n\n<p>11- Agrupamiento N\u00ba 86146\/142 \u2013 Puesto de Juanes, Dpto. Loreto<\/p>\n\n\n\n<p>12- Colegio Agrot\u00e9cnico N\u00ba 2 \u00abMar\u00eda Auxiliadora\u00bb &#8211; Nueva Esperanza, Dpto. Pellegrini<\/p>\n\n\n\n<p>13-Colegio Secundario \u00abWeisburd\u00bb \u2013 Weisburd, Dpto. Moreno<\/p>\n\n\n\n<p>14- C.E.N.S. N\u00ba 1 &#8211; Santiago del Estero, Dpto.&nbsp; Capital<\/p>\n\n\n\n<p>15- Colegio Fort\u00edn Inca &#8211; Fort\u00edn Inca, Dpto. Belgrano<\/p>\n\n\n\n<p>16-Escuela de Comercio \u00abGral. Jos\u00e9 de San Mart\u00edn\u00bb &#8211; La Banda, Dpto. Banda<\/p>\n\n\n\n<p>17- Colegio Las Delicias \u2013 Las Delicias, Dpto. Pellegrini<\/p>\n\n\n\n<p>18-Agrupamiento N\u00ba 86047 \u2013 Lujan, Dpto. Guasay\u00e1n<\/p>\n\n\n\n<p>19 Agrupamiento N\u00ba 86016 &#8211; Lote 5, Dpto. General Taboada<\/p>\n\n\n\n<p><strong>Nivel Superior<\/strong><\/p>\n\n\n\n<p>1.&nbsp;&nbsp;&nbsp;&nbsp;&nbsp;&nbsp;&nbsp; ISBA Yapar\u00ed \u2013 Sgo. del Estero, Dpto. Capital &#8211; (Niv Sup. y Niv Sec)<\/p>\n\n\n\n<p>2.&nbsp;&nbsp;&nbsp;&nbsp;&nbsp;&nbsp;&nbsp; IFD 20 \u2013 Bandera, Dpto. Belgrano<\/p>\n\n\n\n<p>3.&nbsp;&nbsp;&nbsp;&nbsp;&nbsp;&nbsp;&nbsp; Escuela Normal \u00abRep\u00fablica del Ecuador\u00bb Fr\u00edas,&nbsp; Dpto. Choya<\/p>\n\n\n\n<p>4.&nbsp;&nbsp;&nbsp;&nbsp;&nbsp;&nbsp;&nbsp; CENT N\u00b0 1 \u2013 Sgo. del Estero, Dpto. Capital<\/p>\n\n\n\n<p>5.&nbsp;&nbsp;&nbsp;&nbsp;&nbsp;&nbsp;&nbsp; Escuela Normal \u00abManuel Belgrano\u00bb \u2013 Sgo. del Estero, Dpto. Capital<\/p>\n\n\n\n<p><strong>Nivel Secundario<\/strong><\/p>\n\n\n\n<p>6.&nbsp;&nbsp;&nbsp;&nbsp;&nbsp;&nbsp;&nbsp; Escuela Normal \u00abManuel Belgrano\u00bb \u2013 Sgo. del Estero,Dpto. Capital<\/p>\n\n\n\n<p>7.&nbsp;&nbsp;&nbsp;&nbsp;&nbsp;&nbsp;&nbsp; Escuela Normal \u00abRep\u00fablica del Ecuador\u00bb &#8211; Fr\u00edas , Dpto. Choya<\/p>\n\n\n\n<p>8.&nbsp;&nbsp;&nbsp;&nbsp;&nbsp;&nbsp;&nbsp; Escuela Normal Superior \u00abDr. Jos\u00e9 Benjam\u00edn Gorostiaga\u00bb &#8211; La Banda, Dpto. Banda<\/p>\n\n\n\n<p>9.&nbsp;&nbsp;&nbsp;&nbsp;&nbsp;&nbsp;&nbsp; ISBA Yapar\u00ed \u2013 Sgo. del Estero, Dpto. Capital<\/p>\n\n\n\n<p><strong>Departamento de Aplicaci\u00f3n Esc. Normales<\/strong><\/p>\n\n\n\n<p>10.&nbsp;&nbsp;&nbsp;&nbsp;&nbsp; Escuela Normal Superior \u00abDr. Jos\u00e9 Benjam\u00edn Gorostiaga\u00bb La Banda, Dpto. Banda<\/p>\n","protected":false},"excerpt":{"rendered":"<p>El Consejo General de Educaci\u00f3n comunica a los docentes de los Niveles  Inicial, Primario, Secundario y Superior,  que a partir  de las 00 hs. del d\u00eda S\u00e1bado 21 y hasta las 23:59 hs. del d\u00eda Domingo 22 de Agosto de 2021, se realizar\u00e1 el OFRECIMIENTO de Cargos y Horas C\u00e1tedra Titulares y Suplentes del primer grado del escalaf\u00f3n de los establecimientos educativos de los  Niveles  Inicial, Primario, Secundario y Superior en el sistema \u201cConsejo Virtual\u201d, ingresando en el Portal Oficial del CGE www.cgesantiago.gob.ar &#8211; Secci\u00f3n \u201cConsejo virtual\u201d. <\/p>\n","protected":false},"author":2,"featured_media":18585,"comment_status":"open","ping_status":"open","sticky":false,"template":"","format":"standard","meta":{"om_disable_all_campaigns":false,"_monsterinsights_skip_tracking":false,"_monsterinsights_sitenote_active":false,"_monsterinsights_sitenote_note":"","_monsterinsights_sitenote_category":0,"_uf_show_specific_survey":0,"_uf_disable_surveys":false,"jetpack_post_was_ever_published":false,"_jetpack_newsletter_access":"","_jetpack_dont_email_post_to_subs":false,"_jetpack_newsletter_tier_id":0,"_jetpack_memberships_contains_paywalled_content":false,"_jetpack_memberships_contains_paid_content":false,"footnotes":"","jetpack_publicize_message":"","jetpack_publicize_feature_enabled":true,"jetpack_social_post_already_shared":false,"jetpack_social_options":{"image_generator_settings":{"template":"highway","default_image_id":0,"font":"","enabled":false},"version":2}},"categories":[19],"tags":[],"class_list":["post-26323","post","type-post","status-publish","format-standard","has-post-thumbnail","hentry","category-educacion"],"aioseo_notices":[],"views":9,"jetpack_publicize_connections":[],"jetpack_featured_media_url":"https:\/\/i0.wp.com\/elterritorialweb.com.ar\/web\/wp-content\/uploads\/2021\/03\/CONSEJO-DE-EDUCACION.jpg?fit=1500%2C850&ssl=1","jetpack_sharing_enabled":true,"_links":{"self":[{"href":"https:\/\/elterritorialweb.com.ar\/web\/wp-json\/wp\/v2\/posts\/26323","targetHints":{"allow":["GET"]}}],"collection":[{"href":"https:\/\/elterritorialweb.com.ar\/web\/wp-json\/wp\/v2\/posts"}],"about":[{"href":"https:\/\/elterritorialweb.com.ar\/web\/wp-json\/wp\/v2\/types\/post"}],"author":[{"embeddable":true,"href":"https:\/\/elterritorialweb.com.ar\/web\/wp-json\/wp\/v2\/users\/2"}],"replies":[{"embeddable":true,"href":"https:\/\/elterritorialweb.com.ar\/web\/wp-json\/wp\/v2\/comments?post=26323"}],"version-history":[{"count":1,"href":"https:\/\/elterritorialweb.com.ar\/web\/wp-json\/wp\/v2\/posts\/26323\/revisions"}],"predecessor-version":[{"id":26324,"href":"https:\/\/elterritorialweb.com.ar\/web\/wp-json\/wp\/v2\/posts\/26323\/revisions\/26324"}],"wp:featuredmedia":[{"embeddable":true,"href":"https:\/\/elterritorialweb.com.ar\/web\/wp-json\/wp\/v2\/media\/18585"}],"wp:attachment":[{"href":"https:\/\/elterritorialweb.com.ar\/web\/wp-json\/wp\/v2\/media?parent=26323"}],"wp:term":[{"taxonomy":"category","embeddable":true,"href":"https:\/\/elterritorialweb.com.ar\/web\/wp-json\/wp\/v2\/categories?post=26323"},{"taxonomy":"post_tag","embeddable":true,"href":"https:\/\/elterritorialweb.com.ar\/web\/wp-json\/wp\/v2\/tags?post=26323"}],"curies":[{"name":"wp","href":"https:\/\/api.w.org\/{rel}","templated":true}]}}