{"id":26328,"date":"2021-08-21T22:02:54","date_gmt":"2021-08-21T22:02:54","guid":{"rendered":"http:\/\/elterritorialweb.com.ar\/web\/?p=26328"},"modified":"2021-08-21T22:04:37","modified_gmt":"2021-08-21T22:04:37","slug":"guemes-lucho-hasta-el-final-pero-no-le-pudo-empatar-a-barracas","status":"publish","type":"post","link":"https:\/\/elterritorialweb.com.ar\/web\/guemes-lucho-hasta-el-final-pero-no-le-pudo-empatar-a-barracas\/","title":{"rendered":"G\u00dcEMES LUCH\u00d3 HASTA EL FINAL, PERO NO LE PUDO EMPATAR A BARRACAS QUE LE SAC\u00d3 EL LIDERAZGO"},"content":{"rendered":"\n<p>El\u00a0<strong>Gaucho\u00a0<\/strong>llegaba al encuentro como l\u00edder ante el\u00a0<strong>Guapo\u00a0<\/strong>en el duelo m\u00e1s atractivo de la 22\u00aa fecha.<\/p>\n\n\n\n<p>En un partido parejo, la \u00fanica emoci\u00f3n lleg\u00f3 a los dos minutos del complemento, cuando&nbsp;<strong>Leonel Buter&nbsp;<\/strong>conect\u00f3 un centro de cabeza para vencer a&nbsp;<strong>Salv\u00e1&nbsp;<\/strong>y estampar el 1-0 que no se ir\u00eda a modificar.<\/p>\n\n\n\n<p><strong>G\u00fcemes&nbsp;<\/strong>lo busc\u00f3 hasta el final pero le falt\u00f3 claridad en los metros finales para llegar con peligro al arco de&nbsp;<strong>Monllor<\/strong>.<\/p>\n\n\n\n<figure class=\"wp-block-image size-large\"><a href=\"https:\/\/i0.wp.com\/elterritorialweb.com.ar\/web\/wp-content\/uploads\/2021\/08\/GUEMES-BARRACAS.jpg\"><img data-recalc-dims=\"1\" decoding=\"async\" width=\"640\" height=\"360\" data-src=\"https:\/\/i0.wp.com\/elterritorialweb.com.ar\/web\/wp-content\/uploads\/2021\/08\/GUEMES-BARRACAS.jpg?resize=640%2C360\" alt=\"\" class=\"wp-image-26330 lazyload\" data-srcset=\"https:\/\/i0.wp.com\/elterritorialweb.com.ar\/web\/wp-content\/uploads\/2021\/08\/GUEMES-BARRACAS.jpg?resize=1024%2C576&amp;ssl=1 1024w, https:\/\/i0.wp.com\/elterritorialweb.com.ar\/web\/wp-content\/uploads\/2021\/08\/GUEMES-BARRACAS.jpg?resize=300%2C169&amp;ssl=1 300w, https:\/\/i0.wp.com\/elterritorialweb.com.ar\/web\/wp-content\/uploads\/2021\/08\/GUEMES-BARRACAS.jpg?resize=768%2C432&amp;ssl=1 768w, https:\/\/i0.wp.com\/elterritorialweb.com.ar\/web\/wp-content\/uploads\/2021\/08\/GUEMES-BARRACAS.jpg?w=1280&amp;ssl=1 1280w\" data-sizes=\"(max-width: 640px) 100vw, 640px\" src=\"data:image\/svg+xml;base64,PHN2ZyB3aWR0aD0iMSIgaGVpZ2h0PSIxIiB4bWxucz0iaHR0cDovL3d3dy53My5vcmcvMjAwMC9zdmciPjwvc3ZnPg==\" style=\"--smush-placeholder-width: 640px; --smush-placeholder-aspect-ratio: 640\/360;\" \/><\/a><\/figure>\n\n\n\n<p>En el elenco bonaerense se produjo el regreso de\u00a0<strong>Fernando<\/strong>\u00a0<strong>Valenzuela<\/strong>. El delantero santiague\u00f1o volvi\u00f3 tras su paso por el f\u00fatbol europeo y tuvo la chance de liquidar el pleito con un zurdazo que se fue muy cerca del palo derecho.<\/p>\n\n\n\n<p>El pitazo final decret\u00f3 la primera derrota del equipo de<strong>\u00a0Pablo Martel\u00a0<\/strong>en condici\u00f3n de visitante, que adem\u00e1s lo deja sin la punta del torneo, que ahora qued\u00f3 en manos del equipo dirigido por<strong>\u00a0Rodolfo De Paoli.<\/strong><\/p>\n\n\n\n<p>En la pr\u00f3xima fecha, el\u00a0<strong>Gaucho\u00a0<\/strong>recibir\u00e1 a<strong>\u00a0Independiente Rivadavia de Mendoza\u00a0<\/strong>el viernes desde las 20.10 en el<strong>\u00a0Estadio \u00danico \u201cMadre de Ciudades\u201d.<\/strong><\/p>\n\n\n\n<figure class=\"wp-block-embed is-type-wp-embed is-provider-streamable wp-block-embed-streamable\"><div class=\"wp-block-embed__wrapper\">\nhttps:\/\/streamable.com\/kwpbda\n<\/div><\/figure>\n","protected":false},"excerpt":{"rendered":"<p>G\u00fcemes cay\u00f3 por 1 a 0 esta tarde en su visita a Barracas Central, que le arrebat\u00f3 la punta de la Zona B de la Primera Nacional.<\/p>\n","protected":false},"author":2,"featured_media":26329,"comment_status":"open","ping_status":"open","sticky":false,"template":"","format":"standard","meta":{"om_disable_all_campaigns":false,"_monsterinsights_skip_tracking":false,"_monsterinsights_sitenote_active":false,"_monsterinsights_sitenote_note":"","_monsterinsights_sitenote_category":0,"_uf_show_specific_survey":0,"_uf_disable_surveys":false,"jetpack_post_was_ever_published":false,"_jetpack_newsletter_access":"","_jetpack_dont_email_post_to_subs":false,"_jetpack_newsletter_tier_id":0,"_jetpack_memberships_contains_paywalled_content":false,"_jetpack_memberships_contains_paid_content":false,"footnotes":"","jetpack_publicize_message":"","jetpack_publicize_feature_enabled":true,"jetpack_social_post_already_shared":false,"jetpack_social_options":{"image_generator_settings":{"template":"highway","default_image_id":0,"font":"","enabled":false},"version":2}},"categories":[6],"tags":[],"class_list":["post-26328","post","type-post","status-publish","format-standard","has-post-thumbnail","hentry","category-deportes"],"aioseo_notices":[],"views":11,"jetpack_publicize_connections":[],"jetpack_featured_media_url":"https:\/\/i0.wp.com\/elterritorialweb.com.ar\/web\/wp-content\/uploads\/2021\/08\/GUEMES-BARRACAS-1.jpg?fit=680%2C382&ssl=1","jetpack_sharing_enabled":true,"_links":{"self":[{"href":"https:\/\/elterritorialweb.com.ar\/web\/wp-json\/wp\/v2\/posts\/26328","targetHints":{"allow":["GET"]}}],"collection":[{"href":"https:\/\/elterritorialweb.com.ar\/web\/wp-json\/wp\/v2\/posts"}],"about":[{"href":"https:\/\/elterritorialweb.com.ar\/web\/wp-json\/wp\/v2\/types\/post"}],"author":[{"embeddable":true,"href":"https:\/\/elterritorialweb.com.ar\/web\/wp-json\/wp\/v2\/users\/2"}],"replies":[{"embeddable":true,"href":"https:\/\/elterritorialweb.com.ar\/web\/wp-json\/wp\/v2\/comments?post=26328"}],"version-history":[{"count":3,"href":"https:\/\/elterritorialweb.com.ar\/web\/wp-json\/wp\/v2\/posts\/26328\/revisions"}],"predecessor-version":[{"id":26333,"href":"https:\/\/elterritorialweb.com.ar\/web\/wp-json\/wp\/v2\/posts\/26328\/revisions\/26333"}],"wp:featuredmedia":[{"embeddable":true,"href":"https:\/\/elterritorialweb.com.ar\/web\/wp-json\/wp\/v2\/media\/26329"}],"wp:attachment":[{"href":"https:\/\/elterritorialweb.com.ar\/web\/wp-json\/wp\/v2\/media?parent=26328"}],"wp:term":[{"taxonomy":"category","embeddable":true,"href":"https:\/\/elterritorialweb.com.ar\/web\/wp-json\/wp\/v2\/categories?post=26328"},{"taxonomy":"post_tag","embeddable":true,"href":"https:\/\/elterritorialweb.com.ar\/web\/wp-json\/wp\/v2\/tags?post=26328"}],"curies":[{"name":"wp","href":"https:\/\/api.w.org\/{rel}","templated":true}]}}