{"id":26334,"date":"2021-08-21T22:26:39","date_gmt":"2021-08-21T22:26:39","guid":{"rendered":"http:\/\/elterritorialweb.com.ar\/web\/?p=26334"},"modified":"2021-08-21T22:26:39","modified_gmt":"2021-08-21T22:26:39","slug":"central-cordoba-no-pudo-mantener-la-ventaja-y-platense-le-empato-el-partido","status":"publish","type":"post","link":"https:\/\/elterritorialweb.com.ar\/web\/central-cordoba-no-pudo-mantener-la-ventaja-y-platense-le-empato-el-partido\/","title":{"rendered":"CENTRAL C\u00d3RDOBA NO PUDO MANTENER LA VENTAJA Y PLATENSE LE EMPAT\u00d3 EL PARTIDO"},"content":{"rendered":"\n<p><strong>Central C\u00f3rdoba&nbsp;<\/strong>empat\u00f3 esta tarde 2-2 con&nbsp;<strong>Platense&nbsp;<\/strong>por la 7\u00aa fecha de la&nbsp;<strong>Liga Profesional.<\/strong><\/p>\n\n\n\n<p>El\u00a0<strong>Ferro<\/strong>, que ven\u00eda de caer ante\u00a0<strong>Patronato<\/strong>, llegaba al duelo con la necesidad de reencontrarse con la victoria en el\u00a0<strong>Estadio \u00danico.<\/strong><\/p>\n\n\n\n<p>Y en el primer tiempo el equipo de&nbsp;<strong>Gustavo Coleoni&nbsp;<\/strong>mostr\u00f3 una versi\u00f3n s\u00f3lida y peg\u00f3 dos veces, para irse arriba en el marcador al descanso.<\/p>\n\n\n\n<figure class=\"wp-block-image size-full\"><a href=\"https:\/\/i0.wp.com\/elterritorialweb.com.ar\/web\/wp-content\/uploads\/2021\/08\/central-platense-1.jpg\"><img data-recalc-dims=\"1\" decoding=\"async\" width=\"640\" height=\"427\" data-src=\"https:\/\/i0.wp.com\/elterritorialweb.com.ar\/web\/wp-content\/uploads\/2021\/08\/central-platense-1.jpg?resize=640%2C427\" alt=\"\" class=\"wp-image-26336 lazyload\" data-srcset=\"https:\/\/i0.wp.com\/elterritorialweb.com.ar\/web\/wp-content\/uploads\/2021\/08\/central-platense-1.jpg?w=1024&amp;ssl=1 1024w, https:\/\/i0.wp.com\/elterritorialweb.com.ar\/web\/wp-content\/uploads\/2021\/08\/central-platense-1.jpg?resize=300%2C200&amp;ssl=1 300w, https:\/\/i0.wp.com\/elterritorialweb.com.ar\/web\/wp-content\/uploads\/2021\/08\/central-platense-1.jpg?resize=768%2C512&amp;ssl=1 768w\" data-sizes=\"(max-width: 640px) 100vw, 640px\" src=\"data:image\/svg+xml;base64,PHN2ZyB3aWR0aD0iMSIgaGVpZ2h0PSIxIiB4bWxucz0iaHR0cDovL3d3dy53My5vcmcvMjAwMC9zdmciPjwvc3ZnPg==\" style=\"--smush-placeholder-width: 640px; --smush-placeholder-aspect-ratio: 640\/427;\" \/><\/a><\/figure>\n\n\n\n<p>A los 17 minutos,\u00a0<strong>Milton Gim\u00e9nez\u00a0<\/strong>ingres\u00f3 al \u00e1rea, se fren\u00f3, pens\u00f3, y se la cedi\u00f3 a\u00a0<strong>Silvio Mart\u00ednez<\/strong>, quien abri\u00f3 el marcador con un zurdazo rasante.\u00a0<\/p>\n\n\n\n<p>Dos minutos despu\u00e9s, apareci\u00f3 otra vez en el \u00e1rea calamar para pararla de pecho y sacar un derechazo que dej\u00f3 sin chances de\u00a0<strong>De Olivera<\/strong>. El\u00a0<strong>Ferro\u00a0<\/strong>festejaba y parec\u00eda encaminarse a un triunfo c\u00f3modo.<\/p>\n\n\n\n<p>Sin embargo, todo cambi\u00f3 en el segundo tiempo. A los 5 minutos\u00a0<strong>Platense\u00a0<\/strong>descont\u00f3 con un verdadero golazo de\u00a0<strong>Augusto Schott<\/strong>, que sorprendi\u00f3 a Rigamonti con un remate espectacular de media distancia. El gol le dio impulso a un elenco visitante que no hab\u00eda hecho demasiado. Y cuatro minutos m\u00e1s tarde,\u00a0<strong>Gonzalo Bettini\u00a0<\/strong>desvi\u00f3 un remate de media chilena de\u00a0<strong>Mansilla<\/strong>, decretando el 2-2.<\/p>\n\n\n\n<figure class=\"wp-block-image size-full\"><a href=\"https:\/\/i0.wp.com\/elterritorialweb.com.ar\/web\/wp-content\/uploads\/2021\/08\/central-platense-2.jpg\"><img data-recalc-dims=\"1\" decoding=\"async\" width=\"640\" height=\"427\" data-src=\"https:\/\/i0.wp.com\/elterritorialweb.com.ar\/web\/wp-content\/uploads\/2021\/08\/central-platense-2.jpg?resize=640%2C427\" alt=\"\" class=\"wp-image-26337 lazyload\" data-srcset=\"https:\/\/i0.wp.com\/elterritorialweb.com.ar\/web\/wp-content\/uploads\/2021\/08\/central-platense-2.jpg?w=1024&amp;ssl=1 1024w, https:\/\/i0.wp.com\/elterritorialweb.com.ar\/web\/wp-content\/uploads\/2021\/08\/central-platense-2.jpg?resize=300%2C200&amp;ssl=1 300w, https:\/\/i0.wp.com\/elterritorialweb.com.ar\/web\/wp-content\/uploads\/2021\/08\/central-platense-2.jpg?resize=768%2C512&amp;ssl=1 768w\" data-sizes=\"(max-width: 640px) 100vw, 640px\" src=\"data:image\/svg+xml;base64,PHN2ZyB3aWR0aD0iMSIgaGVpZ2h0PSIxIiB4bWxucz0iaHR0cDovL3d3dy53My5vcmcvMjAwMC9zdmciPjwvc3ZnPg==\" style=\"--smush-placeholder-width: 640px; --smush-placeholder-aspect-ratio: 640\/427;\" \/><\/a><\/figure>\n\n\n\n<p>Tras el empate el partido se hizo de ida y vuelta y estuvo para cualquiera, con chances en ambos arcos.<\/p>\n\n\n\n<p>Finalmente terminaron dividiendo puntos con un empate con sabor a poco para&nbsp;<strong>Central C\u00f3rdoba<\/strong>, que no lo pudo sostener y se tuvo que conformar con un punto.<\/p>\n\n\n\n<p>El\u00a0<strong>Ferro<\/strong>, que no gana hace cuatro partidos, visitar\u00e1 el martes a\u00a0<strong>Racing\u00a0<\/strong>desde las 21 en\u00a0<strong>Avellaneda<\/strong>.<\/p>\n\n\n\n<figure class=\"wp-block-embed is-type-video is-provider-youtube wp-block-embed-youtube wp-embed-aspect-16-9 wp-has-aspect-ratio\"><div class=\"wp-block-embed__wrapper\">\n<iframe title=\"#TorneoSocios | Fecha 7 | resumen de Central C\u00f3rdoba - Platense\" width=\"640\" height=\"360\" data-src=\"https:\/\/www.youtube.com\/embed\/ieLVAt-WaVs?feature=oembed\" frameborder=\"0\" allow=\"accelerometer; autoplay; clipboard-write; encrypted-media; gyroscope; picture-in-picture; web-share\" referrerpolicy=\"strict-origin-when-cross-origin\" allowfullscreen src=\"data:image\/svg+xml;base64,PHN2ZyB3aWR0aD0iMSIgaGVpZ2h0PSIxIiB4bWxucz0iaHR0cDovL3d3dy53My5vcmcvMjAwMC9zdmciPjwvc3ZnPg==\" class=\"lazyload\" data-load-mode=\"1\"><\/iframe>\n<\/div><\/figure>\n","protected":false},"excerpt":{"rendered":"<p>El equipo del \u00abSapito\u00bb Coleoni lo ganaba por 2 a 0 en la primera etapa, pero el Calamar se lo empat\u00f3 en el complemento.<\/p>\n","protected":false},"author":2,"featured_media":26335,"comment_status":"open","ping_status":"open","sticky":false,"template":"","format":"standard","meta":{"om_disable_all_campaigns":false,"_monsterinsights_skip_tracking":false,"_monsterinsights_sitenote_active":false,"_monsterinsights_sitenote_note":"","_monsterinsights_sitenote_category":0,"_uf_show_specific_survey":0,"_uf_disable_surveys":false,"jetpack_post_was_ever_published":false,"_jetpack_newsletter_access":"","_jetpack_dont_email_post_to_subs":false,"_jetpack_newsletter_tier_id":0,"_jetpack_memberships_contains_paywalled_content":false,"_jetpack_memberships_contains_paid_content":false,"footnotes":"","jetpack_publicize_message":"","jetpack_publicize_feature_enabled":true,"jetpack_social_post_already_shared":false,"jetpack_social_options":{"image_generator_settings":{"template":"highway","default_image_id":0,"font":"","enabled":false},"version":2}},"categories":[6],"tags":[],"class_list":["post-26334","post","type-post","status-publish","format-standard","has-post-thumbnail","hentry","category-deportes"],"aioseo_notices":[],"views":2,"jetpack_publicize_connections":[],"jetpack_featured_media_url":"https:\/\/i0.wp.com\/elterritorialweb.com.ar\/web\/wp-content\/uploads\/2021\/08\/central-platense.jpg?fit=1422%2C948&ssl=1","jetpack_sharing_enabled":true,"_links":{"self":[{"href":"https:\/\/elterritorialweb.com.ar\/web\/wp-json\/wp\/v2\/posts\/26334","targetHints":{"allow":["GET"]}}],"collection":[{"href":"https:\/\/elterritorialweb.com.ar\/web\/wp-json\/wp\/v2\/posts"}],"about":[{"href":"https:\/\/elterritorialweb.com.ar\/web\/wp-json\/wp\/v2\/types\/post"}],"author":[{"embeddable":true,"href":"https:\/\/elterritorialweb.com.ar\/web\/wp-json\/wp\/v2\/users\/2"}],"replies":[{"embeddable":true,"href":"https:\/\/elterritorialweb.com.ar\/web\/wp-json\/wp\/v2\/comments?post=26334"}],"version-history":[{"count":1,"href":"https:\/\/elterritorialweb.com.ar\/web\/wp-json\/wp\/v2\/posts\/26334\/revisions"}],"predecessor-version":[{"id":26338,"href":"https:\/\/elterritorialweb.com.ar\/web\/wp-json\/wp\/v2\/posts\/26334\/revisions\/26338"}],"wp:featuredmedia":[{"embeddable":true,"href":"https:\/\/elterritorialweb.com.ar\/web\/wp-json\/wp\/v2\/media\/26335"}],"wp:attachment":[{"href":"https:\/\/elterritorialweb.com.ar\/web\/wp-json\/wp\/v2\/media?parent=26334"}],"wp:term":[{"taxonomy":"category","embeddable":true,"href":"https:\/\/elterritorialweb.com.ar\/web\/wp-json\/wp\/v2\/categories?post=26334"},{"taxonomy":"post_tag","embeddable":true,"href":"https:\/\/elterritorialweb.com.ar\/web\/wp-json\/wp\/v2\/tags?post=26334"}],"curies":[{"name":"wp","href":"https:\/\/api.w.org\/{rel}","templated":true}]}}